{"id":6216,"date":"2024-10-07T09:21:58","date_gmt":"2024-10-07T07:21:58","guid":{"rendered":"https:\/\/semmelweis.hu\/csaladbarat\/?p=6216"},"modified":"2026-02-26T11:46:21","modified_gmt":"2026-02-26T10:46:21","slug":"hungarospa-thermal-hotel-hajduszoboszlo","status":"publish","type":"post","link":"https:\/\/semmelweis.hu\/csaladbarat\/2024\/10\/07\/hungarospa-thermal-hotel-hajduszoboszlo\/","title":{"rendered":"Hungarospa Thermal Hotel &#8211; Hajd\u00faszoboszl\u00f3"},"content":{"rendered":"<h5 style=\"text-align: justify\">Hajd\u00faszoboszl\u00f3 Magyarorsz\u00e1g legnagyobb f\u00fcrd\u0151v\u00e1rosa, ahol a gy\u00f3gyvizek k\u00fcl\u00f6nleges ereje m\u00e1r \u00e9vtizedek \u00f3ta vonzza a l\u00e1togat\u00f3kat.<\/h5>\n<p style=\"text-align: justify\">A v\u00e1ros h\u00edres term\u00e1lvize nemcsak a testi regener\u00e1l\u00f3d\u00e1st seg\u00edti, hanem kiv\u00e1l\u00f3 wellness \u00e9s spa \u00e9lm\u00e9nyeket is k\u00edn\u00e1l. Fedezze fel a Hungarospa F\u00fcrd\u0151komplexumot, ahol a csal\u00e1d minden tagja megtal\u00e1lja a sz\u00e1m\u00e1ra t\u00f6k\u00e9letes kikapcsol\u00f3d\u00e1st! Az Aqua-Palace fedett \u00e9lm\u00e9nyf\u00fcrd\u0151, gy\u00f3gyf\u00fcrd\u0151 \u00e9s v\u00e1ltozatos gasztron\u00f3miai kalandok mellett Hajd\u00faszoboszl\u00f3 pezsg\u0151 kultur\u00e1lis \u00e9lete is felejthetetlen programokat k\u00edn\u00e1l. Ha igazi felt\u00f6lt\u0151d\u00e9sre v\u00e1gyik, Hajd\u00faszoboszl\u00f3 a t\u00f6k\u00e9letes v\u00e1laszt\u00e1s!<\/p>\n<hr \/>\n<h5 style=\"text-align: center\">R\u00e1ad\u00e1sul a Semmelweis Polg\u00e1rok kikapcsol\u00f3d\u00e1s\u00e1t egyedi kedvezm\u00e9nnyel biztos\u00edtja a Hungarospa Thermal Hotel***.<\/h5>\n<p><strong>A Hungarospa Thermal Hotel \u00e1rai tartalmazz\u00e1k:<\/strong><\/p>\n<ul>\n<li>sz\u00e1ll\u00e1st f\u00e9lpanzi\u00f3val\u00a0(sv\u00e9dasztalos reggeli \u00e9s vacsora)<img loading=\"lazy\" decoding=\"async\" class=\"size-medium wp-image-6222 alignright\" src=\"https:\/\/semmelweis.hu\/csaladbarat\/files\/2024\/10\/hungarospa1-400x300.jpg\" alt=\"\" width=\"400\" height=\"300\" srcset=\"https:\/\/semmelweis.hu\/csaladbarat\/files\/2024\/10\/hungarospa1-400x300.jpg 400w, https:\/\/semmelweis.hu\/csaladbarat\/files\/2024\/10\/hungarospa1.jpg 500w\" sizes=\"auto, (max-width: 400px) 100vw, 400px\" \/><\/li>\n<li>sz\u00e1lloda k\u00fcls\u0151-, \u00e9s bels\u0151 gy\u00f3gyvizes medenc\u00e9inek haszn\u00e1lat\u00e1t<\/li>\n<li>szauna haszn\u00e1latot<\/li>\n<li style=\"text-align: justify\">korl\u00e1tlan \u00e1tj\u00e1r\u00e1si lehet\u0151s\u00e9get a Hungarospa strand-, \u00e9s gy\u00f3gyf\u00fcrd\u0151be (nyitvatart\u00e1s f\u00fcggv\u00e9ny\u00e9ben)<\/li>\n<li style=\"text-align: justify\">Aqua-Palace fedett \u00e9lm\u00e9nyf\u00fcrd\u0151 haszn\u00e1lat\u00e1t (kiv\u00e9ve elutaz\u00e1s napj\u00e1n)<\/li>\n<li style=\"text-align: justify\">szob\u00e1ba bek\u00e9sz\u00edtett f\u00fcrd\u0151k\u00f6penyt<\/li>\n<li style=\"text-align: justify\">wi-fi haszn\u00e1latot<\/li>\n<li style=\"text-align: justify\">parkol\u00e1si lehet\u0151s\u00e9get (a szabad kapacit\u00e1s f\u00fcggv\u00e9ny\u00e9ben)<\/li>\n<li style=\"text-align: justify\">Pr\u00e9mium Ny\u00e1r csomagunk keret\u00e9ben a Pr\u00e9mium Z\u00f3na \u00e9s az Aquapark bel\u00e9p\u0151jegyeit (\u00e9rkez\u00e9s napj\u00e1t kiv\u00e9ve minden nap)<br \/>\n<hr \/>\n<\/li>\n<\/ul>\n<h5 style=\"text-align: center\">Kedvezm\u00e9ny m\u00e9rt\u00e9ke:<\/h5>\n<h5 style=\"text-align: center\">15% kedvezm\u00e9ny (a f\u0151szezonon \u00e9s \u00fcnnepnapokon k\u00edv\u00fcl)\u00a0<\/h5>\n<h5 style=\"text-align: center\">Kedvezm\u00e9nyk\u00f3d: SW15<\/h5>\n<h5 style=\"text-align: center\">10% kedvezm\u00e9ny a kiemelt id\u0151szakokban<\/h5>\n<h5 style=\"text-align: center\">Kedvezm\u00e9nyk\u00f3d: SW10<\/h5>\n<h5 style=\"text-align: center\">A kedvezm\u00e9nyeket a HungaroSpa weboldalon t\u00f6rt\u00e9n\u0151 foglal\u00e1skor \u00e9rv\u00e9nyes\u00edthetik.<\/h5>\n<p style=\"text-align: justify\"><span style=\"color: #ff0000\"><strong>A kedvezm\u00e9ny kiz\u00e1r\u00f3lag jogosults\u00e1g eset\u00e9n vehet\u0151 ig\u00e9nybe, amelyet \u00e9rkez\u00e9skor a helysz\u00ednen igazolni sz\u00fcks\u00e9ges; ennek hi\u00e1ny\u00e1ban a kedvezm\u00e9ny nem \u00e9rv\u00e9nyes\u00edthet\u0151.<\/strong><\/span><\/p>\n<hr \/>\n<p><strong><em>Mi\u00e9rt v\u00e1lassza ezt a sz\u00e1llod\u00e1t hajd\u00faszoboszl\u00f3i pihen\u00e9se helysz\u00edn\u00e9\u00fcl?<\/em><\/strong><\/p>\n<p style=\"text-align: justify\">A Hungarospa Thermal Hotel a <strong>v\u00e1ros csendesebb r\u00e9sz\u00e9n<\/strong>, m\u00e9gis <strong>a strand t\u0151szomsz\u00e9ds\u00e1g\u00e1ban<\/strong>, p\u00e1r perc s\u00e9t\u00e1ra helyezkedik el a strandf\u00fcrd\u0151t\u0151l \u00e9s 10 perc s\u00e9t\u00e1val m\u00e1ris a v\u00e1rosk\u00f6zpont forgatag\u00e1ban tal\u00e1lhatja mag\u00e1t.<\/p>\n<p style=\"text-align: justify\"><strong><img loading=\"lazy\" decoding=\"async\" class=\"size-medium wp-image-6221 alignleft\" src=\"https:\/\/semmelweis.hu\/csaladbarat\/files\/2024\/10\/hungarospa6-400x267.jpg\" alt=\"\" width=\"400\" height=\"267\" srcset=\"https:\/\/semmelweis.hu\/csaladbarat\/files\/2024\/10\/hungarospa6-400x267.jpg 400w, https:\/\/semmelweis.hu\/csaladbarat\/files\/2024\/10\/hungarospa6-203x135.jpg 203w, https:\/\/semmelweis.hu\/csaladbarat\/files\/2024\/10\/hungarospa6.jpg 605w\" sizes=\"auto, (max-width: 400px) 100vw, 400px\" \/>T\u00f6bbf\u00e9le szobat\u00edpus<\/strong> \u00e1ll rendelkez\u00e9sre a t\u00f6k\u00e9letes pihen\u00e9shez \u00e9s kikapcsol\u00f3d\u00e1shoz, \u00edgy mindenki megtal\u00e1lja a sz\u00e1m\u00e1ra legoptim\u00e1lisabbat!<\/p>\n<p style=\"text-align: justify\">A sz\u00e1lloda ny\u00e1ri teraszos\u00a0\u00e9tterm\u00e9ben\u00a0a <strong>magyaros, a nemzetk\u00f6zi \u00e9s a reform konyha<\/strong> \u00e9telei v\u00e1rj\u00e1k reggel \u00e9s este.\u00a0<\/p>\n<p>A sz\u00e1llod\u00e1ban helyet kapott egy\u00a0<strong>saj\u00e1t gy\u00f3gy\u00e1szati r\u00e9szleg<\/strong>, ahol minden adott a gy\u00f3gyul\u00e1shoz.<\/p>\n<ul>\n<li style=\"text-align: justify\">A <strong>k\u00fcls\u0151- \u00e9s a bels\u0151 medenc\u00e9kben<\/strong> megm\u00e1rt\u00f3zhat a kellemes hajd\u00faszoboszl\u00f3i gy\u00f3gyv\u00edzben.<\/li>\n<li style=\"text-align: justify\">A helyi szakrendel\u00e9sen reumatol\u00f3gus \u00edrja fel a kezel\u00e9seket, melyek NEAK t\u00e1mogat\u00e1ssal igen kedvez\u0151 \u00e1ron el\u00e9rhet\u0151ek b\u00e1rki sz\u00e1m\u00e1ra, aki TB k\u00e1rty\u00e1val rendelkezik:\n<ul>\n<li><strong>Iszappakol\u00e1s, s\u00falyf\u00fcrd\u0151, v\u00edzalatti v\u00edzsug\u00e1rmassz\u00e1zs (tangentor), sz\u00e9nsav f\u00fcrd\u0151, hidrogalv\u00e1n, egy\u00e9ni- \u00e9s csoportos gy\u00f3gytorna, orvosi gy\u00f3gymassz\u00e1zs, t\u00f6bbf\u00e9le elektroter\u00e1pi\u00e1s kezel\u00e9s.<\/strong><\/li>\n<li><strong>IBR-SYSTEM diagnosztika \u00e9s ter\u00e1pia<\/strong> \u2013 saj\u00e1thull\u00e1m\u00fa kezel\u00e9s, a szervezet \u00f6nszab\u00e1lyoz\u00f3, \u00f6ngy\u00f3gy\u00edt\u00f3 folyamatainak serkent\u00e9se, aktiv\u00e1l\u00e1sa, t\u00e1mogat\u00e1sa, optimaliz\u00e1l\u00e1sa, biol\u00f3giai sz\u0171r\u0151k\u00f6n kereszt\u00fcli \u00f6nvisszakezel\u00e9s. Hat\u00e1sos, tart\u00f3s, mell\u00e9khat\u00e1s- \u00e9s f\u00e1jdalommentes.<\/li>\n<li style=\"text-align: justify\"><strong>Szauna<\/strong><\/li>\n<li style=\"text-align: justify\"><strong>S\u00f3kamra<\/strong><\/li>\n<li style=\"text-align: justify\"><strong>SPA m\u00e9regtelen\u00edt\u0151 kezel\u00e9s<\/strong>, mely seg\u00edti a szervezet term\u00e9szetes kiv\u00e1laszt\u00f3 m\u0171k\u00f6d\u00e9s\u00e9t, a v\u00e9r PH \u00e9rt\u00e9k\u00e9nek normaliz\u00e1l\u00e1s\u00e1t.<\/li>\n<\/ul>\n<\/li>\n<\/ul>\n<p style=\"text-align: justify\"><strong>A strandf\u00fcrd\u0151n kereszt\u00fcl p\u00e1r perc s\u00e9t\u00e1ra tal\u00e1lhat\u00f3 a hajd\u00faszoboszl\u00f3i gy\u00f3gyf\u00fcrd\u0151, ahov\u00e1 a sz\u00e1lloda csomagjai biztos\u00edtj\u00e1k a szabad bel\u00e9p\u00e9st. A gy\u00f3gyf\u00fcrd\u0151ben kinti- \u00e9s benti gy\u00f3gyvizes medenc\u00e9k \u00e9s t\u00f6bb, mint 40-f\u00e9le kezel\u00e9s v\u00e1rja a gy\u00f3gyulni v\u00e1gy\u00f3kat:<img loading=\"lazy\" decoding=\"async\" class=\"size-full wp-image-6218 alignright\" src=\"https:\/\/semmelweis.hu\/csaladbarat\/files\/2024\/10\/hungarospa3.png\" alt=\"\" width=\"350\" height=\"350\" srcset=\"https:\/\/semmelweis.hu\/csaladbarat\/files\/2024\/10\/hungarospa3.png 350w, https:\/\/semmelweis.hu\/csaladbarat\/files\/2024\/10\/hungarospa3-150x150.png 150w\" sizes=\"auto, (max-width: 350px) 100vw, 350px\" \/><\/strong><\/p>\n<ul>\n<li style=\"text-align: justify\">A bels\u0151 csarnokban <strong>h\u00e1rom fedett 32, 36, 38 Celsius h\u0151fok\u00fa gy\u00f3gyvizes medence<\/strong> k\u00f6z\u00fcl v\u00e1laszthatnak a f\u00fcrd\u0151z\u0151k.\u00a0<\/li>\n<li style=\"text-align: justify\">A Gy\u00f3gyf\u00fcrd\u0151 z\u00e1rt udvar\u00e1nak <strong>n\u00e9gy nyitott gy\u00f3gyvizes medenc\u00e9j\u00e9ben<\/strong> k\u00fcl\u00f6nb\u00f6z\u0151 attrakci\u00f3k seg\u00edts\u00e9g\u00e9vel \u00fcd\u00fclhetnek fel a vend\u00e9gek.<\/li>\n<li style=\"text-align: justify\">A ny\u00e1ron nyitvatart\u00f3 strandon tal\u00e1lhat\u00f3 Omega medenc\u00e9ben az \u00faj <strong>\u00e9lm\u00e9nyelemek<\/strong> k\u00f6z\u00fcl tal\u00e1n legizgalmasabb a k\u00f6r alak\u00fa sodr\u00f3v\u00edz z\u00f3na, k\u00f6zep\u00e9n egy v\u00edzsugaras sz\u00f6k\u0151k\u00fattal.<\/li>\n<li style=\"text-align: justify\">Sportos vend\u00e9geinket <strong>v\u00edzi sportp\u00e1ly\u00e1k \u00e9s m\u00e1sz\u00f3h\u00e1l\u00f3<\/strong> is v\u00e1rj\u00e1k az Omega medenc\u00e9ben.<\/li>\n<li style=\"text-align: justify\">A v\u00edzi \u00e9lm\u00e9nyek ut\u00e1n ellazulhatunk a medenc\u00e9ben kialak\u00edtott <strong>fekv\u0151- \u00e9s \u00fcl\u0151 massz\u00e1zshelyeken<\/strong> az \u00e1rny\u00e9kvet\u0151k alatt.<\/li>\n<li style=\"text-align: justify\">A strand egyik legkedveltebb r\u00e9sze az \u00fagynevezett <strong>mediterr\u00e1n tengerpart<\/strong>, mely 6200 m2-es v\u00edzfel\u00fclet\u00e9vel K\u00f6z\u00e9p-Eur\u00f3pa legnagyobb \u00e9p\u00edtett medenc\u00e9j\u00e9nek sz\u00e1m\u00edt. A fokozatosan m\u00e9ly\u00fcl\u0151, hull\u00e1mz\u00f3 \u00f3ri\u00e1smedence a cs\u00f3nak\u00e1z\u00f3t\u00f3t\u00f3l g\u00e1ttal van elv\u00e1lasztva, l\u00e1tv\u00e1ny\u00e1t kal\u00f3zhaj\u00f3, vil\u00e1g\u00edt\u00f3torony teszik teljess\u00e9. Homokos partja \u00e9s a p\u00e1lmaf\u00e1k a tengerparti f\u00fcrd\u0151z\u00e9s \u00e9lm\u00e9ny\u00e9t keltik. Igazi k\u00fcl\u00f6nlegess\u00e9gnek sz\u00e1m\u00edt a tengerpart k\u00f6zel\u00e9ben kialak\u00edtott habshow helysz\u00edn, amely els\u0151sorban a fiatalok \u201ebuliz\u00f3 helye\u201d.<\/li>\n<li style=\"text-align: justify\"><img loading=\"lazy\" decoding=\"async\" class=\"size-full wp-image-6219 alignright\" src=\"https:\/\/semmelweis.hu\/csaladbarat\/files\/2024\/10\/hungarospa4.png\" alt=\"\" width=\"350\" height=\"350\" srcset=\"https:\/\/semmelweis.hu\/csaladbarat\/files\/2024\/10\/hungarospa4.png 350w, https:\/\/semmelweis.hu\/csaladbarat\/files\/2024\/10\/hungarospa4-150x150.png 150w\" sizes=\"auto, (max-width: 350px) 100vw, 350px\" \/>A <strong>Delfin pancsol\u00f3 medence<\/strong> k\u00f6zel\u00e9ben a gyerekek sz\u00e1m\u00e1ra egy \u00faj show sz\u00ednpad l\u00e9tes\u00fclt ny\u00e1ri s\u00e1torral, ahol k\u00fcl\u00f6nb\u00f6z\u0151 anim\u00e1ci\u00f3k, programok v\u00e1rj\u00e1k strandszezonban a kicsiket. A pancsol\u00f3 medenc\u00e9n\u00e9l mosolyg\u00f3 f\u00f3k\u00e1k \u00e9s tekn\u0151s\u00f6k, a gyerekmedenc\u00e9ben l\u00e9v\u0151 v\u00edzilovak a f\u00e9nyk\u00e9pezked\u0151 vend\u00e9gek nagy kedvencei. A gyermekmedenc\u00e9kben szint\u00e9n attrakt\u00edv \u00e1llatfigur\u00e1k v\u00e1rj\u00e1k a gyerekeket.<\/li>\n<li style=\"text-align: justify\">Az <strong>Aqua-Palaceban<\/strong> \u00e9lm\u00e9nyek eg\u00e9sz sora v\u00e1rja az vend\u00e9geket, k\u00fcl\u00f6nb\u00f6z\u0151 korok \u00e9s helysz\u00ednek elevenednek meg az \u00e9lm\u00e9nymedenc\u00e9kben, a kisebbeket k\u00fcl\u00f6n emelet v\u00e1rja j\u00e1tsz\u00f3h\u00e1zzal, cs\u00faszd\u00e1val, \u00e9lm\u00e9nyelemekkel tark\u00edtott medenc\u00e9kkel, m\u00e1sz\u00f3fallal. A legfels\u0151 szinten pedig a sportos \u00e9letm\u00f3d szerelmesei az \u00fasz\u00f3medenc\u00e9ben h\u00f3dolhatnak hobbijuknak. Ha pedig szeretnek szaun\u00e1zni, a szauna vil\u00e1gban biztosan megtal\u00e1lj\u00e1k a sz\u00e1mukra legmegfelel\u0151bb szaun\u00e1t.<\/li>\n<li style=\"text-align: justify\">\u00c9s ez m\u00e9g nem minden! 2021-ben ker\u00fclt \u00e1tad\u00e1sra a Hajd\u00faszoboszl\u00f3i f\u00fcrd\u0151komplexum leg\u00fajabb \u00e9kk\u00f6ve, a <strong>Pr\u00e9mium Z\u00f3na<\/strong>! A Pr\u00e9mium Z\u00f3na t\u00f6bb, mint 2.500 m<sup>2\u00a0<\/sup><span style=\"font-size: 1rem\">egyedi \u00e9lm\u00e9nyelemekkel rendelkez\u0151 v\u00edzfel\u00fclet\u00e9n garant\u00e1lt a pihen\u00e9s \u00e9s a sz\u00f3rakoz\u00e1s. A \u201ePlitvice medence\u201d v\u00edzes\u00e9seivel, az \u201eAmazonas medence\u201d jakuzzi gal\u00e9ri\u00e1j\u00e1val, a \u201eTahiti medence\u201d vizi b\u00e1rj\u00e1val a gondtalan kikapcsol\u00f3d\u00e1s z\u00e1logai. A gyerekmedenc\u00e9ben pedig a cs\u00faszd\u00e1k adj\u00e1k az igazi ny\u00e1ri, vizi \u00e9lm\u00e9nyt a kicsiknek.<img loading=\"lazy\" decoding=\"async\" class=\"size-full wp-image-6217 alignright\" src=\"https:\/\/semmelweis.hu\/csaladbarat\/files\/2024\/10\/hungarospa2.png\" alt=\"\" width=\"350\" height=\"350\" srcset=\"https:\/\/semmelweis.hu\/csaladbarat\/files\/2024\/10\/hungarospa2.png 350w, https:\/\/semmelweis.hu\/csaladbarat\/files\/2024\/10\/hungarospa2-150x150.png 150w\" sizes=\"auto, (max-width: 350px) 100vw, 350px\" \/><\/span><\/li>\n<li style=\"text-align: justify\">Aki pedig enn\u00e9l is t\u00f6bb extr\u00e9m \u00e9lm\u00e9nyre v\u00e1gyik, annak t\u00f6k\u00e9letes v\u00e1laszt\u00e1s az <strong>Aquapark 9 \u00f3ri\u00e1scs\u00faszd\u00e1j\u00e1val<\/strong>: n\u00e9gyp\u00e1ly\u00e1s versenycs\u00faszda, kamik\u00e1ze, hidrocs\u00faszda, \u00f3ri\u00e1s csavarcs\u00faszda, fekete lyuk, \u0151r\u00fclt foly\u00f3, valamint big hole, Niagara, twister, melyek tizenk\u00e9t m\u00e9ter magas ind\u00edt\u00f3toronyb\u00f3l indulnak. Az Aquapark leg\u00fajabb r\u00e9sz\u00e9n tov\u00e1bbi <strong>6 extr\u00e9m kalandcs\u00faszda<\/strong> tal\u00e1lhat\u00f3: szabades\u0151s alag\u00fat, v\u00edzhurok, szuperhull\u00e1m, cunami, \u0171rcs\u00f3nak, v\u00edzcs\u0151.<\/li>\n<li style=\"text-align: justify\">A gyerekek sz\u00f3rakoz\u00e1s\u00e1r\u00f3l a medenc\u00e9ben \u00e1ll\u00f3 \u00e9leth\u0171 elef\u00e1ntok, gyermekcs\u00faszd\u00e1k, valamint 6-12 \u00e9vesek sz\u00e1m\u00e1ra \u00e9p\u00fclt <strong>kalandmedenc\u00e9k<\/strong> is gondoskodnak, ahol 4 tornyos Beck\u00f3 v\u00e1r f\u00fcgg\u0151h\u00edddal, m\u0171szikl\u00e1val, v\u00edzes\u00e9ssel, r\u00f6nkv\u00e1r cs\u00faszd\u00e1val \u00e9s massz\u00e1zsd\u00e9zs\u00e1val, valamint B\u00e1stya v\u00e1r \u00e1gy\u00fakkal, bor\u00edt\u00f3 d\u00e9zs\u00e1val, cs\u00faszd\u00e1val megannyi kalandot \u00edg\u00e9rnek. Van itt gyerekmedence, ahol a kicsik megh\u00f3d\u00edthatj\u00e1k a H\u00f3dv\u00e1rat a bikafejes iv\u00f3csanakkal, valamint egy z\u00e1tonyra futott cs\u00f3nak sziv\u00e1rv\u00e1ny cs\u00faszd\u00e1val.<\/li>\n<\/ul>\n","protected":false},"excerpt":{"rendered":"<p>Hajd\u00faszoboszl\u00f3 Magyarorsz\u00e1g legnagyobb f\u00fcrd\u0151v\u00e1rosa, ahol a gy\u00f3gyvizek k\u00fcl\u00f6nleges ereje m\u00e1r \u00e9vtizedek \u00f3ta vonzza a l\u00e1togat\u00f3kat. A v\u00e1ros h\u00edres term\u00e1lvize nemcsak a testi regener\u00e1l\u00f3d\u00e1st seg\u00edti, hanem kiv\u00e1l\u00f3 wellness \u00e9s spa \u00e9lm\u00e9nyeket is k\u00edn\u00e1l. Fedezze fel a Hungarospa F\u00fcrd\u0151komplexumot, ahol a csal\u00e1d minden tagja megtal\u00e1lja a sz\u00e1m\u00e1ra t\u00f6k\u00e9letes kikapcsol\u00f3d\u00e1st! Az Aqua-Palace fedett \u00e9lm\u00e9nyf\u00fcrd\u0151, gy\u00f3gyf\u00fcrd\u0151 \u00e9s v\u00e1ltozatos gasztron\u00f3miai &hellip;<\/p>\n","protected":false},"author":101174,"featured_media":6218,"comment_status":"closed","ping_status":"closed","sticky":true,"template":"","format":"standard","meta":{"_acf_changed":false,"footnotes":""},"categories":[15,14,13,218,30],"tags":[338,216],"class_list":["post-6216","post","type-post","status-publish","format-standard","has-post-thumbnail","hentry","category-alumni","category-hallgatok","category-munkatarsak","category-se-partnerek","category-szallas-kedvezmenyek","tag-gyogy-es-strandfurdo","tag-hotel"],"acf":[],"publishpress_future_action":{"enabled":false,"date":"1970-01-01 01:00:00","action":"","terms":[],"taxonomy":"","browser_timezone_offset":0},"_links":{"self":[{"href":"https:\/\/semmelweis.hu\/csaladbarat\/wp-json\/wp\/v2\/posts\/6216","targetHints":{"allow":["GET"]}}],"collection":[{"href":"https:\/\/semmelweis.hu\/csaladbarat\/wp-json\/wp\/v2\/posts"}],"about":[{"href":"https:\/\/semmelweis.hu\/csaladbarat\/wp-json\/wp\/v2\/types\/post"}],"author":[{"embeddable":true,"href":"https:\/\/semmelweis.hu\/csaladbarat\/wp-json\/wp\/v2\/users\/101174"}],"replies":[{"embeddable":true,"href":"https:\/\/semmelweis.hu\/csaladbarat\/wp-json\/wp\/v2\/comments?post=6216"}],"version-history":[{"count":4,"href":"https:\/\/semmelweis.hu\/csaladbarat\/wp-json\/wp\/v2\/posts\/6216\/revisions"}],"predecessor-version":[{"id":11457,"href":"https:\/\/semmelweis.hu\/csaladbarat\/wp-json\/wp\/v2\/posts\/6216\/revisions\/11457"}],"wp:featuredmedia":[{"embeddable":true,"href":"https:\/\/semmelweis.hu\/csaladbarat\/wp-json\/wp\/v2\/media\/6218"}],"wp:attachment":[{"href":"https:\/\/semmelweis.hu\/csaladbarat\/wp-json\/wp\/v2\/media?parent=6216"}],"wp:term":[{"taxonomy":"category","embeddable":true,"href":"https:\/\/semmelweis.hu\/csaladbarat\/wp-json\/wp\/v2\/categories?post=6216"},{"taxonomy":"post_tag","embeddable":true,"href":"https:\/\/semmelweis.hu\/csaladbarat\/wp-json\/wp\/v2\/tags?post=6216"}],"curies":[{"name":"wp","href":"https:\/\/api.w.org\/{rel}","templated":true}]}}