{"id":5748,"date":"2024-06-06T11:08:39","date_gmt":"2024-06-06T09:08:39","guid":{"rendered":"https:\/\/semmelweis.hu\/csaladbarat\/?p=5748"},"modified":"2024-06-10T09:41:25","modified_gmt":"2024-06-10T07:41:25","slug":"semmelweis-oktatovideo-kullancs-eltavolitasa","status":"publish","type":"post","link":"https:\/\/semmelweis.hu\/csaladbarat\/2024\/06\/06\/semmelweis-oktatovideo-kullancs-eltavolitasa\/","title":{"rendered":"Semmelweis oktat\u00f3vide\u00f3: kullancs elt\u00e1vol\u00edt\u00e1sa"},"content":{"rendered":"<h5 style=\"text-align: center\"><span class=\"yt-core-attributed-string--link-inherit-color\">A szabadban elt\u00f6lt\u00f6tt id\u0151 nagyon \u00e9rt\u00e9kes testi &#8211; lelki eg\u00e9szs\u00e9g\u00fcnk szempontj\u00e1b\u00f3l, \u00edgy nem \u00e9rdemes lemondani r\u00f3la akkor sem, ha a tavasz bek\u00f6sz\u00f6nt\u00e9vel eg\u00e9szen k\u00e9s\u0151 \u0151szig a term\u00e9szetet j\u00e1rva gyakran tal\u00e1lkozhatunk kullancsokkal. <\/span><\/h5>\n<p style=\"text-align: justify\"><strong><span class=\"yt-core-attributed-string--link-inherit-color\">A k\u00f6zel 300 betegs\u00e9get terjeszt\u0151 apr\u00f3 v\u00e9rsz\u00edv\u00f3k nem a f\u00e1kr\u00f3l esnek r\u00e1nk, sokkal ink\u00e1bb a magasabb f\u0171sz\u00e1lakr\u00f3l, bokrok leveleir\u0151l ker\u00fclnek a test\u00fcnkre. <\/span><\/strong><\/p>\n<p style=\"text-align: justify\"><span class=\"yt-core-attributed-string--link-inherit-color\">Haz\u00e1nkban a kullancs okozta leggyakoribb k\u00e9t betegs\u00e9g a <strong>Lyme-k\u00f3r<\/strong> valamint a <strong>v\u00edrusos agyvel\u0151- \u00e9s agyh\u00e1rtyagyullad\u00e1s<\/strong>. Ha cs\u00edp\u00e9st \u00e9szlel\u00fcnk magunkon, akkor a legfontosabb t\u00e9nyez\u0151 az id\u0151faktor! <strong>Min\u00e9l tov\u00e1bb van a b\u0151r\u00fcnkben a kullancs, ann\u00e1l ink\u00e1bb n\u0151 a fert\u0151z\u00e9s vesz\u00e9lye.<\/strong> Felesleges id\u0151vesztes\u00e9g teh\u00e1t orvoshoz fordulni, kiv\u00e9ve abban az esetben, ha nehezen vagy nem el\u00e9rhet\u0151 helyen van, p\u00e9ld\u00e1ul a hall\u00f3j\u00e1ratban. A kisfilmben azt mutatj\u00e1k be, milyen eszk\u00f6z\u00f6kkel \u00e9s hogyan lehet otthon, biztons\u00e1gosan elt\u00e1vol\u00edtani a kullancsot. <\/span><\/p>\n<p style=\"text-align: center\"><iframe loading=\"lazy\" src=\"\/\/www.youtube.com\/embed\/PZhJ31RG8zY\" width=\"800\" height=\"449\"><\/iframe><\/p>\n<p style=\"text-align: justify\"><span class=\"yt-core-attributed-string--link-inherit-color\"><strong>Amennyiben a kullancscs\u00edp\u00e9s hely\u00e9n &#8211; 24 \u00f3r\u00e1s lappang\u00e1si id\u0151 ut\u00e1n &#8211; legal\u00e1bb 3 napja fenn\u00e1ll\u00f3 \u00e9s t\u00f6bb centim\u00e9teres k\u00f6r alak\u00fa vagy ov\u00e1lis, nem f\u00e1jdalmas \u00e9s nem viszket\u0151 b\u0151rp\u00edrt \u00e9szlel\u00fcnk, mindenk\u00e9pp forduljunk orvoshoz, mert ez esetben felmer\u00fclhet a Lyme-k\u00f3r gyan\u00faja.<\/strong> Ha mi nem \u00e9szlel\u00fcnk b\u0151rt\u00fcnetet, de tudjuk, hogy kullancscs\u00edp\u00e9s \u00e9rt benn\u00fcnket, azt \u00e9rdemes fejben tartani, mert a fel nem ismert vagy nem kezelt Lyme-k\u00f3r miatt ak\u00e1r h\u00f3napokkal, \u00e9vekkel k\u00e9s\u0151bb is jelentkezhetnek neurol\u00f3giai, sz\u00edv vagy \u00edz\u00fcleti megbeteged\u00e9seket. <\/span><span class=\"yt-core-attributed-string--link-inherit-color\">B\u0151vebb inform\u00e1ci\u00f3k err\u0151l a jelens\u00e9gr\u0151l <a href=\"https:\/\/semmelweis.hu\/hirek\/2022\/07\/28\/a-kezeletlen-lyme-kor-akar-evtizedekkel-kesobb-is-sulyos-tuneteket-okozhat\/\">ITT<\/a> olvashat\u00f3ak.<\/span><\/p>\n<p><strong><span class=\"yt-core-attributed-string--link-inherit-color\">Szak\u00e9rt\u0151: Dr. Kov\u00e1cs Anik\u00f3, klinikai b\u0151rgy\u00f3gy\u00e1sz (B\u0151r- Nemik\u00f3rtani \u00e9s B\u0151ronkol\u00f3giai Klinika)<\/span><\/strong><\/p>\n<p><strong> Az oktat\u00f3vide\u00f3t k\u00e9sz\u00edtett\u00e9k: <\/strong><\/p>\n<ul>\n<li>Szerkeszt\u0151: Zsemlye Anita<\/li>\n<li>Rendez\u0151: Bartincki Tamara<\/li>\n<li>Operat\u0151r: Varga Z\u00e9t\u00e9ny<\/li>\n<li>Kameratechnikus\/vil\u00e1gos\u00edt\u00f3: Veszelovszki Mih\u00e1ly<\/li>\n<li>V\u00e1g\u00f3: Gr\u0151ger N\u00e1ndor<\/li>\n<li>Anim\u00e1ci\u00f3 \u00e9s grafika: G\u00e1l Bettina<\/li>\n<li>Gy\u00e1rt\u00e1svezet\u0151: Kucsa Attila<\/li>\n<li>Sorozat\u00f6tlet: Kov\u00e1cs Eszter<\/li>\n<\/ul>\n<p><span style=\"font-size: 12pt\">Inform\u00e1ci\u00f3k: a Semmelweis Egyetem youtube csatorn\u00e1j\u00e1r\u00f3l<\/span><\/p>\n","protected":false},"excerpt":{"rendered":"<p>A szabadban elt\u00f6lt\u00f6tt id\u0151 nagyon \u00e9rt\u00e9kes testi &#8211; lelki eg\u00e9szs\u00e9g\u00fcnk szempontj\u00e1b\u00f3l, \u00edgy nem \u00e9rdemes lemondani r\u00f3la akkor sem, ha a tavasz bek\u00f6sz\u00f6nt\u00e9vel eg\u00e9szen k\u00e9s\u0151 \u0151szig a term\u00e9szetet j\u00e1rva gyakran tal\u00e1lkozhatunk kullancsokkal. A k\u00f6zel 300 betegs\u00e9get terjeszt\u0151 apr\u00f3 v\u00e9rsz\u00edv\u00f3k nem a f\u00e1kr\u00f3l esnek r\u00e1nk, sokkal ink\u00e1bb a magasabb f\u0171sz\u00e1lakr\u00f3l, bokrok leveleir\u0151l ker\u00fclnek a test\u00fcnkre. Haz\u00e1nkban a &hellip;<\/p>\n","protected":false},"author":101174,"featured_media":3111,"comment_status":"closed","ping_status":"closed","sticky":false,"template":"","format":"standard","meta":{"_acf_changed":false,"footnotes":""},"categories":[181,1],"tags":[],"class_list":["post-5748","post","type-post","status-publish","format-standard","has-post-thumbnail","hentry","category-egeszseg-percek","category-ujdonsagok"],"acf":[],"publishpress_future_action":{"enabled":false,"date":"1970-01-01 01:00:00","action":"","terms":[],"taxonomy":"","browser_timezone_offset":0},"_links":{"self":[{"href":"https:\/\/semmelweis.hu\/csaladbarat\/wp-json\/wp\/v2\/posts\/5748","targetHints":{"allow":["GET"]}}],"collection":[{"href":"https:\/\/semmelweis.hu\/csaladbarat\/wp-json\/wp\/v2\/posts"}],"about":[{"href":"https:\/\/semmelweis.hu\/csaladbarat\/wp-json\/wp\/v2\/types\/post"}],"author":[{"embeddable":true,"href":"https:\/\/semmelweis.hu\/csaladbarat\/wp-json\/wp\/v2\/users\/101174"}],"replies":[{"embeddable":true,"href":"https:\/\/semmelweis.hu\/csaladbarat\/wp-json\/wp\/v2\/comments?post=5748"}],"version-history":[{"count":3,"href":"https:\/\/semmelweis.hu\/csaladbarat\/wp-json\/wp\/v2\/posts\/5748\/revisions"}],"predecessor-version":[{"id":5771,"href":"https:\/\/semmelweis.hu\/csaladbarat\/wp-json\/wp\/v2\/posts\/5748\/revisions\/5771"}],"wp:featuredmedia":[{"embeddable":true,"href":"https:\/\/semmelweis.hu\/csaladbarat\/wp-json\/wp\/v2\/media\/3111"}],"wp:attachment":[{"href":"https:\/\/semmelweis.hu\/csaladbarat\/wp-json\/wp\/v2\/media?parent=5748"}],"wp:term":[{"taxonomy":"category","embeddable":true,"href":"https:\/\/semmelweis.hu\/csaladbarat\/wp-json\/wp\/v2\/categories?post=5748"},{"taxonomy":"post_tag","embeddable":true,"href":"https:\/\/semmelweis.hu\/csaladbarat\/wp-json\/wp\/v2\/tags?post=5748"}],"curies":[{"name":"wp","href":"https:\/\/api.w.org\/{rel}","templated":true}]}}