{"id":5701,"date":"2024-06-05T12:37:30","date_gmt":"2024-06-05T10:37:30","guid":{"rendered":"https:\/\/semmelweis.hu\/csaladbarat\/?p=5701"},"modified":"2026-02-26T11:45:24","modified_gmt":"2026-02-26T10:45:24","slug":"fedezze-fel-a-nyugalom-oazisat-es-a-buk-varazsat-a-hotel-piroska-buk-ben","status":"publish","type":"post","link":"https:\/\/semmelweis.hu\/csaladbarat\/2024\/06\/05\/fedezze-fel-a-nyugalom-oazisat-es-a-buk-varazsat-a-hotel-piroska-buk-ben\/","title":{"rendered":"Fedezze fel a nyugalom o\u00e1zis\u00e1t \u00e9s a B\u00fck var\u00e1zs\u00e1t a Hotel Piroska**** B\u00fck-ben!"},"content":{"rendered":"<h5 style=\"text-align: justify\"><strong>B\u00fck \u00e9s B\u00fckf\u00fcrd\u0151<\/strong> Magyarorsz\u00e1g nyugati r\u00e9sz\u00e9n tal\u00e1lhat\u00f3, term\u00e1lvizeir\u0151l h\u00edres telep\u00fcl\u00e9sek, s\u0151t a b\u00fckf\u00fcrd\u0151i\u00a0 gy\u00f3gy- \u00e9s \u00e9lm\u00e9nycentrum az egyik legnagyobb \u00e9s legn\u00e9pszer\u0171bb gy\u00f3gyf\u00fcrd\u0151hely az orsz\u00e1gban, mely \u00e9vr\u0151l \u00e9vre sz\u00e1mos turist\u00e1t vonz.<\/h5>\n<p style=\"text-align: justify\"><img loading=\"lazy\" decoding=\"async\" class=\"size-medium wp-image-5707 alignleft\" src=\"https:\/\/semmelweis.hu\/csaladbarat\/files\/2024\/06\/Eingang_Bukfurdo_Thermal__Spa-300x400.jpg\" alt=\"\" width=\"300\" height=\"400\" srcset=\"https:\/\/semmelweis.hu\/csaladbarat\/files\/2024\/06\/Eingang_Bukfurdo_Thermal__Spa-300x400.jpg 300w, https:\/\/semmelweis.hu\/csaladbarat\/files\/2024\/06\/Eingang_Bukfurdo_Thermal__Spa.jpg 375w\" sizes=\"auto, (max-width: 300px) 100vw, 300px\" \/>A B\u00fckf\u00fcrd\u0151 Thermal &amp; Spa t\u00f6bb mint 32 medenc\u00e9vel rendelkezik, \u00e9s sz\u00e9lesk\u00f6r\u0171 wellness-szolg\u00e1ltat\u00e1sokat k\u00edn\u00e1l. A term\u00e1lv\u00edz rendk\u00edv\u00fcl gazdag \u00e1sv\u00e1nyi anyagokban, \u00e9s kiv\u00e1l\u00f3an alkalmas k\u00fcl\u00f6nf\u00e9le mozg\u00e1sszervi, reumatikus \u00e9s idegrendszeri betegs\u00e9gek kezel\u00e9s\u00e9re. Az \u00e9lm\u00e9nyf\u00fcrd\u0151 r\u00e9sze cs\u00faszd\u00e1kkal, hull\u00e1mmedenc\u00e9vel \u00e9s gyermekmedenc\u00e9kkel biztos\u00edtja a sz\u00f3rakoz\u00e1st minden koroszt\u00e1ly sz\u00e1m\u00e1ra.<\/p>\n<p style=\"text-align: justify\">A b\u00fcki gy\u00f3gyv\u00edz kiv\u00e1l\u00f3an alkalmas szinte valamennyi mozg\u00e1sszervi betegs\u00e9g kezel\u00e9s\u00e9re, hat\u00e9konyan alkalmazhat\u00f3: meszesed\u00e9s (spondylosis), porckop\u00e1s (arthrosis), csontritkul\u00e1s (osteoporosis), discopathia, lumb\u00e1g\u00f3, Bechterew-k\u00f3r, kr\u00f3nikus \u00edz\u00fcleti gyullad\u00e1s, k\u00f6szv\u00e9ny, l\u00e1gyr\u00e9sz-reumatizmus, ortop\u00e9diai \u00e9s idegseb\u00e9szeti m\u0171t\u00e9tek ut\u00e1ni rehabilit\u00e1ci\u00f3, baleseti ut\u00f3kezel\u00e9s, kr\u00f3nikus n\u0151gy\u00f3gy\u00e1szati \u00e9s urol\u00f3giai gyullad\u00e1sok, kr\u00f3nikus gyomorhurut, fek\u00e9lybetegs\u00e9g, em\u00e9szt\u00e9si zavarok eset\u00e9n.<\/p>\n<p><strong><span style=\"text-decoration: underline\">Programlehet\u0151s\u00e9gek B\u00fck \u00e9s k\u00f6rny\u00e9ken<\/span><\/strong><\/p>\n<ul>\n<li style=\"text-align: justify\">A k\u00f6zeli <strong>K\u0151szegi-hegys\u00e9g<\/strong> sz\u00e1mos t\u00fara\u00fatvonalat k\u00edn\u00e1l, ahol \u00e9lvezhetj\u00fck a gy\u00f6ny\u00f6r\u0171 panor\u00e1m\u00e1t \u00e9s felfedezhetj\u00fck a helyi fl\u00f3r\u00e1t \u00e9s faun\u00e1t.<img loading=\"lazy\" decoding=\"async\" class=\"size-medium wp-image-5708 alignright\" src=\"https:\/\/semmelweis.hu\/csaladbarat\/files\/2024\/06\/1280px-Koszeg-400x268.jpg\" alt=\"\" width=\"400\" height=\"268\" srcset=\"https:\/\/semmelweis.hu\/csaladbarat\/files\/2024\/06\/1280px-Koszeg-400x268.jpg 400w, https:\/\/semmelweis.hu\/csaladbarat\/files\/2024\/06\/1280px-Koszeg-1024x685.jpg 1024w, https:\/\/semmelweis.hu\/csaladbarat\/files\/2024\/06\/1280px-Koszeg-768x514.jpg 768w, https:\/\/semmelweis.hu\/csaladbarat\/files\/2024\/06\/1280px-Koszeg-753x504.jpg 753w, https:\/\/semmelweis.hu\/csaladbarat\/files\/2024\/06\/1280px-Koszeg-203x135.jpg 203w, https:\/\/semmelweis.hu\/csaladbarat\/files\/2024\/06\/1280px-Koszeg.jpg 1280w\" sizes=\"auto, (max-width: 400px) 100vw, 400px\" \/><\/li>\n<li style=\"text-align: justify\">Az \u00cd<strong>rottk\u0151 Nat\u00farpark<\/strong> egy m\u00e1sik t\u00f6k\u00e9letes helysz\u00edn a term\u00e9szetj\u00e1r\u00e1sra, sz\u00e1mos tan\u00f6sv\u00e9nnyel \u00e9s kil\u00e1t\u00f3ponttal.<\/li>\n<li style=\"text-align: justify\">B\u00fck k\u00f6rny\u00e9ke kit\u0171n\u0151 <strong>ker\u00e9kp\u00e1ros<\/strong> \u00fatvonalakkal rendelkezik, amelyek j\u00f3l ki\u00e9p\u00edtettek \u00e9s biztons\u00e1gosak.\u00a0<\/li>\n<li style=\"text-align: justify\"><strong>S\u00e1rv\u00e1r<\/strong> k\u00f6zeli v\u00e1rosa is sz\u00e1mos l\u00e1tnival\u00f3t k\u00edn\u00e1l, mint p\u00e9ld\u00e1ul a S\u00e1rv\u00e1ri Arbor\u00e9tum \u00e9s a N\u00e1dasdy-v\u00e1r.<\/li>\n<li><strong>K\u0151szeg<\/strong> t\u00f6rt\u00e9nelmi v\u00e1rosk\u00f6zpontj\u00e1t \u00e9s a Jurisics-v\u00e1rat is \u00e9rdemes megl\u00e1togatni.<\/li>\n<li style=\"text-align: justify\">T\u00f6bb <strong>lovarda<\/strong> is tal\u00e1lhat\u00f3 a k\u00f6rny\u00e9ken, ahol lovagl\u00e1si lehet\u0151s\u00e9gek v\u00e1rj\u00e1k a l\u00e1togat\u00f3kat, kezd\u0151knek \u00e9s halad\u00f3knak egyar\u00e1nt.<br \/>\n<hr \/>\n<\/li>\n<\/ul>\n<h5 style=\"text-align: center\"><span style=\"font-size: 18pt\">R\u00e1ad\u00e1sul az egyetem munkav\u00e1llal\u00f3inak \u00e9lm\u00e9nyekben gazdag kikapcsol\u00f3d\u00e1s\u00e1t az egyed\u00fcl\u00e1ll\u00f3 Hotel Piroska**** B\u00fck \u00f3ri\u00e1si kedvezm\u00e9nnyel t\u00e1mogatja!<\/span><\/h5>\n<hr \/>\n<p style=\"text-align: justify\"><strong>A sz\u00e1lloda az egyetlen n\u00e9gycsillagos hotel, mely B\u00fck v\u00e1ros sz\u00edv\u00e9ben tal\u00e1lhat\u00f3, \u00edgy a vend\u00e9geknek lehet\u0151s\u00e9g\u00fck ny\u00edlik bekapcsol\u00f3dni a v\u00e1rosi programokba.<\/strong>\u00a0<\/p>\n<div class=\"keretes\">\n<p><span style=\"font-size: 12pt\"><em>Munkat\u00e1rsunk visszajelz\u00e9se: &#8222;Szeretn\u00e9m megk\u00f6sz\u00f6nni, ezt a felejthetetlen h\u00e9tv\u00e9g\u00e9t. Fantasztikus \u00e9s pihentet\u0151 volt, melyet j\u00f3r\u00e9szt a sz\u00e1lloda fantasztikus csapat\u00e1nak k\u00f6sz\u00f6nhet\u00fcnk.&#8221;<\/em><\/span><\/p>\n<\/div>\n<p style=\"text-align: justify\">A hangulatos \u00e9p\u00fcletkomplexumban 88 szoba, 210 f\u00e9r\u0151hellyel, sz\u00ednvonalas \u00e9tterem, saj\u00e1t, 3 medenc\u00e9vel rendelkez\u0151 \u00e9lm\u00e9nyf\u00fcrd\u0151, szaunavil\u00e1g, gy\u00f3gy\u00e1szati r\u00e9szleg, soksz\u00edn\u0171 wellness- \u00e9s programk\u00edn\u00e1lat is garant\u00e1lja az odal\u00e1togat\u00f3k felh\u0151tlen pihen\u00e9s\u00e9t \u00e9s sz\u00f3rakoz\u00e1s\u00e1t, mindezt m\u00e1sf\u00e9l hekt\u00e1rnyi ter\u00fcleten.<\/p>\n<p style=\"text-align: center\">AZ IDE\u00c1LIS CSAL\u00c1DI SZ\u00c1LLODA<\/p>\n<p style=\"text-align: justify\"><strong><img loading=\"lazy\" decoding=\"async\" class=\"size-medium wp-image-5704 alignleft\" src=\"https:\/\/semmelweis.hu\/csaladbarat\/files\/2024\/06\/d92cee92b939e23bb277c96a3c12de22-400x268.jpg\" alt=\"\" width=\"400\" height=\"268\" srcset=\"https:\/\/semmelweis.hu\/csaladbarat\/files\/2024\/06\/d92cee92b939e23bb277c96a3c12de22-400x268.jpg 400w, https:\/\/semmelweis.hu\/csaladbarat\/files\/2024\/06\/d92cee92b939e23bb277c96a3c12de22-1024x686.jpg 1024w, https:\/\/semmelweis.hu\/csaladbarat\/files\/2024\/06\/d92cee92b939e23bb277c96a3c12de22-768x515.jpg 768w, https:\/\/semmelweis.hu\/csaladbarat\/files\/2024\/06\/d92cee92b939e23bb277c96a3c12de22-753x505.jpg 753w, https:\/\/semmelweis.hu\/csaladbarat\/files\/2024\/06\/d92cee92b939e23bb277c96a3c12de22-203x135.jpg 203w, https:\/\/semmelweis.hu\/csaladbarat\/files\/2024\/06\/d92cee92b939e23bb277c96a3c12de22.jpg 1285w\" sizes=\"auto, (max-width: 400px) 100vw, 400px\" \/>Gyermekwellness<\/strong> babamedenc\u00e9vel \u00e9s k\u00fcl\u00f6n pihen\u0151vel a legkisebbeknek, <strong>j\u00e1tsz\u00f3szoba<\/strong> a kicsiknek, nagyobbaknak <strong>tini j\u00e1tsz\u00f3h\u00e1z billir\u00e1ddal, csoscs\u00f3val, ping-pong asztallal, j\u00e1t\u00e9kkonzolokkal<\/strong>. A parkban f\u00fcves <strong>focip\u00e1lya<\/strong>, <strong>ugr\u00e1l\u00f3 v\u00e1r \u00e9s cs\u00faszd\u00e1s medence<\/strong> v\u00e1rja gyerk\u0151c\u00f6ket. B\u00fcf\u00e9vacsor\u00e1nkn\u00e1l k\u00fcl\u00f6n <strong>Kid\u2019s Buffet<\/strong> a picik kedvenc \u00e9teleivel. J\u00faliusban \u00e9s augusztusban <strong>gyermekanim\u00e1ci\u00f3<\/strong> a 14 \u00e9v alattiak r\u00e9sz\u00e9re.<\/p>\n<p style=\"text-align: center\">\u00c9LM\u00c9NYEK A CSAL\u00c1DNAK<\/p>\n<p style=\"text-align: justify\">A hotel Feng shui szerint \u00e9p\u00fclt \u00e9lm\u00e9nyf\u00fcrd\u0151je v\u00e1ltozatos kikapcsol\u00f3d\u00e1si lehet\u0151s\u00e9geket ny\u00fajt az eg\u00e9sz csal\u00e1d r\u00e9sz\u00e9re. <strong>Bels\u0151 \u00e9lm\u00e9nymedence pezsg\u0151f\u00fcrd\u0151vel, nyakzuhannyal, massz\u00e1zsf\u00fav\u00f3k\u00e1kkal, k\u00fclt\u00e9ri pezsg\u0151f\u00fcrd\u0151, szezon\u00e1lis k\u00fcls\u0151 medence napoz\u00f3terasszal, szaunavil\u00e1g: finn szauna, bio szauna, infra szauna, tepid\u00e1rium sz\u00ednter\u00e1pi\u00e1val), g\u0151zf\u00fcrd\u0151.<\/strong><\/p>\n<p>A sz\u00e1lloda \u00e9tterme az eg\u00e9sz csal\u00e1dnak eg\u00e9szs\u00e9ges v\u00e1ltozatos h\u00e1zias \u00edzvil\u00e1g\u00fa \u00e9teleket k\u00edn\u00e1l.<\/p>\n<hr \/>\n<h5 style=\"text-align: center\"><span style=\"font-size: 18pt\">A Semmelweis Polg\u00e1rok kikapcsol\u00f3d\u00e1s\u00e1ra k\u00fcl\u00f6nleges aj\u00e1nlatot \u00e1ll\u00edtott \u00f6ssze a sz\u00e1lloda:\u00a0<\/span><\/h5>\n<p style=\"text-align: justify\"><strong>A Hotel Piroska**** B\u00fck kiemelt aj\u00e1nlata kiz\u00e1r\u00f3lag Semmelweis K\u00e1rty\u00e1val rendelkez\u0151 munkav\u00e1llal\u00f3k vehetik ig\u00e9nybe, a <span style=\"font-size: 18pt\"><em><u>SEMC24<\/u> <\/em><\/span>prom\u00f3ci\u00f3s k\u00f3d felhaszn\u00e1l\u00e1s\u00e1val.<\/strong><\/p>\n<h5 style=\"text-align: center\"><span style=\"font-size: 18pt\">15% kedvezm\u00e9ny a mindenkor szoba\u00e1rakb\u00f3l!<\/span><\/h5>\n<p><strong>Speci\u00e1lis gyerekkedvezm\u00e9nyek:<\/strong><\/p>\n<ul>\n<li><del>5 helyett<\/del><strong> 6 \u00e9ves korig t\u00e9r\u00edt\u00e9smentesen<\/strong> sz\u00e1llhatnak meg a sz\u00fcl\u0151kkel egy szob\u00e1ban a gyerekek<\/li>\n<li><del>12 helyett<\/del> <strong>14 \u00e9ves korig 50% kedvezm\u00e9ny<\/strong> a feln\u0151tt \u00e1rb\u00f3l<\/li>\n<\/ul>\n<h5 style=\"text-align: center\"><strong>Aj\u00e1nd\u00e9k!<\/strong><\/h5>\n<ul>\n<li><strong>\u00a0gyermekeknek 6 \u00e9ves kor felett egy <a href=\"http:\/\/www.funcity.hu\">Funcity<\/a> bel\u00e9p\u0151 \u00e9s egy szabadon v\u00e1lasztott j\u00e1t\u00e9k<\/strong><\/li>\n<\/ul>\n<div class=\"fontos_div w-100\">\n<h5>Foglal\u00e1s: <a href=\"mailto:sales@hotelpiroska.hu\">sales@hotelpiroska.hu<\/a> <span style=\"font-size: 12pt\">e-mail c\u00edmen kereszt\u00fcl is lehets\u00e9ges Semmelweis k\u00e1rtyasz\u00e1m megad\u00e1s\u00e1val.<\/span><\/h5>\n<p>Hotel Piroska****<\/p>\n<p>B\u00fck, Kossuth u. 60<\/p>\n<p><a href=\"http:\/\/www.hotelpiroska.hu\">www.hotelpiroska.hu<\/a><\/p>\n<\/div>\n\r\n        [slb_exclude]\r\n        <div class=\"row galeria-wrapper mx-0 h-auto\">\r\n            <div class=\"col-9 pl-0 pr-2\">\r\n            <span class=\"gallery-item frame\">\r\n\t\t\t\t<div class=\"galeria-left-img\"><a href=\"https:\/\/semmelweis.hu\/csaladbarat\/files\/2024\/06\/6acb2fea1803116dcd3fa8a9fe1f74f2.jpg\"><img src=https:\/\/semmelweis.hu\/csaladbarat\/files\/2024\/06\/6acb2fea1803116dcd3fa8a9fe1f74f2.jpg  \r\n                            alt=\"\" \r\n                            class=\"attachment-sote-gallery-big size-sote-gallery-big\" \r\n                            srcset=\"https:\/\/semmelweis.hu\/csaladbarat\/files\/2024\/06\/6acb2fea1803116dcd3fa8a9fe1f74f2-400x268.jpg 400w, https:\/\/semmelweis.hu\/csaladbarat\/files\/2024\/06\/6acb2fea1803116dcd3fa8a9fe1f74f2-1024x686.jpg 1024w, https:\/\/semmelweis.hu\/csaladbarat\/files\/2024\/06\/6acb2fea1803116dcd3fa8a9fe1f74f2-768x515.jpg 768w, https:\/\/semmelweis.hu\/csaladbarat\/files\/2024\/06\/6acb2fea1803116dcd3fa8a9fe1f74f2-753x505.jpg 753w, https:\/\/semmelweis.hu\/csaladbarat\/files\/2024\/06\/6acb2fea1803116dcd3fa8a9fe1f74f2-203x135.jpg 203w, https:\/\/semmelweis.hu\/csaladbarat\/files\/2024\/06\/6acb2fea1803116dcd3fa8a9fe1f74f2.jpg 1285w\" ><\/a><\/div>\r\n            <\/span>\r\n\r\n            <\/div>\r\n\r\n\t\t\t<div class=\"col-3 pl-0 pr-0\">\r\n\t\t\t\t<div class=\"galeria-right-img d-flex justify-content-between flex-column h-100 w-100 px-0 mx-0 \">\r\n                <div class=\"galeria-box\">\r\n\t\t\t\t\t<h3 class=\"galeria-title\">Gal\u00e9ria<\/h3>\r\n\t\t\t\t\t<div class=\"galeria-subtitle\">\r\n\r\n\t\t\t\t\t\t<div class=\"galeria-page-counter\"><span>4<\/span>k\u00e9p<\/div>\r\n                    <\/div> <\/div>\r\n                    <span class=\"gallery-item frame d-none d-md-flex\">\r\n\t\t\t\t\t<div class=\"galeria-small-img mt-0\"><a href=\"https:\/\/semmelweis.hu\/csaladbarat\/files\/2024\/06\/d92cee92b939e23bb277c96a3c12de22.jpg\"><img src=https:\/\/semmelweis.hu\/csaladbarat\/files\/2024\/06\/d92cee92b939e23bb277c96a3c12de22.jpg \r\n                                alt=\"\"  \r\n                                class=\"attachment-sote-gallery-small size-sote-gallery-small\" \r\n                                srcset=\"https:\/\/semmelweis.hu\/csaladbarat\/files\/2024\/06\/d92cee92b939e23bb277c96a3c12de22-400x268.jpg 400w, https:\/\/semmelweis.hu\/csaladbarat\/files\/2024\/06\/d92cee92b939e23bb277c96a3c12de22-1024x686.jpg 1024w, https:\/\/semmelweis.hu\/csaladbarat\/files\/2024\/06\/d92cee92b939e23bb277c96a3c12de22-768x515.jpg 768w, https:\/\/semmelweis.hu\/csaladbarat\/files\/2024\/06\/d92cee92b939e23bb277c96a3c12de22-753x505.jpg 753w, https:\/\/semmelweis.hu\/csaladbarat\/files\/2024\/06\/d92cee92b939e23bb277c96a3c12de22-203x135.jpg 203w, https:\/\/semmelweis.hu\/csaladbarat\/files\/2024\/06\/d92cee92b939e23bb277c96a3c12de22.jpg 1285w\" ><\/a><\/div>\r\n                    <\/span>\r\n                    <span class=\"gallery-item frame d-none d-md-flex\">\r\n\t\t\t\t\t<div class=\"galeria-small-img mt-0\"><a href=\"https:\/\/semmelweis.hu\/csaladbarat\/files\/2024\/06\/1ff5907d72f5c3956e2ec5c2fe7ba17d.jpg\"><img src=https:\/\/semmelweis.hu\/csaladbarat\/files\/2024\/06\/1ff5907d72f5c3956e2ec5c2fe7ba17d.jpg \r\n                                alt=\"\" \r\n                                class=\"attachment-sote-gallery-small size-sote-gallery-small\" \r\n                                srcset=\"https:\/\/semmelweis.hu\/csaladbarat\/files\/2024\/06\/1ff5907d72f5c3956e2ec5c2fe7ba17d-400x268.jpg 400w, https:\/\/semmelweis.hu\/csaladbarat\/files\/2024\/06\/1ff5907d72f5c3956e2ec5c2fe7ba17d-1024x686.jpg 1024w, https:\/\/semmelweis.hu\/csaladbarat\/files\/2024\/06\/1ff5907d72f5c3956e2ec5c2fe7ba17d-768x515.jpg 768w, https:\/\/semmelweis.hu\/csaladbarat\/files\/2024\/06\/1ff5907d72f5c3956e2ec5c2fe7ba17d-753x505.jpg 753w, https:\/\/semmelweis.hu\/csaladbarat\/files\/2024\/06\/1ff5907d72f5c3956e2ec5c2fe7ba17d-203x135.jpg 203w, https:\/\/semmelweis.hu\/csaladbarat\/files\/2024\/06\/1ff5907d72f5c3956e2ec5c2fe7ba17d.jpg 1285w\" ><\/a><\/div>\r\n                    <\/span>\r\n\r\n                <\/div>\r\n\r\n            <\/div>\r\n\r\n            <span class=\"gallery-item\"><div class=\"hidden\"><a href=\"https:\/\/semmelweis.hu\/csaladbarat\/files\/2024\/06\/33a2b49be4a4a6676b7cfdf68d58db70.jpg\">\r\n        <img src=https:\/\/semmelweis.hu\/csaladbarat\/files\/2024\/06\/33a2b49be4a4a6676b7cfdf68d58db70.jpg alt=\"\" class=\"attachment-sote-gallery-big size-sote-gallery-big\" srcset=\"https:\/\/semmelweis.hu\/csaladbarat\/files\/2024\/06\/33a2b49be4a4a6676b7cfdf68d58db70-400x268.jpg 400w, https:\/\/semmelweis.hu\/csaladbarat\/files\/2024\/06\/33a2b49be4a4a6676b7cfdf68d58db70-1024x686.jpg 1024w, https:\/\/semmelweis.hu\/csaladbarat\/files\/2024\/06\/33a2b49be4a4a6676b7cfdf68d58db70-768x515.jpg 768w, https:\/\/semmelweis.hu\/csaladbarat\/files\/2024\/06\/33a2b49be4a4a6676b7cfdf68d58db70-753x505.jpg 753w, https:\/\/semmelweis.hu\/csaladbarat\/files\/2024\/06\/33a2b49be4a4a6676b7cfdf68d58db70-203x135.jpg 203w, https:\/\/semmelweis.hu\/csaladbarat\/files\/2024\/06\/33a2b49be4a4a6676b7cfdf68d58db70.jpg 1285w\" >\r\n        <\/a><\/div><\/span>\r\n            <\/div>\r\n\r\n            [\/slb_exclude]\r\n\t\n","protected":false},"excerpt":{"rendered":"<p>B\u00fck \u00e9s B\u00fckf\u00fcrd\u0151 Magyarorsz\u00e1g nyugati r\u00e9sz\u00e9n tal\u00e1lhat\u00f3, term\u00e1lvizeir\u0151l h\u00edres telep\u00fcl\u00e9sek, s\u0151t a b\u00fckf\u00fcrd\u0151i\u00a0 gy\u00f3gy- \u00e9s \u00e9lm\u00e9nycentrum az egyik legnagyobb \u00e9s legn\u00e9pszer\u0171bb gy\u00f3gyf\u00fcrd\u0151hely az orsz\u00e1gban, mely \u00e9vr\u0151l \u00e9vre sz\u00e1mos turist\u00e1t vonz. A B\u00fckf\u00fcrd\u0151 Thermal &amp; Spa t\u00f6bb mint 32 medenc\u00e9vel rendelkezik, \u00e9s sz\u00e9lesk\u00f6r\u0171 wellness-szolg\u00e1ltat\u00e1sokat k\u00edn\u00e1l. A term\u00e1lv\u00edz rendk\u00edv\u00fcl gazdag \u00e1sv\u00e1nyi anyagokban, \u00e9s kiv\u00e1l\u00f3an alkalmas k\u00fcl\u00f6nf\u00e9le mozg\u00e1sszervi, &hellip;<\/p>\n","protected":false},"author":101174,"featured_media":5705,"comment_status":"closed","ping_status":"closed","sticky":true,"template":"","format":"standard","meta":{"_acf_changed":false,"footnotes":""},"categories":[13,218,30],"tags":[20,216],"class_list":["post-5701","post","type-post","status-publish","format-standard","has-post-thumbnail","hentry","category-munkatarsak","category-se-partnerek","category-szallas-kedvezmenyek","tag-gyerekbarat","tag-hotel"],"acf":[],"publishpress_future_action":{"enabled":false,"date":"1970-01-01 01:00:00","action":"","terms":[],"taxonomy":"","browser_timezone_offset":0},"_links":{"self":[{"href":"https:\/\/semmelweis.hu\/csaladbarat\/wp-json\/wp\/v2\/posts\/5701","targetHints":{"allow":["GET"]}}],"collection":[{"href":"https:\/\/semmelweis.hu\/csaladbarat\/wp-json\/wp\/v2\/posts"}],"about":[{"href":"https:\/\/semmelweis.hu\/csaladbarat\/wp-json\/wp\/v2\/types\/post"}],"author":[{"embeddable":true,"href":"https:\/\/semmelweis.hu\/csaladbarat\/wp-json\/wp\/v2\/users\/101174"}],"replies":[{"embeddable":true,"href":"https:\/\/semmelweis.hu\/csaladbarat\/wp-json\/wp\/v2\/comments?post=5701"}],"version-history":[{"count":7,"href":"https:\/\/semmelweis.hu\/csaladbarat\/wp-json\/wp\/v2\/posts\/5701\/revisions"}],"predecessor-version":[{"id":9746,"href":"https:\/\/semmelweis.hu\/csaladbarat\/wp-json\/wp\/v2\/posts\/5701\/revisions\/9746"}],"wp:featuredmedia":[{"embeddable":true,"href":"https:\/\/semmelweis.hu\/csaladbarat\/wp-json\/wp\/v2\/media\/5705"}],"wp:attachment":[{"href":"https:\/\/semmelweis.hu\/csaladbarat\/wp-json\/wp\/v2\/media?parent=5701"}],"wp:term":[{"taxonomy":"category","embeddable":true,"href":"https:\/\/semmelweis.hu\/csaladbarat\/wp-json\/wp\/v2\/categories?post=5701"},{"taxonomy":"post_tag","embeddable":true,"href":"https:\/\/semmelweis.hu\/csaladbarat\/wp-json\/wp\/v2\/tags?post=5701"}],"curies":[{"name":"wp","href":"https:\/\/api.w.org\/{rel}","templated":true}]}}