{"id":5369,"date":"2024-04-29T14:11:53","date_gmt":"2024-04-29T12:11:53","guid":{"rendered":"https:\/\/semmelweis.hu\/csaladbarat\/?p=5369"},"modified":"2025-06-18T13:41:31","modified_gmt":"2025-06-18T11:41:31","slug":"kristin-optika","status":"publish","type":"post","link":"https:\/\/semmelweis.hu\/csaladbarat\/2024\/04\/29\/kristin-optika\/","title":{"rendered":"Kedvezm\u00e9nyes aj\u00e1nlatok a Kristin Optik\u00e1ban"},"content":{"rendered":"<h5 style=\"text-align: justify\"><strong>A csal\u00e1di v\u00e1llalkoz\u00e1sk\u00e9nt m\u0171k\u00f6d\u0151 <a href=\"https:\/\/www.kristinoptika.hu\/\">Kristin Optik\u00e1ban<\/a> t\u00f6bb \u00e9vtizedes tapasztalattal \u00e9s modern eszk\u00f6z\u00f6kkel seg\u00edtenek megold\u00e1st tal\u00e1lni a legk\u00fcl\u00f6nb\u00f6z\u0151bb l\u00e1t\u00e1sprobl\u00e9m\u00e1kra. <\/strong><\/h5>\n<p style=\"text-align: justify\">A legfontosabb c\u00e9ljuk a p\u00e1ciensek el\u00e9gedetts\u00e9ge. Ennek \u00e9rdek\u00e9ben egyedi ig\u00e9nyeket kiel\u00e9g\u00edt\u0151, szem\u00e9lyre szabott kiszolg\u00e1l\u00e1st ny\u00fajtanak egy kellemes, csal\u00e1dias k\u00f6rnyezetben. A <a href=\"https:\/\/www.kristinoptika.hu\/\">Kristin Optika<\/a> k\u00fcl\u00f6nlegess\u00e9ge az egyedi, folyamatosan meg\u00fajul\u00f3 n\u0151i, f\u00e9rfi \u00e9s gyermek szem\u00fcvegkeret-k\u00edn\u00e1lat.<\/p>\n<p style=\"text-align: center\"><span style=\"font-size: 18pt\"><strong>Keresse az optika szakembereit b\u00e1rmilyen l\u00e1t\u00e1ssal, szem\u00fcveggel kapcsolatos k\u00e9rd\u00e9ssel! <\/strong><\/span><\/p>\n<p style=\"text-align: center\"><span style=\"font-size: 18pt\"><strong>L\u00e1togassa meg a <a href=\"https:\/\/www.kristinoptika.hu\/\">Kristin Optik\u00e1t<\/a>, ahol garant\u00e1ltan kedvezm\u00e9nyes \u00e1rakon v\u00e1rj\u00e1k, eg\u00e9sz \u00e9vben!<\/strong><\/span><\/p>\n<div class=\"fontos_div w-100\">\n<p><strong>A Semmelweis Polg\u00e1rok<\/strong><\/p>\n<ul>\n<li><strong>szem\u00fcveglencs\u00e9kre: 20 &#8211; 40% kedvezm\u00e9nyt,<\/strong><\/li>\n<li><strong>szem\u00fcvegkeretekre: 20 &#8211; 50% kedvezm\u00e9nyt<\/strong><\/li>\n<\/ul>\n<p><strong style=\"background-color: transparent\">vehetnek ig\u00e9nybe!<\/strong><\/p>\n<p>&nbsp;<\/p>\n<p style=\"text-align: justify\"><strong>Extra aj\u00e1nlat: <\/strong><strong>30% kedvezm\u00e9ny a digit\u00e1lis szem\u00fcveglencs\u00e9kre, illetve a BlueControl r\u00e9teggel ell\u00e1tott egyf\u00f3kusz\u00fa szem\u00fcveglencs\u00e9kre.<\/strong><\/p>\n<p style=\"text-align: justify\">A digit\u00e1lis szem\u00fcveglencs\u00e9k kifejezetten a mai digit\u00e1lis vil\u00e1g \u00e1ltal t\u00e1masztott k\u00f6vetelm\u00e9nyekhez igazodnak, \u00e9s amelyeket kimondottan a digit\u00e1lis eszk\u00f6zhaszn\u00e1lat k\u00f6vetkezm\u00e9nyek\u00e9nt kialakul\u00f3 szemf\u00e1radts\u00e1g enyh\u00edt\u00e9s\u00e9nek c\u00e9lj\u00e1b\u00f3l fejlesztettek ki.<\/p>\n<p>&nbsp;<\/p>\n<p style=\"text-align: justify\"><strong>A kedvezm\u00e9nyek a Semmelweis K\u00e1rtya azonos\u00edt\u00f3j\u00e1val vagy a k\u00e1rtya felmutat\u00e1s\u00e1val \u00e9rv\u00e9nyes\u00edthet\u0151ek \u00e9s a munkat\u00e1rsak csal\u00e1dtagjai is ig\u00e9nybe vehetik.<\/strong><\/p>\n<p>&nbsp;<\/p>\n<p><strong>Kapcsolat:\u00a0<\/strong><\/p>\n<p><strong><a href=\"https:\/\/www.kristinoptika.hu\/\">https:\/\/www.kristinoptika.hu\/<\/a><\/strong><\/p>\n<p><strong>1136 Budapest, Heged\u0171s Gyula u. 34.<\/strong><\/p>\n<p><strong><a href=\"mailto:info@kristinoptika.hu%20\">info@kristinoptika.hu<\/a><\/strong><\/p>\n<\/div>\n<p><img loading=\"lazy\" decoding=\"async\" class=\"wp-image-5371 aligncenter\" src=\"https:\/\/semmelweis.hu\/csaladbarat\/files\/2024\/04\/6A6A5777-Edit-copy-1-2-400x267.jpg\" alt=\"\" width=\"824\" height=\"550\" srcset=\"https:\/\/semmelweis.hu\/csaladbarat\/files\/2024\/04\/6A6A5777-Edit-copy-1-2-400x267.jpg 400w, https:\/\/semmelweis.hu\/csaladbarat\/files\/2024\/04\/6A6A5777-Edit-copy-1-2-1024x682.jpg 1024w, https:\/\/semmelweis.hu\/csaladbarat\/files\/2024\/04\/6A6A5777-Edit-copy-1-2-768x512.jpg 768w, https:\/\/semmelweis.hu\/csaladbarat\/files\/2024\/04\/6A6A5777-Edit-copy-1-2-1536x1024.jpg 1536w, https:\/\/semmelweis.hu\/csaladbarat\/files\/2024\/04\/6A6A5777-Edit-copy-1-2-753x502.jpg 753w, https:\/\/semmelweis.hu\/csaladbarat\/files\/2024\/04\/6A6A5777-Edit-copy-1-2-203x135.jpg 203w, https:\/\/semmelweis.hu\/csaladbarat\/files\/2024\/04\/6A6A5777-Edit-copy-1-2.jpg 2000w\" sizes=\"auto, (max-width: 824px) 100vw, 824px\" \/><\/p>\n","protected":false},"excerpt":{"rendered":"<p>A csal\u00e1di v\u00e1llalkoz\u00e1sk\u00e9nt m\u0171k\u00f6d\u0151 <a href=\"https:\/\/www.kristinoptika.hu\/\">Kristin Optik\u00e1ban<\/a> t\u00f6bb \u00e9vtizedes tapasztalattal \u00e9s modern eszk\u00f6z\u00f6kkel seg\u00edtenek megold\u00e1st tal\u00e1lni a legk\u00fcl\u00f6nb\u00f6z\u0151bb l\u00e1t\u00e1sprobl\u00e9m\u00e1kra. A legfontosabb c\u00e9ljuk a p\u00e1ciensek el\u00e9gedetts\u00e9ge. Ennek \u00e9rdek\u00e9ben egyedi ig\u00e9nyeket kiel\u00e9g\u00edt\u0151, szem\u00e9lyre szabott kiszolg\u00e1l\u00e1st ny\u00fajtanak egy kellemes, csal\u00e1dias k\u00f6rnyezetben. A <a href=\"https:\/\/www.kristinoptika.hu\/\">Kristin Optika<\/a> k\u00fcl\u00f6nlegess\u00e9ge az egyedi, folyamatosan meg\u00fajul\u00f3 n\u0151i, f\u00e9rfi \u00e9s gyermek szem\u00fcvegkeret-k\u00edn\u00e1lat. Keresse az optika szakembereit b\u00e1rmilyen l\u00e1t\u00e1ssal, szem\u00fcveggel kapcsolatos k\u00e9rd\u00e9ssel! &hellip;<\/p>\n","protected":false},"author":101174,"featured_media":5371,"comment_status":"closed","ping_status":"closed","sticky":true,"template":"","format":"standard","meta":{"_acf_changed":false,"footnotes":""},"categories":[13,218,318,25],"tags":[46],"class_list":["post-5369","post","type-post","status-publish","format-standard","has-post-thumbnail","hentry","category-munkatarsak","category-se-partnerek","category-shop-webshop","category-szolgaltatas","tag-optika"],"acf":[],"publishpress_future_action":{"enabled":false,"date":"1970-01-01 01:00:00","action":"","terms":[],"taxonomy":"","browser_timezone_offset":0},"_links":{"self":[{"href":"https:\/\/semmelweis.hu\/csaladbarat\/wp-json\/wp\/v2\/posts\/5369","targetHints":{"allow":["GET"]}}],"collection":[{"href":"https:\/\/semmelweis.hu\/csaladbarat\/wp-json\/wp\/v2\/posts"}],"about":[{"href":"https:\/\/semmelweis.hu\/csaladbarat\/wp-json\/wp\/v2\/types\/post"}],"author":[{"embeddable":true,"href":"https:\/\/semmelweis.hu\/csaladbarat\/wp-json\/wp\/v2\/users\/101174"}],"replies":[{"embeddable":true,"href":"https:\/\/semmelweis.hu\/csaladbarat\/wp-json\/wp\/v2\/comments?post=5369"}],"version-history":[{"count":8,"href":"https:\/\/semmelweis.hu\/csaladbarat\/wp-json\/wp\/v2\/posts\/5369\/revisions"}],"predecessor-version":[{"id":6511,"href":"https:\/\/semmelweis.hu\/csaladbarat\/wp-json\/wp\/v2\/posts\/5369\/revisions\/6511"}],"wp:featuredmedia":[{"embeddable":true,"href":"https:\/\/semmelweis.hu\/csaladbarat\/wp-json\/wp\/v2\/media\/5371"}],"wp:attachment":[{"href":"https:\/\/semmelweis.hu\/csaladbarat\/wp-json\/wp\/v2\/media?parent=5369"}],"wp:term":[{"taxonomy":"category","embeddable":true,"href":"https:\/\/semmelweis.hu\/csaladbarat\/wp-json\/wp\/v2\/categories?post=5369"},{"taxonomy":"post_tag","embeddable":true,"href":"https:\/\/semmelweis.hu\/csaladbarat\/wp-json\/wp\/v2\/tags?post=5369"}],"curies":[{"name":"wp","href":"https:\/\/api.w.org\/{rel}","templated":true}]}}