{"id":4080,"date":"2023-10-17T15:38:55","date_gmt":"2023-10-17T13:38:55","guid":{"rendered":"https:\/\/semmelweis.hu\/csaladbarat\/?p=4080"},"modified":"2025-06-18T13:42:39","modified_gmt":"2025-06-18T11:42:39","slug":"new-york-uniform-egeszsegugyi-munkaruhazat","status":"publish","type":"post","link":"https:\/\/semmelweis.hu\/csaladbarat\/2023\/10\/17\/new-york-uniform-egeszsegugyi-munkaruhazat\/","title":{"rendered":"New York Uniform (eg\u00e9szs\u00e9g\u00fcgyi munkaruh\u00e1zat)"},"content":{"rendered":"<h6 style=\"text-align: center\"><strong>A New York Uniform eg\u00e9szs\u00e9g\u00fcgyi munkaruh\u00e1zat sz\u00e9les v\u00e1laszt\u00e9k\u00e1val v\u00e1rja a Semmelweis Polg\u00e1rokat.<\/strong><\/h6>\n<p style=\"text-align: justify\"><strong>V\u00e1logasson a New York Uniform hatalmas sz\u00edn- \u00e9s m\u00e9retv\u00e1laszt\u00e9k\u00e1b\u00f3l, r\u00e1ad\u00e1sul kedvezm\u00e9nnyel!<\/strong><\/p>\n<p style=\"text-align: justify\">A NEW YORK DENTAL Kft. megalap\u00edt\u00e1sa a magyar fogtechnikai \u00e9s dent\u00e1lhigi\u00e9nai piac egyik \u00fatt\u00f6r\u0151 kezdem\u00e9nyez\u00e9se volt. 1994-ben k\u00e9t v\u00e1llalkoz\u00f3kedv\u0171 fiatal fogtechnikus szakember \u00e1llt \u00f6ssze \u00e9s kezdett egy\u00fctt dolgozni. Az id\u0151 \u0151ket igazolta. T\u00e1rsas\u00e1guk a mai napig hat\u00e9konyan m\u0171k\u00f6dik, a fejl\u0151d\u00e9s a kezdetekt\u0151l fogva t\u00f6retlen. Igazi sikert\u00f6rt\u00e9net! A NEW YORK DENTAL Kft. m\u0171k\u00f6d\u00e9s\u00e9t az\u00f3ta is professzionalizmus \u00e9s m\u00e9ly szakmai al\u00e1zat jellemzi. Hozz\u00e1\u00e9rt\u0151 csapat\u00e1val pr\u00e9mium min\u0151s\u00e9g\u0171 term\u00e9kekkel szolg\u00e1lja ki a fog\u00e1szati \u00e9s fogtechnikai v\u00e1llalkoz\u00e1sok szerte\u00e1gaz\u00f3 ig\u00e9nyeit. Emellett \u00faj brandd\u00e9 alakult New York Uniform \u00fczlet\u00e1g\u00e1val az eg\u00e9szs\u00e9g\u00fcgyi munkaruh\u00e1zattal is egyre t\u00f6bb specialist\u00e1t \u00e9s fogyaszt\u00f3t \u00e9rnek el, biztos\u00edtva a min\u0151s\u00e9gi term\u00e9keket a mindennapokban is.<\/p>\n<div class=\"keretes w-100\">\n<p><strong>A kedvezm\u00e9ny m\u00e9rt\u00e9ke \u00e9s felhaszn\u00e1l\u00e1si m\u00f3dja:<\/strong><\/p>\n<ul>\n<li style=\"text-align: justify\"><strong><a href=\"http:\/\/www.newyorkuniform.hu\">Munkaruh\u00e1zati webshop<\/a>: <\/strong>a fizet\u00e9si adatok megad\u00e1sakor a Kupon megad\u00e1sa mez\u0151be a <strong>SOTE15<\/strong> kuponk\u00f3d megad\u00e1s\u00e1val \u00e9s a Bev\u00e1lt\u00e1s gomb megnyom\u00e1s\u00e1val \u00e9rv\u00e9nyes\u00edthet\u0151 a <strong>15% kedvezm\u00e9ny<\/strong>. <strong>A kedvezm\u00e9ny a teljes \u00e1r\u00fa term\u00e9kekre \u00e9rv\u00e9nyes\u00edthet\u0151, aj\u00e1nd\u00e9kutalv\u00e1nyra vagy akci\u00f3s term\u00e9kekre nem haszn\u00e1lhat\u00f3 fel.<\/strong><\/li>\n<li style=\"text-align: justify\"><em style=\"font-size: 1rem;text-align: left\">Munkaruh\u00e1zati szak\u00fczletekben a k\u00e1rtya felmutat\u00e1s\u00e1val 15% kedvezm\u00e9nyt kapnak a tagok a teljes \u00e1r\u00fa term\u00e9kekb\u0151l.<\/em>\n<ul>\n<li>4025 Debrecen, Piac utca 73.<\/li>\n<li>1082 Budapest, Baross utca 21.<\/li>\n<li>1135 Budapest, Frangep\u00e1n u. 66\/B.<\/li>\n<\/ul>\n<\/li>\n<li><strong><a href=\"http:\/\/www.newyorkdental.hu\">Fog\u00e1szati \u00e9s fogtechnikai webshop<\/a>: <\/strong>a Kupon megad\u00e1sa mez\u0151be a <strong>SOTE15 kuponk\u00f3d<\/strong> megad\u00e1s\u00e1val \u00e9s a Bev\u00e1lt\u00e1s gomb megnyom\u00e1s\u00e1val \u00e9rv\u00e9nyes\u00edthet\u0151 a kedvezm\u00e9ny. Mely itt is a teljes \u00e1r\u00fa term\u00e9kekre biztos\u00edt <strong>15% kedvezm\u00e9nyt<\/strong>, kiv\u00e9ve f\u00e9mek, nemesf\u00e9mek, g\u00e9pek berendez\u00e9sek \u00e9s Orascoptic term\u00e9kekre.<\/li>\n<li><em>Fog\u00e1szati \u00e9s fogtechnikai szak\u00fczletben <em style=\"font-size: 1rem;text-align: left\">a k\u00e1rtya felmutat\u00e1s\u00e1val 15% kedvezm\u00e9nyt kapnak a tagok a teljes \u00e1r\u00fa term\u00e9kekb\u0151l.<\/em><\/em>\n<ul>\n<li>1135 Budapest, Frangep\u00e1n u. 66\/B.<\/li>\n<\/ul>\n<\/li>\n<\/ul>\n<\/div>\n<p><img loading=\"lazy\" decoding=\"async\" class=\"wp-image-4081 aligncenter\" src=\"https:\/\/semmelweis.hu\/csaladbarat\/files\/2023\/10\/20220422-ruha-banner-400x146.jpg\" alt=\"\" width=\"715\" height=\"261\" srcset=\"https:\/\/semmelweis.hu\/csaladbarat\/files\/2023\/10\/20220422-ruha-banner-400x146.jpg 400w, https:\/\/semmelweis.hu\/csaladbarat\/files\/2023\/10\/20220422-ruha-banner-1024x374.jpg 1024w, https:\/\/semmelweis.hu\/csaladbarat\/files\/2023\/10\/20220422-ruha-banner-768x281.jpg 768w, https:\/\/semmelweis.hu\/csaladbarat\/files\/2023\/10\/20220422-ruha-banner-1536x562.jpg 1536w, https:\/\/semmelweis.hu\/csaladbarat\/files\/2023\/10\/20220422-ruha-banner-2048x749.jpg 2048w, https:\/\/semmelweis.hu\/csaladbarat\/files\/2023\/10\/20220422-ruha-banner-753x275.jpg 753w\" sizes=\"auto, (max-width: 715px) 100vw, 715px\" \/><\/p>\n","protected":false},"excerpt":{"rendered":"<p>A New York Uniform eg\u00e9szs\u00e9g\u00fcgyi munkaruh\u00e1zat sz\u00e9les v\u00e1laszt\u00e9k\u00e1val v\u00e1rja a Semmelweis Polg\u00e1rokat. V\u00e1logasson a New York Uniform hatalmas sz\u00edn- \u00e9s m\u00e9retv\u00e1laszt\u00e9k\u00e1b\u00f3l, r\u00e1ad\u00e1sul kedvezm\u00e9nnyel! A NEW YORK DENTAL Kft. megalap\u00edt\u00e1sa a magyar fogtechnikai \u00e9s dent\u00e1lhigi\u00e9nai piac egyik \u00fatt\u00f6r\u0151 kezdem\u00e9nyez\u00e9se volt. 1994-ben k\u00e9t v\u00e1llalkoz\u00f3kedv\u0171 fiatal fogtechnikus szakember \u00e1llt \u00f6ssze \u00e9s kezdett egy\u00fctt dolgozni. Az id\u0151 \u0151ket igazolta. &hellip;<\/p>\n","protected":false},"author":101174,"featured_media":4084,"comment_status":"closed","ping_status":"closed","sticky":false,"template":"","format":"standard","meta":{"_acf_changed":false,"footnotes":""},"categories":[15,14,13,218,318],"tags":[202],"class_list":["post-4080","post","type-post","status-publish","format-standard","has-post-thumbnail","hentry","category-alumni","category-hallgatok","category-munkatarsak","category-se-partnerek","category-shop-webshop","tag-munkaruha"],"acf":[],"publishpress_future_action":{"enabled":false,"date":"1970-01-01 01:00:00","action":"","terms":[],"taxonomy":"","browser_timezone_offset":0},"_links":{"self":[{"href":"https:\/\/semmelweis.hu\/csaladbarat\/wp-json\/wp\/v2\/posts\/4080","targetHints":{"allow":["GET"]}}],"collection":[{"href":"https:\/\/semmelweis.hu\/csaladbarat\/wp-json\/wp\/v2\/posts"}],"about":[{"href":"https:\/\/semmelweis.hu\/csaladbarat\/wp-json\/wp\/v2\/types\/post"}],"author":[{"embeddable":true,"href":"https:\/\/semmelweis.hu\/csaladbarat\/wp-json\/wp\/v2\/users\/101174"}],"replies":[{"embeddable":true,"href":"https:\/\/semmelweis.hu\/csaladbarat\/wp-json\/wp\/v2\/comments?post=4080"}],"version-history":[{"count":4,"href":"https:\/\/semmelweis.hu\/csaladbarat\/wp-json\/wp\/v2\/posts\/4080\/revisions"}],"predecessor-version":[{"id":4145,"href":"https:\/\/semmelweis.hu\/csaladbarat\/wp-json\/wp\/v2\/posts\/4080\/revisions\/4145"}],"wp:featuredmedia":[{"embeddable":true,"href":"https:\/\/semmelweis.hu\/csaladbarat\/wp-json\/wp\/v2\/media\/4084"}],"wp:attachment":[{"href":"https:\/\/semmelweis.hu\/csaladbarat\/wp-json\/wp\/v2\/media?parent=4080"}],"wp:term":[{"taxonomy":"category","embeddable":true,"href":"https:\/\/semmelweis.hu\/csaladbarat\/wp-json\/wp\/v2\/categories?post=4080"},{"taxonomy":"post_tag","embeddable":true,"href":"https:\/\/semmelweis.hu\/csaladbarat\/wp-json\/wp\/v2\/tags?post=4080"}],"curies":[{"name":"wp","href":"https:\/\/api.w.org\/{rel}","templated":true}]}}