{"id":12888,"date":"2026-09-02T10:27:24","date_gmt":"2026-09-02T08:27:24","guid":{"rendered":"https:\/\/semmelweis.hu\/csaladbarat\/?p=12888"},"modified":"2026-09-02T10:27:24","modified_gmt":"2026-09-02T08:27:24","slug":"uj-evad-bemutatok-es-kedvezmenyes-berlet-a-budapesti-operettszinhazban","status":"publish","type":"post","link":"https:\/\/semmelweis.hu\/csaladbarat\/2026\/09\/02\/uj-evad-bemutatok-es-kedvezmenyes-berlet-a-budapesti-operettszinhazban\/","title":{"rendered":"\u00daj \u00e9vad, bemutat\u00f3k \u00e9s kedvezm\u00e9nyes b\u00e9rlet a Budapesti Operettsz\u00ednh\u00e1zban"},"content":{"rendered":"<p style=\"text-align: center\"><strong>A szeptemberi el\u0151ad\u00e1sok\u00e9rt kattintson <a href=\"https:\/\/semmelweis.hu\/csaladbarat\/files\/2026\/09\/szeptemberi-eloadasok-operettszinhaz.pdf\">IDE<\/a>.<\/strong><\/p>\n<p style=\"text-align: center\"><strong>Az okt\u00f3beri el\u0151ad\u00e1sok\u00e9rt kattintson <a href=\"https:\/\/semmelweis.hu\/csaladbarat\/files\/2026\/09\/szeptemberi-eloadasok-operettszinhaz.pdf\">IDE<\/a>.<\/strong><\/p>\n<p style=\"text-align: center\"><strong>Az \u00e9vad b\u00e9rlett\u00e1j\u00e9koztat\u00f3j\u00e1\u00e9rt kattintson <a href=\"https:\/\/semmelweis.hu\/csaladbarat\/files\/2026\/09\/szeptemberi-eloadasok-operettszinhaz.pdf\">IDE<\/a>.<\/strong><\/p>\n<p><strong>\u00a0<\/strong><\/p>\n<div class=\"lead\"><strong>A <em>Mindig itt lesz\u00fcnk\u2026 Moh\u00e1cs 500<\/em> c\u00edm\u0171 rockmusical \u0151sbemutat\u00f3j\u00e1val nyitja meg 2026\/27-es \u00e9vad\u00e1t a Budapesti Operettsz\u00ednh\u00e1z. A szeptember 11-\u00e9n deb\u00fct\u00e1l\u00f3 el\u0151ad\u00e1sra csal\u00e1di jegyek is v\u00e1lthat\u00f3k, amelyekkel a 18 \u00e9v alatti n\u00e9z\u0151k meghat\u00e1rozott felt\u00e9telekkel 50%-os kedvezm\u00e9nyben r\u00e9szes\u00fclhetnek.<\/strong><\/div>\n<div class=\"keretes w-100\">\n<p><span style=\"font-size: 18pt\"><strong>Legfontosabb tudnival\u00f3k<\/strong><\/span><\/p>\n<ul>\n<li><strong>20% kedvezm\u00e9nnyel<\/strong> v\u00e1s\u00e1rolhat\u00f3 b\u00e9rlet<\/li>\n<li>Aj\u00e1nd\u00e9k priv\u00e1t <strong>kulisszaj\u00e1r\u00e1s<\/strong><\/li>\n<li><strong>Csal\u00e1di jegyek<\/strong>: 50% kedvezm\u00e9nnyel a 18 \u00e9v alatti n\u00e9z\u0151knek<\/li>\n<li>\u00c9vadnyit\u00e1s: <em>Mindig itt lesz\u00fcnk\u2026Moh\u00e1cs 500<\/em> c\u00edm\u0171 darabbal<\/li>\n<\/ul>\n<\/div>\n<p>A t\u00e1rsulattal az \u00e9vad els\u0151 el\u0151ad\u00e1sai el\u0151tt, <strong>szeptember 5-\u00e9n a Pozsonyi Pikniken<\/strong> is tal\u00e1lkozhatnak az \u00e9rdekl\u0151d\u0151k. A sz\u00ednh\u00e1z m\u0171sorral, kedvezm\u00e9nyes jegyv\u00e1s\u00e1rl\u00e1si lehet\u0151s\u00e9ggel \u00e9s aj\u00e1nd\u00e9kokkal v\u00e1rja a fesztiv\u00e1l l\u00e1togat\u00f3it.<\/p>\n<h2><strong>Kedvezm\u00e9nyes sz\u00ednh\u00e1zi b\u00e9rlet a Semmelweis polg\u00e1rainak<\/strong><\/h2>\n<p>A kedvezm\u00e9nyes b\u00e9rlet t\u00f6rt\u00e9nelmi rockmusicalre, zen\u00e9s g\u00e1l\u00e1ra \u00e9s romantikus operettre egyar\u00e1nt invit\u00e1lja a n\u00e9z\u0151ket:<\/p>\n<ul>\n<li>A <strong>2026. szeptember 21-\u00e9n 19 \u00f3rakor<\/strong> kezd\u0151d\u0151 <em>Mindig itt lesz\u00fcnk\u2026 Moh\u00e1cs 500<\/em> a moh\u00e1csi csata \u00f6tsz\u00e1zadik \u00e9vfordul\u00f3j\u00e1hoz kapcsol\u00f3dva az \u00f6sszetartoz\u00e1s, a hazaszeretet \u00e9s az \u00fajrakezd\u00e9s k\u00e9rd\u00e9seit \u00e1ll\u00edtja k\u00f6z\u00e9ppontba.<\/li>\n<li>A <strong>2027. \u00e1prilis 4-\u00e9n 19 \u00f3rakor<\/strong> l\u00e1that\u00f3 <em>Ragyog\u00f3 csillagok<\/em> c\u00edm\u0171 g\u00e1l\u00e1n a zen\u00e9s sz\u00ednh\u00e1z ismert vil\u00e1gsl\u00e1gerei csend\u00fclnek fel a sz\u00ednh\u00e1z sz\u00f3list\u00e1i, teljes \u00e9nekkara \u00e9s zenekara k\u00f6zrem\u0171k\u00f6d\u00e9s\u00e9vel.<\/li>\n<li>A b\u00e9rletsorozatot <strong>2027. j\u00fanius 1-j\u00e9n 19 \u00f3rakor<\/strong> <em>A montmartre-i ibolya<\/em> z\u00e1rja. K\u00e1lm\u00e1n Imre romantikus operettje a p\u00e1rizsi Montmartre boh\u00e9m m\u0171v\u00e9szvil\u00e1g\u00e1ba kalauzolja a k\u00f6z\u00f6ns\u00e9get.<\/li>\n<\/ul>\n<p>A b\u00e9rlet kedvezm\u00e9nyei a k\u00f6vetkez\u0151k\u00e9pp alakulnak:<\/p>\n<ul>\n<li><strong>VIP:<\/strong> 63 100 Ft helyett <strong>50 500 Ft<\/strong><\/li>\n<li><strong>Exkluz\u00edv:<\/strong> 42 600 Ft helyett <strong>34 200 Ft<\/strong><\/li>\n<li><strong>Emelt zs\u00f6llye:<\/strong> 36 200 Ft helyett <strong>28 900 Ft<\/strong><\/li>\n<li><strong>I. kateg\u00f3ria:<\/strong> 32 500 Ft helyett <strong>26 000 Ft<\/strong><\/li>\n<li><strong>II. kateg\u00f3ria:<\/strong> 27 700 Ft helyett <strong>22 100 Ft<\/strong><\/li>\n<li><strong>III. kateg\u00f3ria:<\/strong> 22 000 Ft helyett <strong>17 600 Ft<\/strong><\/li>\n<li><strong>IV. kateg\u00f3ria:<\/strong> 15 400 Ft helyett <strong>12 300 Ft<\/strong><\/li>\n<li><strong>V. kateg\u00f3ria:<\/strong> 9 800 Ft helyett <strong>7 900 Ft<\/strong><\/li>\n<\/ul>\n<div class=\"fontos_div\">\n<p>A b\u00e9rlet megv\u00e1s\u00e1rl\u00e1s\u00e1\u00e9rt kattintson <strong><a href=\"https:\/\/operett.jegy.hu\/seasonticket\/partner\">IDE<\/a><\/strong>.<\/p>\n<\/div>\n<h2><strong>Pillantson be a kulissz\u00e1k m\u00f6g\u00e9!<\/strong><\/h2>\n<p>A b\u00e9rlethez <strong>egy alkalommal aj\u00e1nd\u00e9k priv\u00e1t kulisszaj\u00e1r\u00e1s<\/strong> is j\u00e1r, amely a h\u00e1rom el\u0151ad\u00e1s k\u00f6z\u00fcl egy szabadon v\u00e1lasztott napon, az el\u0151ad\u00e1s el\u0151tt <strong>17:30-t\u00f3l<\/strong> vehet\u0151 ig\u00e9nybe. A program kiz\u00e1r\u00f3lag b\u00e9rletv\u00e1s\u00e1rl\u00e1s eset\u00e9n \u00e9rhet\u0151 el, \u00e9s el\u0151zetes regisztr\u00e1ci\u00f3hoz k\u00f6t\u00f6tt.<\/p>\n<p>Jelentkezni a <strong><a href=\"mailto:jegy@operett.hu\">jegy@operett.hu<\/a><\/strong> e-mail-c\u00edmen lehet, a b\u00e9rletv\u00e1s\u00e1rl\u00e1skor megadott n\u00e9v, a kiv\u00e1lasztott el\u0151ad\u00e1s id\u0151pontja \u00e9s a telefonsz\u00e1m felt\u00fcntet\u00e9s\u00e9vel. A sikeres regisztr\u00e1ci\u00f3r\u00f3l a sz\u00ednh\u00e1z \u00edr\u00e1sos visszaigazol\u00e1st k\u00fcld. A csoportok l\u00e9tsz\u00e1ma korl\u00e1tozott, ez\u00e9rt \u00e9rdemes a b\u00e9rlet megv\u00e1s\u00e1rl\u00e1s\u00e1t k\u00f6vet\u0151en miel\u0151bb jelentkezni.<\/p>\n<h2><strong>\u00c9vadnyit\u00e1s a Pozsonyi Pikniken \u00e9s a sz\u00ednpadon<\/strong><\/h2>\n<p>A t\u00e1rsulattal az \u00e9vad els\u0151 el\u0151ad\u00e1sai el\u0151tt, <strong>szeptember 5-\u00e9n a Pozsonyi Pikniken<\/strong> is tal\u00e1lkozhatnak az \u00e9rdekl\u0151d\u0151k. A sz\u00ednh\u00e1z m\u0171sorral, kedvezm\u00e9nyes jegyv\u00e1s\u00e1rl\u00e1si lehet\u0151s\u00e9ggel \u00e9s aj\u00e1nd\u00e9kokkal v\u00e1rja a fesztiv\u00e1l l\u00e1togat\u00f3it.<\/p>\n<p>A k\u0151sz\u00ednh\u00e1zi \u00e9vad <strong>szeptember 11-\u00e9n, p\u00e9nteken<\/strong> Szomor Gy\u00f6rgy \u00faj rockmusical\u00e9nek \u0151sbemutat\u00f3j\u00e1val kezd\u0151dik. A <em>Mindig itt lesz\u00fcnk\u2026 Moh\u00e1cs 500<\/em> <strong>szeptember 11. \u00e9s 21. k\u00f6z\u00f6tt nyolc alkalommal<\/strong> tekinthet\u0151 meg.<\/p>\n<p>A produkci\u00f3 II. Lajos kir\u00e1ly, Habsburg M\u00e1ria \u00e9s kort\u00e1rsaik t\u00f6rt\u00e9net\u00e9n kereszt\u00fcl id\u00e9zi fel a magyar t\u00f6rt\u00e9nelem egyik meghat\u00e1roz\u00f3 esem\u00e9ny\u00e9t. A t\u00f6rt\u00e9nelmi fordul\u00f3pont m\u00f6g\u00f6tt szem\u00e9lyes sorsok, szerelmek \u00e9s neh\u00e9z d\u00f6nt\u00e9sek rajzol\u00f3dnak ki, mik\u00f6zben az el\u0151ad\u00e1s az \u00f6sszetartoz\u00e1sr\u00f3l \u00e9s az \u00fajrakezd\u00e9s lehet\u0151s\u00e9g\u00e9r\u0151l is sz\u00f3l.<\/p>\n<p>A m\u0171 zen\u00e9j\u00e9t, dalsz\u00f6vegeit \u00e9s librett\u00f3j\u00e1t a <em>Monte Cristo gr\u00f3fja<\/em> szerz\u0151jek\u00e9nt is ismert <strong>Szomor Gy\u00f6rgy<\/strong> jegyzi. Az el\u0151ad\u00e1st <strong>Homonnay Zsolt<\/strong> rendezi, koreogr\u00e1fusa <strong>Simon Istv\u00e1n<\/strong>. A d\u00edszleteket <strong>T\u00fari Erzs\u00e9bet<\/strong>, a jelmezeket <strong>Berzsenyi Krisztina<\/strong> tervezi.<\/p>\n<p>A szerepl\u0151k k\u00f6z\u00f6tt l\u00e1that\u00f3 <strong>Tassonyi Bal\u00e1zs<\/strong> II. Lajos, <strong>Nagy Alma Vir\u00e1g<\/strong> Habsburg M\u00e1ria, <strong>Szomor Gy\u00f6rgy<\/strong> II. Ul\u00e1szl\u00f3 \u00e9s <strong>Lipics Franciska<\/strong> Anna kir\u00e1lyn\u00e9 szerep\u00e9ben. Szapolyai J\u00e1nost <strong>Kocsis D\u00e9nes<\/strong>, Szapolyai Gy\u00f6rgy\u00f6t <strong>F\u00f6ldes Tam\u00e1s<\/strong>, Tomori P\u00e1lt <strong>S\u00e1ndor P\u00e9ter<\/strong> alak\u00edtja<\/p>\n<div class=\"fontos_div\">\n<p>Az el\u0151ad\u00e1sra <a href=\"https:\/\/operett.jegy.hu\/program\/mindig-itt-leszunk-mohacs-500-193383\/\"><strong>ITT<\/strong> lehet<\/a> jegyet venni.<\/p>\n<\/div>\n<h2><strong>Csal\u00e1di sz\u00ednh\u00e1z\u00e9lm\u00e9ny kedvezm\u00e9nyesen<\/strong><\/h2>\n<p>A 2026\/27-es \u00e9vadban a <em>Mindig itt lesz\u00fcnk\u2026 Moh\u00e1cs 500<\/em>, a <em>Heged\u0171s a h\u00e1ztet\u0151n<\/em> \u00e9s a <em>Di\u00f3t\u00f6r\u0151<\/em> c\u00edm\u0171 el\u0151ad\u00e1sokra is v\u00e1s\u00e1rolhat\u00f3k csal\u00e1di jegyek.<\/p>\n<p>A kedvezm\u00e9ny felt\u00e9tele <strong>legal\u00e1bb egy teljes \u00e1r\u00fa jegy megv\u00e1s\u00e1rl\u00e1sa<\/strong>, amely mell\u00e9 <strong>legfeljebb h\u00e1rom tov\u00e1bbi jegy v\u00e1lthat\u00f3 50%-os kedvezm\u00e9nnyel<\/strong>. A kedvezm\u00e9nyes jegyeket a teljes \u00e1r\u00fa jeggyel \u00e9rkez\u0151 n\u00e9z\u0151 k\u00eds\u00e9ret\u00e9ben azok vehetik ig\u00e9nybe, akik az el\u0151ad\u00e1s napj\u00e1n m\u00e9g nem t\u00f6lt\u00f6tt\u00e9k be 18. \u00e9let\u00e9v\u00fcket.<\/p>\n<p>A jogosults\u00e1got bel\u00e9p\u00e9skor ellen\u0151rzik, ez\u00e9rt a kedvezm\u00e9nyes jeggyel \u00e9rkez\u0151knek magukkal kell hozniuk az \u00e9letkor igazol\u00e1s\u00e1ra alkalmas hat\u00f3s\u00e1gi igazolv\u00e1nyukat. Ha a jogosults\u00e1g nem igazolhat\u00f3, a bel\u00e9p\u00e9shez a kedvezm\u00e9nyes \u00e9s a teljes \u00e1r k\u00f6z\u00f6tti k\u00fcl\u00f6nb\u00f6zetet a jegyp\u00e9nzt\u00e1rban k\u00e9szp\u00e9nzzel vagy elektronikus fizet\u00e9ssel sz\u00fcks\u00e9ges rendezni.<\/p>\n<p>&nbsp;<\/p>\n","protected":false},"excerpt":{"rendered":"<p>A szeptemberi el\u0151ad\u00e1sok\u00e9rt kattintson <a href=\"https:\/\/semmelweis.hu\/csaladbarat\/files\/2026\/09\/szeptemberi-eloadasok-operettszinhaz.pdf\">IDE<\/a> . Az okt\u00f3beri el\u0151ad\u00e1sok\u00e9rt kattintson <a href=\"https:\/\/semmelweis.hu\/csaladbarat\/files\/2026\/09\/szeptemberi-eloadasok-operettszinhaz.pdf\">IDE<\/a> . Az \u00e9vad b\u00e9rlett\u00e1j\u00e9koztat\u00f3j\u00e1\u00e9rt kattintson <a href=\"https:\/\/semmelweis.hu\/csaladbarat\/files\/2026\/09\/szeptemberi-eloadasok-operettszinhaz.pdf\">IDE<\/a> . \u00a0 A Mindig itt lesz\u00fcnk\u2026 Moh\u00e1cs 500 c\u00edm\u0171 rockmusical \u0151sbemutat\u00f3j\u00e1val nyitja meg 2026\/27-es \u00e9vad\u00e1t a Budapesti Operettsz\u00ednh\u00e1z. A szeptember 11-\u00e9n deb\u00fct\u00e1l\u00f3 el\u0151ad\u00e1sra csal\u00e1di jegyek is v\u00e1lthat\u00f3k, amelyekkel a 18 \u00e9v alatti n\u00e9z\u0151k meghat\u00e1rozott felt\u00e9telekkel 50%-os kedvezm\u00e9nyben r\u00e9szes\u00fclhetnek. Legfontosabb tudnival\u00f3k 20% &hellip;<\/p>\n","protected":false},"author":102649,"featured_media":12896,"comment_status":"closed","ping_status":"closed","sticky":false,"template":"","format":"standard","meta":{"_acf_changed":false,"footnotes":""},"categories":[11,17,1],"tags":[],"class_list":["post-12888","post","type-post","status-publish","format-standard","has-post-thumbnail","hentry","category-kedvezmenyek","category-szorakozas","category-ujdonsagok"],"acf":[],"publishpress_future_action":{"enabled":false,"date":"2026-09-23 13:40:13","action":"change-status","newStatus":"draft","terms":[],"taxonomy":"category","extraData":[]},"publishpress_future_workflow_manual_trigger":{"enabledWorkflows":[]},"_links":{"self":[{"href":"https:\/\/semmelweis.hu\/csaladbarat\/wp-json\/wp\/v2\/posts\/12888","targetHints":{"allow":["GET"]}}],"collection":[{"href":"https:\/\/semmelweis.hu\/csaladbarat\/wp-json\/wp\/v2\/posts"}],"about":[{"href":"https:\/\/semmelweis.hu\/csaladbarat\/wp-json\/wp\/v2\/types\/post"}],"author":[{"embeddable":true,"href":"https:\/\/semmelweis.hu\/csaladbarat\/wp-json\/wp\/v2\/users\/102649"}],"replies":[{"embeddable":true,"href":"https:\/\/semmelweis.hu\/csaladbarat\/wp-json\/wp\/v2\/comments?post=12888"}],"version-history":[{"count":5,"href":"https:\/\/semmelweis.hu\/csaladbarat\/wp-json\/wp\/v2\/posts\/12888\/revisions"}],"predecessor-version":[{"id":12897,"href":"https:\/\/semmelweis.hu\/csaladbarat\/wp-json\/wp\/v2\/posts\/12888\/revisions\/12897"}],"wp:featuredmedia":[{"embeddable":true,"href":"https:\/\/semmelweis.hu\/csaladbarat\/wp-json\/wp\/v2\/media\/12896"}],"wp:attachment":[{"href":"https:\/\/semmelweis.hu\/csaladbarat\/wp-json\/wp\/v2\/media?parent=12888"}],"wp:term":[{"taxonomy":"category","embeddable":true,"href":"https:\/\/semmelweis.hu\/csaladbarat\/wp-json\/wp\/v2\/categories?post=12888"},{"taxonomy":"post_tag","embeddable":true,"href":"https:\/\/semmelweis.hu\/csaladbarat\/wp-json\/wp\/v2\/tags?post=12888"}],"curies":[{"name":"wp","href":"https:\/\/api.w.org\/{rel}","templated":true}]}}