{"id":12869,"date":"2026-08-31T16:04:34","date_gmt":"2026-08-31T14:04:34","guid":{"rendered":"https:\/\/semmelweis.hu\/csaladbarat\/?p=12869"},"modified":"2026-08-31T16:15:00","modified_gmt":"2026-08-31T14:15:00","slug":"konyves-feltoltodes-a-nyar-vegere-libri-kedvezmeny-egeszsegugyi-dolgozoknak","status":"publish","type":"post","link":"https:\/\/semmelweis.hu\/csaladbarat\/2026\/08\/31\/konyves-feltoltodes-a-nyar-vegere-libri-kedvezmeny-egeszsegugyi-dolgozoknak\/","title":{"rendered":"K\u00f6nyves felt\u00f6lt\u0151d\u00e9s a ny\u00e1r v\u00e9g\u00e9re &#8211; Libri kedvezm\u00e9ny eg\u00e9szs\u00e9g\u00fcgyi dolgoz\u00f3knak"},"content":{"rendered":"<div class=\"qMYqUG_convSearchResultHighlightRoot\">\n<div class=\"\" data-turn-id-container=\"request-WEB:e91ecee9-528c-4ae1-a128-646dfa6e567b-0\" data-is-intersecting=\"true\">\n<section class=\"text-token-text-primary w-full focus:outline-none has-data-writing-block:pointer-events-none [&amp;:has([data-writing-block])&gt;*]:pointer-events-auto R6Vx5W_threadScrollVars scroll-mb-[calc(var(--scroll-root-safe-area-inset-bottom,0px)+var(--thread-response-height))] scroll-mt-[calc(var(--header-height)+min(200px,max(70px,20svh)))]\" dir=\"auto\" data-turn-id=\"request-WEB:e91ecee9-528c-4ae1-a128-646dfa6e567b-0\" data-turn-id-container=\"request-WEB:e91ecee9-528c-4ae1-a128-646dfa6e567b-0\" data-testid=\"conversation-turn-2\" data-turn=\"assistant\">\n<div class=\"text-base my-auto mx-auto pb-8 [--thread-content-margin:var(--thread-content-margin-xs,calc(var(--spacing)*4))] @w-sm\/main:[--thread-content-margin:var(--thread-content-margin-sm,calc(var(--spacing)*6))] @w-lg\/main:[--thread-content-margin:var(--thread-content-margin-lg,calc(var(--spacing)*16))] px-(--thread-content-margin)\">\n<div class=\"[--thread-content-max-width:40rem] @w-lg\/main:[--thread-content-max-width:48rem] mx-auto max-w-(--thread-content-max-width) flex-1 group\/turn-messages focus-visible:outline-hidden @[53.5rem]\/main:[--thread-content-max-width:48rem] relative flex w-full min-w-0 flex-col agent-turn\" data-conversation-screenshot-content=\"\">\n<div class=\"flex max-w-full flex-col gap-4 grow\">\n<div class=\"min-h-8 text-message relative flex w-full flex-col items-end gap-2 text-start break-words whitespace-normal outline-none keyboard-focused:focus-ring [.text-message+&amp;]:mt-1\" dir=\"auto\" data-message-author-role=\"assistant\" data-message-id=\"3a343880-3a47-51a0-a100-6430dd578151\" data-turn-start-message=\"true\" data-message-model-slug=\"gpt-5.6-sol-wm\">\n<div class=\"flex w-full flex-col gap-1 empty:hidden\">\n<div class=\"markdown prose dark:prose-invert wrap-break-word w-full dark markdown-new-styling\">\n<p data-start=\"37\" data-end=\"226\">A ny\u00e1r ugyan lassan b\u00facs\u00fazik, a kikapcsol\u00f3d\u00e1snak azonban nem kell v\u00e9get \u00e9rnie. A Libri ez\u00fattal kedvezm\u00e9nyes k\u00f6nyvv\u00e1s\u00e1rl\u00e1si lehet\u0151s\u00e9ggel j\u00e1rul hozz\u00e1 az eg\u00e9szs\u00e9g\u00fcgyi dolgoz\u00f3k felt\u00f6lt\u0151d\u00e9s\u00e9hez.<\/p>\n<div class=\"keretes w-100\">\n<p><strong>2026. augusztus 31. \u00e9s szeptember 2. k\u00f6z\u00f6tt<\/strong> az eg\u00e9szs\u00e9g\u00fcgyi igazolv\u00e1nnyal rendelkez\u0151 k\u00f6zszolg\u00e1lati dolgoz\u00f3k 20 sz\u00e1zal\u00e9kos kedvezm\u00e9nnyel v\u00e1s\u00e1rolhatnak k\u00f6nyveket \u00e9s hangosk\u00f6nyveket. Az \u00e1rk\u00f6t\u00f6tt k\u00f6nyvekre 10 sz\u00e1zal\u00e9kos kedvezm\u00e9ny vehet\u0151 ig\u00e9nybe.<\/p>\n<\/div>\n<p data-start=\"472\" data-end=\"690\">A kedvezm\u00e9ny a Libri k\u00f6nyvesboltjaiban <a href=\"https:\/\/semmelweis.hu\/csaladbarat\/files\/2026\/08\/Libri-kupon.pdf\">az akci\u00f3hoz tartoz\u00f3 vonalk\u00f3d<\/a> \u00e9s az eg\u00e9szs\u00e9g\u00fcgyi igazolv\u00e1ny felmutat\u00e1s\u00e1val, a <a class=\"decorated-link\" href=\"https:\/\/www.libri.hu\" target=\"_new\" rel=\"noopener\">libri.hu<\/a> web\u00e1ruh\u00e1zban pedig a <strong data-start=\"642\" data-end=\"653\">6E2SULI<\/strong> kuponk\u00f3d megad\u00e1s\u00e1val \u00e9rv\u00e9nyes\u00edthet\u0151.<\/p>\n<ul>\n<li><strong data-start=\"692\" data-end=\"716\">Az akci\u00f3 id\u0151tartama:<\/strong> 2026. augusztus 31. \u2013 szeptember 2.<\/li>\n<li><strong data-start=\"755\" data-end=\"775\">Online kuponk\u00f3d:<\/strong> 6E2SULI<\/li>\n<\/ul>\n<p data-start=\"785\" data-end=\"897\" data-is-last-node=\"\" data-is-only-node=\"\">A kedvezm\u00e9ny r\u00e9szletes felt\u00e9telei a <a class=\"decorated-link\" href=\"https:\/\/www.libri.hu\/egeszsegugy\" target=\"_new\" rel=\"noopener\">libri.hu\/egeszsegugy<\/a> oldalon olvashat\u00f3k.<\/p>\n<\/div>\n<\/div>\n<\/div>\n<\/div>\n<div class=\"z-0 flex min-h-[46px] justify-start\">A vonalk\u00f3d itt is megtal\u00e1lhat\u00f3:\u00a0<\/div>\n<div><img loading=\"lazy\" decoding=\"async\" class=\"alignnone size-large wp-image-12870\" src=\"https:\/\/semmelweis.hu\/csaladbarat\/files\/2026\/08\/245927_Kozszolgalati_kupon_nyar3-1024x461.jpg\" alt=\"\" width=\"753\" height=\"339\" srcset=\"https:\/\/semmelweis.hu\/csaladbarat\/files\/2026\/08\/245927_Kozszolgalati_kupon_nyar3-1024x461.jpg 1024w, https:\/\/semmelweis.hu\/csaladbarat\/files\/2026\/08\/245927_Kozszolgalati_kupon_nyar3-400x180.jpg 400w, https:\/\/semmelweis.hu\/csaladbarat\/files\/2026\/08\/245927_Kozszolgalati_kupon_nyar3-768x346.jpg 768w, https:\/\/semmelweis.hu\/csaladbarat\/files\/2026\/08\/245927_Kozszolgalati_kupon_nyar3-1536x691.jpg 1536w, https:\/\/semmelweis.hu\/csaladbarat\/files\/2026\/08\/245927_Kozszolgalati_kupon_nyar3-753x339.jpg 753w, https:\/\/semmelweis.hu\/csaladbarat\/files\/2026\/08\/245927_Kozszolgalati_kupon_nyar3.jpg 1667w\" sizes=\"auto, (max-width: 753px) 100vw, 753px\" \/><\/div>\n<div class=\"mt-3 w-full empty:hidden has-[&gt;_:empty]:hidden\">\n<div class=\"text-center\">\u00a0<\/div>\n<\/div>\n<\/div>\n<div class=\"[--thread-content-max-width:40rem] @w-lg\/main:[--thread-content-max-width:48rem] mx-auto max-w-(--thread-content-max-width) flex-1\" data-conversation-screenshot-content=\"\">\n<div>\u00a0<\/div>\n<\/div>\n<\/div>\n<\/section>\n<\/div>\n<\/div>\n<div class=\"pointer-events-none -mt-px h-px translate-y-(--scroll-root-safe-area-inset-bottom)\" aria-hidden=\"true\">\u00a0<\/div>\n","protected":false},"excerpt":{"rendered":"<p>A ny\u00e1r ugyan lassan b\u00facs\u00fazik, a kikapcsol\u00f3d\u00e1snak azonban nem kell v\u00e9get \u00e9rnie. A Libri ez\u00fattal kedvezm\u00e9nyes k\u00f6nyvv\u00e1s\u00e1rl\u00e1si lehet\u0151s\u00e9ggel j\u00e1rul hozz\u00e1 az eg\u00e9szs\u00e9g\u00fcgyi dolgoz\u00f3k felt\u00f6lt\u0151d\u00e9s\u00e9hez. 2026. augusztus 31. \u00e9s szeptember 2. k\u00f6z\u00f6tt az eg\u00e9szs\u00e9g\u00fcgyi igazolv\u00e1nnyal rendelkez\u0151 k\u00f6zszolg\u00e1lati dolgoz\u00f3k 20 sz\u00e1zal\u00e9kos kedvezm\u00e9nnyel v\u00e1s\u00e1rolhatnak k\u00f6nyveket \u00e9s hangosk\u00f6nyveket. Az \u00e1rk\u00f6t\u00f6tt k\u00f6nyvekre 10 sz\u00e1zal\u00e9kos kedvezm\u00e9ny vehet\u0151 ig\u00e9nybe. A kedvezm\u00e9ny a &hellip;<\/p>\n","protected":false},"author":102649,"featured_media":12877,"comment_status":"closed","ping_status":"closed","sticky":false,"template":"","format":"standard","meta":{"_acf_changed":false,"footnotes":""},"categories":[11,13,1],"tags":[],"class_list":["post-12869","post","type-post","status-publish","format-standard","has-post-thumbnail","hentry","category-kedvezmenyek","category-munkatarsak","category-ujdonsagok"],"acf":[],"publishpress_future_action":{"enabled":false,"date":"2026-09-21 13:02:58","action":"change-status","newStatus":"draft","terms":[],"taxonomy":"category","extraData":[]},"publishpress_future_workflow_manual_trigger":{"enabledWorkflows":[]},"_links":{"self":[{"href":"https:\/\/semmelweis.hu\/csaladbarat\/wp-json\/wp\/v2\/posts\/12869","targetHints":{"allow":["GET"]}}],"collection":[{"href":"https:\/\/semmelweis.hu\/csaladbarat\/wp-json\/wp\/v2\/posts"}],"about":[{"href":"https:\/\/semmelweis.hu\/csaladbarat\/wp-json\/wp\/v2\/types\/post"}],"author":[{"embeddable":true,"href":"https:\/\/semmelweis.hu\/csaladbarat\/wp-json\/wp\/v2\/users\/102649"}],"replies":[{"embeddable":true,"href":"https:\/\/semmelweis.hu\/csaladbarat\/wp-json\/wp\/v2\/comments?post=12869"}],"version-history":[{"count":3,"href":"https:\/\/semmelweis.hu\/csaladbarat\/wp-json\/wp\/v2\/posts\/12869\/revisions"}],"predecessor-version":[{"id":12876,"href":"https:\/\/semmelweis.hu\/csaladbarat\/wp-json\/wp\/v2\/posts\/12869\/revisions\/12876"}],"wp:featuredmedia":[{"embeddable":true,"href":"https:\/\/semmelweis.hu\/csaladbarat\/wp-json\/wp\/v2\/media\/12877"}],"wp:attachment":[{"href":"https:\/\/semmelweis.hu\/csaladbarat\/wp-json\/wp\/v2\/media?parent=12869"}],"wp:term":[{"taxonomy":"category","embeddable":true,"href":"https:\/\/semmelweis.hu\/csaladbarat\/wp-json\/wp\/v2\/categories?post=12869"},{"taxonomy":"post_tag","embeddable":true,"href":"https:\/\/semmelweis.hu\/csaladbarat\/wp-json\/wp\/v2\/tags?post=12869"}],"curies":[{"name":"wp","href":"https:\/\/api.w.org\/{rel}","templated":true}]}}