{"id":11699,"date":"2026-04-27T11:41:47","date_gmt":"2026-04-27T09:41:47","guid":{"rendered":"https:\/\/semmelweis.hu\/csaladbarat\/?p=11699"},"modified":"2026-04-27T11:41:47","modified_gmt":"2026-04-27T09:41:47","slug":"hungarospa-thermal-camping","status":"publish","type":"post","link":"https:\/\/semmelweis.hu\/csaladbarat\/2026\/04\/27\/hungarospa-thermal-camping\/","title":{"rendered":"Hungarospa Thermal Camping***"},"content":{"rendered":"<div class=\"fontos_div w-100\">\n<p><strong>A kedvezm\u00e9ny r\u00e9szletei:<\/strong><\/p>\n<ul>\n<li>A kedvezm\u00e9ny m\u00e9rt\u00e9ke: <strong>10% kedvezm\u00e9ny<\/strong><\/li>\n<li>A kedvezm\u00e9nyt ig\u00e9nybe vehetik: <strong>munkat\u00e1rsak, hallgat\u00f3k, alumni tagok<\/strong><\/li>\n<li>Honlap:<a href=\"https:\/\/hungarospa.hu\/thermalcamping\/\">https:\/\/hungarospa.hu\/thermalcamping\/<\/a><\/li>\n<li><strong>A kedvezm\u00e9ny \u00e9rv\u00e9nyes Semmelweis k\u00e1rty\u00e1val vehet\u0151 ig\u00e9nybe, \u00e9s kiz\u00e1r\u00f3lag a k\u00e1rtyabirtokos haszn\u00e1lhatja.<\/strong><\/li>\n<li>A k\u00e1rtya nem \u00e1truh\u00e1zhat\u00f3.<\/li>\n<li>A kedvezm\u00e9ny egy lak\u00f3egys\u00e9gre (s\u00e1tor, lak\u00f3kocsi vagy mobilh\u00e1z), valamint az ott egy\u00fctt tart\u00f3zkod\u00f3 szem\u00e9lyekre \u00e9rv\u00e9nyes\u00edthet\u0151.<\/li>\n<li>Az aj\u00e1nlat m\u00e1s kedvezm\u00e9nnyel nem vonhat\u00f3 \u00f6ssze \u00e9s akci\u00f3s \u00e1rakra nem \u00e9rv\u00e9nyes.<\/li>\n<\/ul>\n<\/div>\n<div class=\"flex-shrink-0 flex flex-col relative items-end\">\n<div>\n<div class=\"pt-0\">\n<div class=\"gizmo-bot-avatar flex h-8 w-8 items-center justify-center overflow-hidden rounded-full\">\n<div class=\"relative p-1 rounded-sm flex items-center justify-center bg-token-main-surface-primary text-token-text-primary h-8 w-8\" style=\"text-align: center\"><strong>A kempingez\u00e9s var\u00e1zsa abban rejlik, hogy kiszakadva a mindennapok rohan\u00e1s\u00e1b\u00f3l, \u00e1t\u00e9lhetj\u00fck a szabads\u00e1g \u00e9s nyugalom \u00e9lm\u00e9ny\u00e9t. A hajd\u00faszoboszl\u00f3i Hungarospa Thermal Camping*** t\u00f6k\u00e9letes v\u00e1laszt\u00e1s mindazok sz\u00e1m\u00e1ra, akik \u00faj kalandokat keresnek, vagy szeretn\u00e9nek a term\u00e9szet k\u00f6zels\u00e9g\u00e9ben felt\u00f6lt\u0151dni. Ide\u00e1lis hely bar\u00e1ti \u00f6sszej\u00f6vetelekhez, csal\u00e1di kir\u00e1ndul\u00e1sokhoz vagy csoportos kikapcsol\u00f3d\u00e1shoz is.<\/strong><\/div>\n<\/div>\n<\/div>\n<\/div>\n<\/div>\n<div class=\"group\/conversation-turn relative flex w-full min-w-0 flex-col agent-turn\">\n<div class=\"flex-col gap-1 md:gap-3\">\n<div class=\"flex max-w-full flex-col flex-grow\">\n<div class=\"min-h-[20px] text-message flex w-full flex-col items-end gap-2 whitespace-normal break-words [.text-message+&amp;]:mt-5\" dir=\"auto\" data-message-author-role=\"assistant\" data-message-id=\"cf1d9584-cb6b-4477-9adc-c1ce222409c6\">\n<div class=\"flex w-full flex-col gap-1 empty:hidden first:pt-[3px]\">\n<div class=\"markdown prose w-full break-words dark:prose-invert light\">\n<p>A kemping k\u00fcl\u00f6nlegess\u00e9ge, hogy <b>k\u00f6zvetlen \u00e1tj\u00e1r\u00e1st biztos\u00edt Eur\u00f3pa legnagyobb f\u00fcrd\u0151komplexum\u00e1ba<\/b>, ahol sz\u00e1mos sz\u00f3rakoz\u00e1si \u00e9s wellness lehet\u0151s\u00e9g v\u00e1rja a vend\u00e9geket. Legyen sz\u00f3 hagyom\u00e1nyos s\u00e1toroz\u00e1sr\u00f3l, k\u00e9nyelmes lak\u00f3aut\u00f3s pihen\u00e9sr\u0151l, vagy modern mobilh\u00e1zakban elt\u00f6lt\u00f6tt nyaral\u00e1sr\u00f3l, a kempingben mindenki megtal\u00e1lja a sz\u00e1m\u00e1ra t\u00f6k\u00e9letes opci\u00f3t. \u00c9lvezze a term\u00e9szet nyugalm\u00e1t \u00e9s a Hungarospa f\u00fcrd\u0151komplexum ny\u00fajtotta wellness \u00e9lm\u00e9nyeket egy helyen!<\/p>\n<p>Eg\u00e9sz \u00e9vben rendelkez\u00e9sre \u00e1llnak a s\u00e1tras \u00e9s lak\u00f3aut\u00f3s kempinghelyek, a mobilh\u00e1zak pedig \u00e1prilist\u00f3l okt\u00f3berig foglalhat\u00f3k, az id\u0151j\u00e1r\u00e1s f\u00fcggv\u00e9ny\u00e9ben.<\/p>\n<\/div>\n<\/div>\n<\/div>\n<\/div>\n<\/div>\n<\/div>\n<p><strong>Kedvezm\u00e9nyek<\/strong><\/p>\n<p>A <strong>Semmelweis k\u00e1rtya<\/strong> felmutat\u00e1s\u00e1val az al\u00e1bbi kedvezm\u00e9nyek vehet\u0151k ig\u00e9nybe:<\/p>\n<ul>\n<li><strong>Eg\u00e9sz \u00e9vben 10% kedvezm\u00e9ny<\/strong> s\u00e1torral vagy lak\u00f3kocsival \u00e9rkez\u0151 vend\u00e9gek r\u00e9sz\u00e9re (ter\u00fclethaszn\u00e1lati d\u00edjb\u00f3l, sz\u00e1ll\u00e1sd\u00edjb\u00f3l \u00e9s a kis\u00e1llat sz\u00e1ll\u00e1sd\u00edj\u00e1b\u00f3l)<\/li>\n<li><strong>Mobilh\u00e1zak eset\u00e9ben 10% kedvezm\u00e9ny<\/strong> az el\u0151- \u00e9s ut\u00f3szezonban (a sz\u00e1ll\u00e1sd\u00edjb\u00f3l)<\/li>\n<\/ul>\n<p>K\u00e9p forr\u00e1sa:<\/p>\n","protected":false},"excerpt":{"rendered":"<p>A kedvezm\u00e9ny r\u00e9szletei: A kedvezm\u00e9ny m\u00e9rt\u00e9ke: 10% kedvezm\u00e9ny A kedvezm\u00e9nyt ig\u00e9nybe vehetik: munkat\u00e1rsak, hallgat\u00f3k, alumni tagok Honlap: <a href=\"https:\/\/hungarospa.hu\/thermalcamping\/\">https:\/\/hungarospa.hu\/thermalcamping\/<\/a> A kedvezm\u00e9ny \u00e9rv\u00e9nyes Semmelweis k\u00e1rty\u00e1val vehet\u0151 ig\u00e9nybe, \u00e9s kiz\u00e1r\u00f3lag a k\u00e1rtyabirtokos haszn\u00e1lhatja. A k\u00e1rtya nem \u00e1truh\u00e1zhat\u00f3. A kedvezm\u00e9ny egy lak\u00f3egys\u00e9gre (s\u00e1tor, lak\u00f3kocsi vagy mobilh\u00e1z), valamint az ott egy\u00fctt tart\u00f3zkod\u00f3 szem\u00e9lyekre \u00e9rv\u00e9nyes\u00edthet\u0151. Az aj\u00e1nlat m\u00e1s kedvezm\u00e9nnyel nem vonhat\u00f3 \u00f6ssze &hellip;<\/p>\n","protected":false},"author":102459,"featured_media":11936,"comment_status":"closed","ping_status":"closed","sticky":false,"template":"","format":"standard","meta":{"_acf_changed":false,"footnotes":""},"categories":[15,14,13,30],"tags":[338],"class_list":["post-11699","post","type-post","status-publish","format-standard","has-post-thumbnail","hentry","category-alumni","category-hallgatok","category-munkatarsak","category-szallas-kedvezmenyek","tag-gyogy-es-strandfurdo"],"acf":[],"publishpress_future_action":{"enabled":false,"date":"1970-01-01 01:00:00","action":"","terms":[],"taxonomy":"","browser_timezone_offset":0},"_links":{"self":[{"href":"https:\/\/semmelweis.hu\/csaladbarat\/wp-json\/wp\/v2\/posts\/11699","targetHints":{"allow":["GET"]}}],"collection":[{"href":"https:\/\/semmelweis.hu\/csaladbarat\/wp-json\/wp\/v2\/posts"}],"about":[{"href":"https:\/\/semmelweis.hu\/csaladbarat\/wp-json\/wp\/v2\/types\/post"}],"author":[{"embeddable":true,"href":"https:\/\/semmelweis.hu\/csaladbarat\/wp-json\/wp\/v2\/users\/102459"}],"replies":[{"embeddable":true,"href":"https:\/\/semmelweis.hu\/csaladbarat\/wp-json\/wp\/v2\/comments?post=11699"}],"version-history":[{"count":4,"href":"https:\/\/semmelweis.hu\/csaladbarat\/wp-json\/wp\/v2\/posts\/11699\/revisions"}],"predecessor-version":[{"id":11937,"href":"https:\/\/semmelweis.hu\/csaladbarat\/wp-json\/wp\/v2\/posts\/11699\/revisions\/11937"}],"wp:featuredmedia":[{"embeddable":true,"href":"https:\/\/semmelweis.hu\/csaladbarat\/wp-json\/wp\/v2\/media\/11936"}],"wp:attachment":[{"href":"https:\/\/semmelweis.hu\/csaladbarat\/wp-json\/wp\/v2\/media?parent=11699"}],"wp:term":[{"taxonomy":"category","embeddable":true,"href":"https:\/\/semmelweis.hu\/csaladbarat\/wp-json\/wp\/v2\/categories?post=11699"},{"taxonomy":"post_tag","embeddable":true,"href":"https:\/\/semmelweis.hu\/csaladbarat\/wp-json\/wp\/v2\/tags?post=11699"}],"curies":[{"name":"wp","href":"https:\/\/api.w.org\/{rel}","templated":true}]}}