{"id":1004,"date":"2022-09-13T22:57:53","date_gmt":"2022-09-13T20:57:53","guid":{"rendered":"https:\/\/semmelweis.hu\/csaladbarat\/?p=1004"},"modified":"2024-11-26T12:02:41","modified_gmt":"2024-11-26T11:02:41","slug":"kedvezmeny-a-cambridge-nyelviskolanal","status":"publish","type":"post","link":"https:\/\/semmelweis.hu\/csaladbarat\/2022\/09\/13\/kedvezmeny-a-cambridge-nyelviskolanal\/","title":{"rendered":"Cambridge Nyelviskola"},"content":{"rendered":"<p>A <a href=\"http:\/\/www.cambridge.hu\/\" target=\"_blank\" rel=\"noopener\">Cambridge Nyelviskola<\/a> k\u00f6zel h\u00e1rom \u00e9vtizede \u00e1ll a nyelvtanul\u00f3k szolg\u00e1lat\u00e1ban. A nagy ig\u00e9nyre val\u00f3 tekintettel 1998-ban az angol kurzusok mellett beind\u00edtott\u00e1k n\u00e9met tagozatukat is.<\/p>\n<p>Oktat\u00e1si m\u00f3dszer\u00fcket a n\u00e9gy alapk\u00e9szs\u00e9g (besz\u00e9d, sz\u00f6veg\u00e9rt\u00e9s, \u00edr\u00e1s, olvas\u00e1s) p\u00e1rhuzamos fejleszt\u00e9se k\u00e9pezi \u00fagy, hogy a besz\u00e9dk\u00e9szs\u00e9gre \u00e9s a hall\u00e1s ut\u00e1ni sz\u00f6veg\u00e9rt\u00e9sre kiemelt hangs\u00falyt fektetnek.<\/p>\n<div class=\"keretes\">\n<h5>Kedvezm\u00e9ny m\u00e9rt\u00e9ke<\/h5>\n<p>Az egyetem munkat\u00e1rsai \u00e9s a hallgat\u00f3k a beiratkoz\u00e1sn\u00e1l 10% kedvezm\u00e9nyt vehetnek ig\u00e9nybe Semmelweis K\u00e1rty\u00e1juk bemutat\u00e1s\u00e1val.\u00a0<\/p>\n<\/div>\n<p>K\u00f6z\u00e9phalad\u00f3 (intermediate) szint felett anyanyelvi tan\u00e1rok is bekapcsol\u00f3dnak a tan\u00edt\u00e1sba a foly\u00e9kony besz\u00e9d \u00f6szt\u00f6n\u00f6ss\u00e9 t\u00e9tele \u00e9rdek\u00e9ben.<\/p>\n","protected":false},"excerpt":{"rendered":"<p>A <a href=\"http:\/\/www.cambridge.hu\/\" target=\"_blank\" rel=\"noopener\">Cambridge Nyelviskola<\/a> k\u00f6zel h\u00e1rom \u00e9vtizede \u00e1ll a nyelvtanul\u00f3k szolg\u00e1lat\u00e1ban. A nagy ig\u00e9nyre val\u00f3 tekintettel 1998-ban az angol kurzusok mellett beind\u00edtott\u00e1k n\u00e9met tagozatukat is. Oktat\u00e1si m\u00f3dszer\u00fcket a n\u00e9gy alapk\u00e9szs\u00e9g (besz\u00e9d, sz\u00f6veg\u00e9rt\u00e9s, \u00edr\u00e1s, olvas\u00e1s) p\u00e1rhuzamos fejleszt\u00e9se k\u00e9pezi \u00fagy, hogy a besz\u00e9dk\u00e9szs\u00e9gre \u00e9s a hall\u00e1s ut\u00e1ni sz\u00f6veg\u00e9rt\u00e9sre kiemelt hangs\u00falyt fektetnek. Kedvezm\u00e9ny m\u00e9rt\u00e9ke Az egyetem munkat\u00e1rsai \u00e9s a hallgat\u00f3k a &hellip;<\/p>\n","protected":false},"author":101405,"featured_media":1010,"comment_status":"closed","ping_status":"closed","sticky":false,"template":"","format":"standard","meta":{"_acf_changed":false,"footnotes":""},"categories":[15,14,13,218,25],"tags":[39],"class_list":["post-1004","post","type-post","status-publish","format-standard","has-post-thumbnail","hentry","category-alumni","category-hallgatok","category-munkatarsak","category-se-partnerek","category-szolgaltatas","tag-nyelviskola"],"acf":[],"publishpress_future_action":{"enabled":false,"date":"1970-01-01 01:00:00","action":"","terms":[],"taxonomy":"","browser_timezone_offset":0},"_links":{"self":[{"href":"https:\/\/semmelweis.hu\/csaladbarat\/wp-json\/wp\/v2\/posts\/1004","targetHints":{"allow":["GET"]}}],"collection":[{"href":"https:\/\/semmelweis.hu\/csaladbarat\/wp-json\/wp\/v2\/posts"}],"about":[{"href":"https:\/\/semmelweis.hu\/csaladbarat\/wp-json\/wp\/v2\/types\/post"}],"author":[{"embeddable":true,"href":"https:\/\/semmelweis.hu\/csaladbarat\/wp-json\/wp\/v2\/users\/101405"}],"replies":[{"embeddable":true,"href":"https:\/\/semmelweis.hu\/csaladbarat\/wp-json\/wp\/v2\/comments?post=1004"}],"version-history":[{"count":7,"href":"https:\/\/semmelweis.hu\/csaladbarat\/wp-json\/wp\/v2\/posts\/1004\/revisions"}],"predecessor-version":[{"id":1040,"href":"https:\/\/semmelweis.hu\/csaladbarat\/wp-json\/wp\/v2\/posts\/1004\/revisions\/1040"}],"wp:featuredmedia":[{"embeddable":true,"href":"https:\/\/semmelweis.hu\/csaladbarat\/wp-json\/wp\/v2\/media\/1010"}],"wp:attachment":[{"href":"https:\/\/semmelweis.hu\/csaladbarat\/wp-json\/wp\/v2\/media?parent=1004"}],"wp:term":[{"taxonomy":"category","embeddable":true,"href":"https:\/\/semmelweis.hu\/csaladbarat\/wp-json\/wp\/v2\/categories?post=1004"},{"taxonomy":"post_tag","embeddable":true,"href":"https:\/\/semmelweis.hu\/csaladbarat\/wp-json\/wp\/v2\/tags?post=1004"}],"curies":[{"name":"wp","href":"https:\/\/api.w.org\/{rel}","templated":true}]}}