{"id":8564,"date":"2021-03-07T19:06:30","date_gmt":"2021-03-07T18:06:30","guid":{"rendered":"https:\/\/semmelweis.hu\/borklinika\/?p=8564"},"modified":"2021-09-24T07:41:50","modified_gmt":"2021-09-24T05:41:50","slug":"teledermatologia-ellatas-ismetelten-elerheto","status":"publish","type":"post","link":"https:\/\/semmelweis.hu\/borklinika\/2021\/03\/07\/teledermatologia-ellatas-ismetelten-elerheto\/","title":{"rendered":"Ism\u00e9telten el\u00e9rhet\u0151 a Teledermatol\u00f3gia ell\u00e1t\u00e1s"},"content":{"rendered":"<p>Kedves P\u00e1cienseink!<\/p>\n<p style=\"text-align: justify\">\u00d6r\u00f6mmel \u00e9rtes\u00edtj\u00fck \u00d6n\u00f6ket, hogy a Semmelweis Egyetem B\u0151r-, Nemik\u00f3rtani \u00e9s B\u0151ronkol\u00f3giai Klinika teledermatol\u00f3giai szolg\u00e1ltat\u00e1sa ism\u00e9telten el\u00e9rhet\u0151. A rendszer c\u00e9lja tov\u00e1bbra is az, hogy a koronav\u00edrus j\u00e1rv\u00e1ny okozta jelenlegi helyzetben a p\u00e1ciensek a szem\u00e9lyes orvos-beteg tal\u00e1lkoz\u00e1st ker\u00fclve <strong>online<\/strong> b\u0151rgy\u00f3gy\u00e1szati ell\u00e1t\u00e1shoz jussanak az <strong>\u00e1llamilag finansz\u00edrozott ell\u00e1t\u00e1s<\/strong> keret\u00e9ben.<br \/>\nTov\u00e1bbi inform\u00e1ci\u00f3 <a href=\"https:\/\/semmelweis.hu\/borklinika\/a-betegellatas-fo-profiljai\/teledermatologia-ambulancia-tavborgyogyaszat\/\">ITT<\/a>.<\/p>\n","protected":false},"excerpt":{"rendered":"<p>Kedves P\u00e1cienseink!<br \/>\n\u00d6r\u00f6mmel \u00e9rtes\u00edtj\u00fck \u00d6n\u00f6ket, hogy a Semmelweis Egyetem B\u0151r-, Nemik\u00f3rtani \u00e9s B\u0151ronkol\u00f3giai Klinika teledermatol\u00f3giai szolg\u00e1ltat\u00e1sa ism\u00e9telten el\u00e9rhet\u0151. A rendszer c\u00e9lja tov\u00e1bbra is az, hogy a koronav\u00edrus j\u00e1rv\u00e1ny okozta jelenlegi helyzetben a p\u00e1ciensek a szem\u00e9lyes orvos-beteg tal\u00e1lkoz\u00e1st ker\u00fclve online b\u0151rgy\u00f3gy\u00e1szati ell\u00e1t\u00e1shoz jussanak az \u00e1llamilag finansz\u00edrozott ell\u00e1t\u00e1s keret\u00e9ben.<br \/>\nTov\u00e1bbi inform\u00e1ci\u00f3 <a href=\"https:\/\/semmelweis.hu\/borklinika\/a-betegellatas-fo-profiljai\/teledermatologia-ambulancia-tavborgyogyaszat\/\">ITT<\/a>.<\/p>\n","protected":false},"author":101734,"featured_media":6926,"comment_status":"closed","ping_status":"closed","sticky":false,"template":"","format":"standard","meta":{"_acf_changed":false,"footnotes":""},"categories":[69],"tags":[],"class_list":["post-8564","post","type-post","status-publish","format-standard","has-post-thumbnail","hentry","category-hirek-hu"],"acf":[],"_links":{"self":[{"href":"https:\/\/semmelweis.hu\/borklinika\/wp-json\/wp\/v2\/posts\/8564","targetHints":{"allow":["GET"]}}],"collection":[{"href":"https:\/\/semmelweis.hu\/borklinika\/wp-json\/wp\/v2\/posts"}],"about":[{"href":"https:\/\/semmelweis.hu\/borklinika\/wp-json\/wp\/v2\/types\/post"}],"author":[{"embeddable":true,"href":"https:\/\/semmelweis.hu\/borklinika\/wp-json\/wp\/v2\/users\/101734"}],"replies":[{"embeddable":true,"href":"https:\/\/semmelweis.hu\/borklinika\/wp-json\/wp\/v2\/comments?post=8564"}],"version-history":[{"count":5,"href":"https:\/\/semmelweis.hu\/borklinika\/wp-json\/wp\/v2\/posts\/8564\/revisions"}],"predecessor-version":[{"id":9102,"href":"https:\/\/semmelweis.hu\/borklinika\/wp-json\/wp\/v2\/posts\/8564\/revisions\/9102"}],"wp:featuredmedia":[{"embeddable":true,"href":"https:\/\/semmelweis.hu\/borklinika\/wp-json\/wp\/v2\/media\/6926"}],"wp:attachment":[{"href":"https:\/\/semmelweis.hu\/borklinika\/wp-json\/wp\/v2\/media?parent=8564"}],"wp:term":[{"taxonomy":"category","embeddable":true,"href":"https:\/\/semmelweis.hu\/borklinika\/wp-json\/wp\/v2\/categories?post=8564"},{"taxonomy":"post_tag","embeddable":true,"href":"https:\/\/semmelweis.hu\/borklinika\/wp-json\/wp\/v2\/tags?post=8564"}],"curies":[{"name":"wp","href":"https:\/\/api.w.org\/{rel}","templated":true}]}}