{"id":7158,"date":"2020-05-13T10:04:02","date_gmt":"2020-05-13T08:04:02","guid":{"rendered":"https:\/\/semmelweis.hu\/borklinika\/?p=7158"},"modified":"2020-05-13T10:04:02","modified_gmt":"2020-05-13T08:04:02","slug":"felkeszult-profi-a-csapat-tapasztalatok-az-orszagos-reprezentativ-koronavirus-szuroprogramrol","status":"publish","type":"post","link":"https:\/\/semmelweis.hu\/borklinika\/2020\/05\/13\/felkeszult-profi-a-csapat-tapasztalatok-az-orszagos-reprezentativ-koronavirus-szuroprogramrol\/","title":{"rendered":"Felk\u00e9sz\u00fclt, profi a csapat &#8211; tapasztalatok az orsz\u00e1gos reprezentat\u00edv koronav\u00edrus sz\u0171r\u0151programr\u00f3l"},"content":{"rendered":"<p style=\"text-align: justify\">Klinik\u00e1nk is r\u00e9szt vesz a lakoss\u00e1g koronav\u00edrus-fert\u0151z\u00f6tts\u00e9g\u00e9nek felm\u00e9r\u00e9se \u00e9rdek\u00e9ben, az orsz\u00e1g n\u00e9gy orvosegyeteme \u00e1ltal ind\u00edtott reprezentat\u00edv COVID-19 koronav\u00edrus sz\u0171r\u0151program lebonyol\u00edt\u00e1s\u00e1ban.<br \/>\nA sz\u0171r\u0151programmal kapcsolatban koll\u00e9gan\u0151nk, <strong>Kov\u00e1ts Nikoletta<\/strong>, a B\u0151r-, Nemik\u00f3rtani \u00e9s B\u0151ronkol\u00f3giai Klinika asszisztense is nyilatkozott, s mondta el pozit\u00edv v\u00e9lem\u00e9ny\u00e9t, melyet <a href=\"https:\/\/www.youtube.com\/watch?v=HKrvZCB8xNE&amp;feature=emb_share&amp;fbclid=IwAR11JZJuvOdk_FSbNOOcC2ZXDed_iUgiQfMTFaDKSos0swKwU2Yv5bUbX_c\" target=\"_blank\" rel=\"noopener noreferrer\"><strong>itt<\/strong> <\/a>tekinthetnek meg.<\/p>\n<p>Ez\u00faton is k\u00f6sz\u00f6nj\u00fck koll\u00e9g\u00e1ink odaad\u00f3 munk\u00e1j\u00e1t!<\/p>\n<p>&nbsp;<\/p>\n<p>&nbsp;<\/p>\n","protected":false},"excerpt":{"rendered":"<p>Klinik\u00e1nk is r\u00e9szt vesz a lakoss\u00e1g koronav\u00edrus-fert\u0151z\u00f6tts\u00e9g\u00e9nek felm\u00e9r\u00e9se \u00e9rdek\u00e9ben, az orsz\u00e1g n\u00e9gy orvosegyeteme \u00e1ltal ind\u00edtott reprezentat\u00edv COVID-19 koronav\u00edrus sz\u0171r\u0151program lebonyol\u00edt\u00e1s\u00e1ban.<br \/>\nA sz\u0171r\u0151programmal kapcsolatban koll\u00e9gan\u0151nk, Kov\u00e1ts Nikoletta, a B\u0151r-, Nemik\u00f3rtani \u00e9s B\u0151ronkol\u00f3giai Klinika asszisztense is nyilatkozott, s mondta el pozit\u00edv v\u00e9lem\u00e9ny\u00e9t, melyet <a href=\"https:\/\/www.youtube.com\/watch?v=HKrvZCB8xNE&amp;feature=emb_share&amp;fbclid=IwAR11JZJuvOdk_FSbNOOcC2ZXDed_iUgiQfMTFaDKSos0swKwU2Yv5bUbX_c\" target=\"_blank\" rel=\"noopener noreferrer\">itt <\/a>tekinthetnek meg.<br \/>\nEz\u00faton is k\u00f6sz\u00f6nj\u00fck koll\u00e9g\u00e1ink odaad\u00f3 munk\u00e1j\u00e1t!<br \/>\n&nbsp;<br \/>\n&nbsp;<\/p>\n","protected":false},"author":101244,"featured_media":7159,"comment_status":"closed","ping_status":"closed","sticky":false,"template":"","format":"standard","meta":{"_acf_changed":false,"footnotes":""},"categories":[69,75],"tags":[],"class_list":["post-7158","post","type-post","status-publish","format-standard","has-post-thumbnail","hentry","category-hirek-hu","category-mediamegjelenesek"],"acf":[],"_links":{"self":[{"href":"https:\/\/semmelweis.hu\/borklinika\/wp-json\/wp\/v2\/posts\/7158","targetHints":{"allow":["GET"]}}],"collection":[{"href":"https:\/\/semmelweis.hu\/borklinika\/wp-json\/wp\/v2\/posts"}],"about":[{"href":"https:\/\/semmelweis.hu\/borklinika\/wp-json\/wp\/v2\/types\/post"}],"author":[{"embeddable":true,"href":"https:\/\/semmelweis.hu\/borklinika\/wp-json\/wp\/v2\/users\/101244"}],"replies":[{"embeddable":true,"href":"https:\/\/semmelweis.hu\/borklinika\/wp-json\/wp\/v2\/comments?post=7158"}],"version-history":[{"count":2,"href":"https:\/\/semmelweis.hu\/borklinika\/wp-json\/wp\/v2\/posts\/7158\/revisions"}],"predecessor-version":[{"id":7161,"href":"https:\/\/semmelweis.hu\/borklinika\/wp-json\/wp\/v2\/posts\/7158\/revisions\/7161"}],"wp:featuredmedia":[{"embeddable":true,"href":"https:\/\/semmelweis.hu\/borklinika\/wp-json\/wp\/v2\/media\/7159"}],"wp:attachment":[{"href":"https:\/\/semmelweis.hu\/borklinika\/wp-json\/wp\/v2\/media?parent=7158"}],"wp:term":[{"taxonomy":"category","embeddable":true,"href":"https:\/\/semmelweis.hu\/borklinika\/wp-json\/wp\/v2\/categories?post=7158"},{"taxonomy":"post_tag","embeddable":true,"href":"https:\/\/semmelweis.hu\/borklinika\/wp-json\/wp\/v2\/tags?post=7158"}],"curies":[{"name":"wp","href":"https:\/\/api.w.org\/{rel}","templated":true}]}}