{"id":5056,"date":"2019-04-17T10:00:55","date_gmt":"2019-04-17T08:00:55","guid":{"rendered":"http:\/\/semmelweis.hu\/borklinika\/?p=5056"},"modified":"2019-04-18T09:09:59","modified_gmt":"2019-04-18T07:09:59","slug":"rtl-klub-hirado-toretlen-a-bororok-egeszsegprogram-nepszerusege","status":"publish","type":"post","link":"https:\/\/semmelweis.hu\/borklinika\/2019\/04\/17\/rtl-klub-hirado-toretlen-a-bororok-egeszsegprogram-nepszerusege\/","title":{"rendered":"RTL Klub \u2013 H\u00edrad\u00f3: T\u00f6retlen a B\u0151r\u0150r\u00f6k Eg\u00e9szs\u00e9gprogram n\u00e9pszer\u0171s\u00e9ge"},"content":{"rendered":"<p style=\"text-align: justify\"><a href=\"https:\/\/semmelweis.hu\/borklinika\/files\/2019\/04\/2019.04.12-178.jpg\" target=\"_blank\" rel=\"noopener noreferrer\"><img loading=\"lazy\" decoding=\"async\" class=\"alignleft wp-image-5066 size-thumbnail\" src=\"https:\/\/semmelweis.hu\/borklinika\/files\/2019\/04\/2019.04.12-178-150x150.jpg\" alt=\"\" width=\"150\" height=\"150\" srcset=\"https:\/\/semmelweis.hu\/borklinika\/files\/2019\/04\/2019.04.12-178-150x150.jpg 150w, https:\/\/semmelweis.hu\/borklinika\/files\/2019\/04\/2019.04.12-178-144x144.jpg 144w, https:\/\/semmelweis.hu\/borklinika\/files\/2019\/04\/2019.04.12-178-90x90.jpg 90w\" sizes=\"auto, (max-width: 150px) 100vw, 150px\" \/><\/a>Miben rejlik a <a href=\"https:\/\/semmelweis.hu\/borklinika\/2017\/12\/04\/bororok-vedelmeben-a-fiatalok\/\" target=\"_blank\" rel=\"noopener noreferrer\">B\u0151r\u0150r\u00f6k<\/a> siker\u00e9nek titka? <strong>Balsai M\u00f3ni<\/strong> sz\u00ednm\u0171v\u00e9szn\u0151 szerint \u2013 aki 2019 \u00e1prilis\u00e1ban programunk mell\u00e9 \u00e1llt \u2013 a k\u00f6z\u00f6s hang megtal\u00e1l\u00e1sa a di\u00e1kokkal, a tudom\u00e1nyos ismereteknek a fiatalok nyelv\u00e9n, humorosan \u00e9s tabuk n\u00e9lk\u00fcl t\u00f6rt\u00e9n\u0151 \u00e1tad\u00e1sa a siker egyik kulcsa, melyet mi sem bizony\u00edt jobban, hogy ez id\u00e1ig m\u00e1r t\u00f6bb mint 3000 di\u00e1k vett r\u00e9szt a 2018 janu\u00e1rj\u00e1ban indult esem\u00e9nysorozat el\u0151ad\u00e1sain. A sz\u00ednm\u0171v\u00e9szn\u0151 az RTL Klub H\u00edrad\u00f3j\u00e1nak el\u00e1rulta azt is, hogy kozmetikus v\u00e9gzetts\u00e9ge \u00e9s ennek k\u00f6sz\u00f6nhet\u0151en k\u00fcl\u00f6nleges vonz\u00f3d\u00e1sa a b\u0151rh\u00f6z seg\u00edtette abban, hogy k\u00fcldet\u00e9s\u00e9nek \u00e9rezze a program felkarol\u00e1s\u00e1t, s jelenl\u00e9t\u00e9vel, szavaival is n\u00e9pszer\u0171s\u00edtse az eddig egyed\u00fcl\u00e1ll\u00f3 kezdem\u00e9nyez\u00e9st.<br \/>\nAz interj\u00faban megsz\u00f3lal <strong>Prof. Dr. S\u00e1rdy Mikl\u00f3s<\/strong>, a B\u0151r-, Nemik\u00f3rtani \u00e9s B\u0151ronkol\u00f3giai Klinika igazgat\u00f3ja \u2013 egyben a program \u00f6tletgazd\u00e1ja \u2013 is, \u00a0aki kiemeli, hogy a b\u0151rprobl\u00e9m\u00e1k valamilyen szinten az eg\u00e9sz lakoss\u00e1got \u00e9rintik, azonban az iskol\u00e1kban ezekr\u0151l szinte semmit sem tanulnak a di\u00e1kok.<br \/>\n\u00c9ppen ez\u00e9rt a kezdem\u00e9nyez\u00e9s c\u00e9lja, <a href=\"https:\/\/semmelweis.hu\/borklinika\/files\/2019\/04\/2019.04.12-173.jpg\" target=\"_blank\" rel=\"noopener noreferrer\"><img loading=\"lazy\" decoding=\"async\" class=\"alignright wp-image-5065 size-thumbnail\" src=\"https:\/\/semmelweis.hu\/borklinika\/files\/2019\/04\/2019.04.12-173-150x150.jpg\" alt=\"\" width=\"150\" height=\"150\" srcset=\"https:\/\/semmelweis.hu\/borklinika\/files\/2019\/04\/2019.04.12-173-150x150.jpg 150w, https:\/\/semmelweis.hu\/borklinika\/files\/2019\/04\/2019.04.12-173-144x144.jpg 144w, https:\/\/semmelweis.hu\/borklinika\/files\/2019\/04\/2019.04.12-173-90x90.jpg 90w\" sizes=\"auto, (max-width: 150px) 100vw, 150px\" \/><\/a>hogy k\u00f6tetlen\u00fcl, tabuk n\u00e9lk\u00fcl besz\u00e9ljenek a klinika szakemberei szexualit\u00e1sr\u00f3l \u00e9s fogamz\u00e1sg\u00e1tl\u00e1sr\u00f3l, nemi- \u00e9s b\u0151rbetegs\u00e9gekr\u0151l, a tetov\u00e1l\u00e1sok \u00e9s piercingek vesz\u00e9lyeir\u0151l, anyajegyekr\u0151l \u00e9s f\u00e9nyv\u00e9delemr\u0151l, \u00e1ltal\u00e1nos higi\u00e9ni\u00e1r\u00f3l, vagy a sok tin\u00e9dzser \u00e9let\u00e9t megkeser\u00edt\u0151 pattan\u00e1sos k\u00f3rk\u00e9pekr\u0151l.<br \/>\n\u00c1tfog\u00f3, tanuls\u00e1gos b\u00f6lcsess\u00e9geket, az iskol\u00e1kban nem oktatott sok \u00faj inform\u00e1ci\u00f3t is kapnak \u0151szinte, sz\u00f3kimond\u00f3, m\u00e9gis sz\u00f3rakoztat\u00f3 form\u00e1ban az idel\u00e1togat\u00f3 k\u00f6z\u00e9piskol\u00e1sok, akik az interj\u00faban nyilatkoz\u00f3 k\u00eds\u00e9r\u0151tan\u00e1r szerint rendk\u00edv\u00fcl nyitottak az itt elhangz\u00f3 t\u00e9m\u00e1kra.<\/p>\n<p style=\"text-align: justify\">Az RTL Klub H\u00edrad\u00f3j\u00e1ban megjelent riport megtekinthet\u0151 <strong><a href=\"http:\/\/rtl.hu\/rtlklub\/hirek\/bororok-szexrol-nemi-es-borbetegsegekrol-tabuk-nelkul-balsai-moni-semmelweis-egyetem-2019\" target=\"_blank\" rel=\"noopener noreferrer\">itt<\/a>,\u00a0<\/strong>Balsai M\u00f3ni sz\u00ednm\u0171v\u00e9sz teljes nyilatkozata pedig ezen a <a href=\"https:\/\/rtl.hu\/rtlklub\/hirek\/balsai-moni-ha-nem-szinesz-lennek-akkor-borgyogyaszattal-foglalkoznek?fbclid=IwAR1J0lwNUvaAHKnZTCXPObn-4hEUbIMpt8EopDD0GCGUoIoVHjVKxof3_xU\" target=\"_blank\" rel=\"noopener noreferrer\"><strong>linken<\/strong> <\/a>\u00e9rhet\u0151 el.<\/p>\n<p>Az esem\u00e9nyen k\u00e9sz\u00fclt <a href=\"https:\/\/photos.app.goo.gl\/VmwDFbKo4kpSjZci6\" target=\"_blank\" rel=\"noopener noreferrer\"><strong>fot\u00f3kat<\/strong><\/a> M\u00e1trahegyi Rita \u00e9s Kov\u00e1cs Attila k\u00e9sz\u00edtette.<\/p>\n<p><em><span style=\"font-size: 10pt\">A cikket \u00edrta: N\u00e9meth Gabriella<\/span><\/em><\/p>\n<p>&nbsp;<\/p>\n<p>&nbsp;<\/p>\n","protected":false},"excerpt":{"rendered":"<p><a href=\"https:\/\/semmelweis.hu\/borklinika\/files\/2019\/04\/2019.04.12-178.jpg\" target=\"_blank\" rel=\"noopener noreferrer\"><\/a> Miben rejlik a <a href=\"https:\/\/semmelweis.hu\/borklinika\/2017\/12\/04\/bororok-vedelmeben-a-fiatalok\/\" target=\"_blank\" rel=\"noopener noreferrer\">B\u0151r\u0150r\u00f6k<\/a> siker\u00e9nek titka? Balsai M\u00f3ni sz\u00ednm\u0171v\u00e9szn\u0151 szerint \u2013 aki 2019 \u00e1prilis\u00e1ban programunk mell\u00e9 \u00e1llt \u2013 a k\u00f6z\u00f6s hang megtal\u00e1l\u00e1sa a di\u00e1kokkal, a tudom\u00e1nyos ismereteknek a fiatalok nyelv\u00e9n, humorosan \u00e9s tabuk n\u00e9lk\u00fcl t\u00f6rt\u00e9n\u0151 \u00e1tad\u00e1sa a siker egyik kulcsa, melyet mi sem bizony\u00edt jobban, hogy ez id\u00e1ig m\u00e1r t\u00f6bb mint 3000 di\u00e1k vett r\u00e9szt a &hellip;<\/p>\n","protected":false},"author":101244,"featured_media":5066,"comment_status":"closed","ping_status":"closed","sticky":false,"template":"","format":"standard","meta":{"_acf_changed":false,"footnotes":""},"categories":[69,75],"tags":[],"class_list":["post-5056","post","type-post","status-publish","format-standard","has-post-thumbnail","hentry","category-hirek-hu","category-mediamegjelenesek"],"acf":[],"_links":{"self":[{"href":"https:\/\/semmelweis.hu\/borklinika\/wp-json\/wp\/v2\/posts\/5056","targetHints":{"allow":["GET"]}}],"collection":[{"href":"https:\/\/semmelweis.hu\/borklinika\/wp-json\/wp\/v2\/posts"}],"about":[{"href":"https:\/\/semmelweis.hu\/borklinika\/wp-json\/wp\/v2\/types\/post"}],"author":[{"embeddable":true,"href":"https:\/\/semmelweis.hu\/borklinika\/wp-json\/wp\/v2\/users\/101244"}],"replies":[{"embeddable":true,"href":"https:\/\/semmelweis.hu\/borklinika\/wp-json\/wp\/v2\/comments?post=5056"}],"version-history":[{"count":10,"href":"https:\/\/semmelweis.hu\/borklinika\/wp-json\/wp\/v2\/posts\/5056\/revisions"}],"predecessor-version":[{"id":5091,"href":"https:\/\/semmelweis.hu\/borklinika\/wp-json\/wp\/v2\/posts\/5056\/revisions\/5091"}],"wp:featuredmedia":[{"embeddable":true,"href":"https:\/\/semmelweis.hu\/borklinika\/wp-json\/wp\/v2\/media\/5066"}],"wp:attachment":[{"href":"https:\/\/semmelweis.hu\/borklinika\/wp-json\/wp\/v2\/media?parent=5056"}],"wp:term":[{"taxonomy":"category","embeddable":true,"href":"https:\/\/semmelweis.hu\/borklinika\/wp-json\/wp\/v2\/categories?post=5056"},{"taxonomy":"post_tag","embeddable":true,"href":"https:\/\/semmelweis.hu\/borklinika\/wp-json\/wp\/v2\/tags?post=5056"}],"curies":[{"name":"wp","href":"https:\/\/api.w.org\/{rel}","templated":true}]}}