{"id":3557,"date":"2018-08-27T10:20:02","date_gmt":"2018-08-27T08:20:02","guid":{"rendered":"http:\/\/semmelweis.hu\/borklinika\/?p=3557"},"modified":"2018-08-28T07:36:10","modified_gmt":"2018-08-28T05:36:10","slug":"a-kronikus-verejtekmirigy-gyulladas-gyogyithato","status":"publish","type":"post","link":"https:\/\/semmelweis.hu\/borklinika\/2018\/08\/27\/a-kronikus-verejtekmirigy-gyulladas-gyogyithato\/","title":{"rendered":"A kr\u00f3nikus verejt\u00e9kmirigy-gyullad\u00e1s gy\u00f3gy\u00edthat\u00f3"},"content":{"rendered":"<p style=\"text-align: justify\">A hidradenitisz szuppurativa a h\u00f3naljban, l\u00e1gy\u00e9khajlatban, a keresztcsont f\u00f6l\u00f6tt \u00e9s a n\u0151kn\u00e9l az eml\u0151k alatt jelentkez\u0151 csom\u00f3kkal j\u00e1r\u00f3 kev\u00e9ss\u00e9 ismert, de nem ritka betegs\u00e9g \u2013 mondta Dr. Wikonk\u00e1l Norbert. A B\u0151r- Nemik\u00f3rtani \u00e9s B\u0151ronkol\u00f3giai Klinika egyetemi tan\u00e1ra elmondta, hogy els\u0151sorban a pubert\u00e1skor ut\u00e1n alakul ki, de ak\u00e1r hatvan\u00e9ves korig jelentkezhet, az ok\u00e1t m\u00e9g nem tudj\u00e1k. A k\u00f3rk\u00e9p\u00a0 fizikailag \u00e9s \u00e9rzelmileg is megterhel\u0151, az \u00e9rintettek \u00e1ltal\u00e1ban visszatasz\u00edt\u00f3nak tartj\u00e1k a t\u00fcneteket, \u00e9s sokszor a csal\u00e1dtagok el\u0151tt is titkolj\u00e1k. Dr. Wikonk\u00e1l Norbert hangs\u00falyozta, fontos, hogy az \u00e9rintettek min\u00e9l el\u0151bb b\u0151rgy\u00f3gy\u00e1szhoz forduljanak, mert a f\u00e1jdalmas betegs\u00e9g gy\u00f3gy\u00edthat\u00f3.\u00a0<br \/>\n<a href=\"https:\/\/semmelweis.hu\/mediasarok\/2018\/08\/17\/csaladi-lap-a-kronikus-verejtekmirigy-gyulladas-gyogyithato\/\" target=\"_blank\" rel=\"noopener\">https:\/\/semmelweis.hu\/mediasarok\/2018\/08\/17\/csaladi-lap-a-kronikus-verejtekmirigy-gyulladas-gyogyithato\/<\/a><\/p>\n","protected":false},"excerpt":{"rendered":"<p>A hidradenitisz szuppurativa a h\u00f3naljban, l\u00e1gy\u00e9khajlatban, a keresztcsont f\u00f6l\u00f6tt \u00e9s a n\u0151kn\u00e9l az eml\u0151k alatt jelentkez\u0151 csom\u00f3kkal j\u00e1r\u00f3 kev\u00e9ss\u00e9 ismert, de nem ritka betegs\u00e9g \u2013 mondta Dr. Wikonk\u00e1l Norbert. A B\u0151r- Nemik\u00f3rtani \u00e9s B\u0151ronkol\u00f3giai Klinika egyetemi tan\u00e1ra elmondta, hogy els\u0151sorban a pubert\u00e1skor ut\u00e1n alakul ki, de ak\u00e1r hatvan\u00e9ves korig jelentkezhet, az ok\u00e1t m\u00e9g nem tudj\u00e1k. &hellip;<\/p>\n","protected":false},"author":101274,"featured_media":1580,"comment_status":"closed","ping_status":"closed","sticky":false,"template":"","format":"standard","meta":{"_acf_changed":false,"footnotes":""},"categories":[75],"tags":[],"class_list":["post-3557","post","type-post","status-publish","format-standard","has-post-thumbnail","hentry","category-mediamegjelenesek"],"acf":[],"_links":{"self":[{"href":"https:\/\/semmelweis.hu\/borklinika\/wp-json\/wp\/v2\/posts\/3557","targetHints":{"allow":["GET"]}}],"collection":[{"href":"https:\/\/semmelweis.hu\/borklinika\/wp-json\/wp\/v2\/posts"}],"about":[{"href":"https:\/\/semmelweis.hu\/borklinika\/wp-json\/wp\/v2\/types\/post"}],"author":[{"embeddable":true,"href":"https:\/\/semmelweis.hu\/borklinika\/wp-json\/wp\/v2\/users\/101274"}],"replies":[{"embeddable":true,"href":"https:\/\/semmelweis.hu\/borklinika\/wp-json\/wp\/v2\/comments?post=3557"}],"version-history":[{"count":3,"href":"https:\/\/semmelweis.hu\/borklinika\/wp-json\/wp\/v2\/posts\/3557\/revisions"}],"predecessor-version":[{"id":3575,"href":"https:\/\/semmelweis.hu\/borklinika\/wp-json\/wp\/v2\/posts\/3557\/revisions\/3575"}],"wp:featuredmedia":[{"embeddable":true,"href":"https:\/\/semmelweis.hu\/borklinika\/wp-json\/wp\/v2\/media\/1580"}],"wp:attachment":[{"href":"https:\/\/semmelweis.hu\/borklinika\/wp-json\/wp\/v2\/media?parent=3557"}],"wp:term":[{"taxonomy":"category","embeddable":true,"href":"https:\/\/semmelweis.hu\/borklinika\/wp-json\/wp\/v2\/categories?post=3557"},{"taxonomy":"post_tag","embeddable":true,"href":"https:\/\/semmelweis.hu\/borklinika\/wp-json\/wp\/v2\/tags?post=3557"}],"curies":[{"name":"wp","href":"https:\/\/api.w.org\/{rel}","templated":true}]}}