{"id":3485,"date":"2018-08-02T11:08:41","date_gmt":"2018-08-02T09:08:41","guid":{"rendered":"http:\/\/semmelweis.hu\/borklinika\/?p=3485"},"modified":"2018-08-02T11:22:02","modified_gmt":"2018-08-02T09:22:02","slug":"egy-rejtelyes-betegseg-kronikus-verejtekmirigy-gyulladas","status":"publish","type":"post","link":"https:\/\/semmelweis.hu\/borklinika\/2018\/08\/02\/egy-rejtelyes-betegseg-kronikus-verejtekmirigy-gyulladas\/","title":{"rendered":"\u00c9vtizednyi f\u00e1jdalom, sz\u00e9gyen \u00e9s elszigetel\u0151d\u00e9s: a kr\u00f3nikus verejt\u00e9kmirigy-gyullad\u00e1s"},"content":{"rendered":"<div style=\"text-align: justify\"><span style=\"font-size: 12pt\">&#8222;A HS vil\u00e1gszerte t\u00f6bb milli\u00f3 embert, becsl\u00e9sek szerint a n\u00e9pess\u00e9g k\u00f6r\u00fclbel\u00fcl 1-4%-\u00e1t \u00e9rinti, de az \u00e9rintettek rejt\u0151zk\u00f6d\u0151 magatart\u00e1sa miatt az orvosok olyan kev\u00e9s beteggel tal\u00e1lkoznak, hogy a ritka betegs\u00e9gek k\u00f6z\u00e9 sorolj\u00e1k a k\u00f3rt.&#8221;<\/span><\/div>\n<div style=\"text-align: justify\">Mi is ez a rejt\u00e9lyes betegs\u00e9g, hogyan ismerhet\u0151 fel \u00e9s hova fordulhatnak az \u00e9rintett betegek seg\u00edts\u00e9g\u00e9rt?\u00a0<strong>Prof. Dr. Wikonk\u00e1l Norbertet<\/strong>, klinik\u00e1nk egyetemi tan\u00e1r\u00e1t k\u00e9rdezte a femina.hu weboldal a verejt\u00e9kmirigy-gyullad\u00e1sr\u00f3l.<\/div>\n<div>A cikket elolvashatj\u00e1k <a href=\"https:\/\/femina.hu\/egeszseg\/verejtekmirigy-gyulladas\/\" target=\"_blank\" rel=\"noopener\">itt<\/a>.<\/div>\n","protected":false},"excerpt":{"rendered":"<p>&#8222;A HS vil\u00e1gszerte t\u00f6bb milli\u00f3 embert, becsl\u00e9sek szerint a n\u00e9pess\u00e9g k\u00f6r\u00fclbel\u00fcl 1-4%-\u00e1t \u00e9rinti, de az \u00e9rintettek rejt\u0151zk\u00f6d\u0151 magatart\u00e1sa miatt az orvosok olyan kev\u00e9s beteggel tal\u00e1lkoznak, hogy a ritka betegs\u00e9gek k\u00f6z\u00e9 sorolj\u00e1k a k\u00f3rt.&#8221; Mi is ez a rejt\u00e9lyes betegs\u00e9g, hogyan ismerhet\u0151 fel \u00e9s hova fordulhatnak az \u00e9rintett betegek seg\u00edts\u00e9g\u00e9rt?\u00a0Prof. Dr. Wikonk\u00e1l Norbertet, klinik\u00e1nk egyetemi tan\u00e1r\u00e1t &hellip;<\/p>\n","protected":false},"author":101244,"featured_media":1580,"comment_status":"closed","ping_status":"closed","sticky":false,"template":"","format":"standard","meta":{"_acf_changed":false,"footnotes":""},"categories":[75],"tags":[],"class_list":["post-3485","post","type-post","status-publish","format-standard","has-post-thumbnail","hentry","category-mediamegjelenesek"],"acf":[],"_links":{"self":[{"href":"https:\/\/semmelweis.hu\/borklinika\/wp-json\/wp\/v2\/posts\/3485","targetHints":{"allow":["GET"]}}],"collection":[{"href":"https:\/\/semmelweis.hu\/borklinika\/wp-json\/wp\/v2\/posts"}],"about":[{"href":"https:\/\/semmelweis.hu\/borklinika\/wp-json\/wp\/v2\/types\/post"}],"author":[{"embeddable":true,"href":"https:\/\/semmelweis.hu\/borklinika\/wp-json\/wp\/v2\/users\/101244"}],"replies":[{"embeddable":true,"href":"https:\/\/semmelweis.hu\/borklinika\/wp-json\/wp\/v2\/comments?post=3485"}],"version-history":[{"count":10,"href":"https:\/\/semmelweis.hu\/borklinika\/wp-json\/wp\/v2\/posts\/3485\/revisions"}],"predecessor-version":[{"id":3496,"href":"https:\/\/semmelweis.hu\/borklinika\/wp-json\/wp\/v2\/posts\/3485\/revisions\/3496"}],"wp:featuredmedia":[{"embeddable":true,"href":"https:\/\/semmelweis.hu\/borklinika\/wp-json\/wp\/v2\/media\/1580"}],"wp:attachment":[{"href":"https:\/\/semmelweis.hu\/borklinika\/wp-json\/wp\/v2\/media?parent=3485"}],"wp:term":[{"taxonomy":"category","embeddable":true,"href":"https:\/\/semmelweis.hu\/borklinika\/wp-json\/wp\/v2\/categories?post=3485"},{"taxonomy":"post_tag","embeddable":true,"href":"https:\/\/semmelweis.hu\/borklinika\/wp-json\/wp\/v2\/tags?post=3485"}],"curies":[{"name":"wp","href":"https:\/\/api.w.org\/{rel}","templated":true}]}}