{"id":3089,"date":"2018-06-04T11:47:37","date_gmt":"2018-06-04T09:47:37","guid":{"rendered":"http:\/\/semmelweis.hu\/borklinika\/?p=3089"},"modified":"2018-06-11T10:28:08","modified_gmt":"2018-06-11T08:28:08","slug":"amit-a-kronikus-szortuszo-es-faggyumirigy-gyulladasrol-tudni-kell","status":"publish","type":"post","link":"https:\/\/semmelweis.hu\/borklinika\/2018\/06\/04\/amit-a-kronikus-szortuszo-es-faggyumirigy-gyulladasrol-tudni-kell\/","title":{"rendered":"Amit a kr\u00f3nikus sz\u0151rt\u00fcsz\u0151- \u00e9s faggy\u00famirigy-gyullad\u00e1sr\u00f3l tudni kell"},"content":{"rendered":"<p style=\"text-align: justify\">A Duna Tv Csal\u00e1d-bar\u00e1t c\u00edm\u0171 m\u0171sor\u00e1nak vend\u00e9ge volt Prof. Dr. Wikonk\u00e1l Norbert, a B\u0151r- Nemik\u00f3rtani \u00e9s B\u0151ronkol\u00f3giai Klinika egyetemi tan\u00e1ra.<br \/>\nA t\u00e9ma ez\u00fattal a kr\u00f3nikus sz\u0151rt\u00fcsz\u0151- \u00e9s faggy\u00famirigy-gyullad\u00e1s, mely vil\u00e1gviszonylatban a n\u00e9pess\u00e9g 1-4 %-\u00e1t \u00e9rint\u0151 betegs\u00e9g.\u00a0A riportb\u00f3l kider\u00fcl, hogy mi\u00e9rt oly nehezen diagnosztiz\u00e1lhat\u00f3 ez az igen kellemetlen t\u00fcnetekkel \u00e9s pszich\u00e9s megterhel\u00e9ssel j\u00e1r\u00f3 k\u00f3rk\u00e9p, valamint az is, hogy manaps\u00e1g a gy\u00f3gyszeres, injekci\u00f3s \u00e9s seb\u00e9szi kezel\u00e9s h\u00e1rmas\u00e1nak megfelel\u0151 alkalmaz\u00e1s\u00e1val j\u00f3 hat\u00e1sfokkal kezelhet\u0151 a probl\u00e9ma.<br \/>\nA riport el\u00e9rhet\u0151 (55:46-1:02):\u00a0<a href=\"https:\/\/www.mediaklikk.hu\/video\/csalad-barat-2018-05-30-i-adas\/\" target=\"_blank\" rel=\"noopener\">https:\/\/www.mediaklikk.hu\/video\/csalad-barat-2018-05-30-i-adas\/<\/a><\/p>\n","protected":false},"excerpt":{"rendered":"<p>A Duna Tv Csal\u00e1d-bar\u00e1t c\u00edm\u0171 m\u0171sor\u00e1nak vend\u00e9ge volt Prof. Dr. Wikonk\u00e1l Norbert, a B\u0151r- Nemik\u00f3rtani \u00e9s B\u0151ronkol\u00f3giai Klinika egyetemi tan\u00e1ra. A t\u00e9ma ez\u00fattal a kr\u00f3nikus sz\u0151rt\u00fcsz\u0151- \u00e9s faggy\u00famirigy-gyullad\u00e1s, mely vil\u00e1gviszonylatban a n\u00e9pess\u00e9g 1-4 %-\u00e1t \u00e9rint\u0151 betegs\u00e9g.\u00a0A riportb\u00f3l kider\u00fcl, hogy mi\u00e9rt oly nehezen diagnosztiz\u00e1lhat\u00f3 ez az igen kellemetlen t\u00fcnetekkel \u00e9s pszich\u00e9s megterhel\u00e9ssel j\u00e1r\u00f3 k\u00f3rk\u00e9p, valamint az &hellip;<\/p>\n","protected":false},"author":101244,"featured_media":1580,"comment_status":"closed","ping_status":"closed","sticky":false,"template":"","format":"standard","meta":{"_acf_changed":false,"footnotes":""},"categories":[75],"tags":[],"class_list":["post-3089","post","type-post","status-publish","format-standard","has-post-thumbnail","hentry","category-mediamegjelenesek"],"acf":[],"_links":{"self":[{"href":"https:\/\/semmelweis.hu\/borklinika\/wp-json\/wp\/v2\/posts\/3089","targetHints":{"allow":["GET"]}}],"collection":[{"href":"https:\/\/semmelweis.hu\/borklinika\/wp-json\/wp\/v2\/posts"}],"about":[{"href":"https:\/\/semmelweis.hu\/borklinika\/wp-json\/wp\/v2\/types\/post"}],"author":[{"embeddable":true,"href":"https:\/\/semmelweis.hu\/borklinika\/wp-json\/wp\/v2\/users\/101244"}],"replies":[{"embeddable":true,"href":"https:\/\/semmelweis.hu\/borklinika\/wp-json\/wp\/v2\/comments?post=3089"}],"version-history":[{"count":8,"href":"https:\/\/semmelweis.hu\/borklinika\/wp-json\/wp\/v2\/posts\/3089\/revisions"}],"predecessor-version":[{"id":3134,"href":"https:\/\/semmelweis.hu\/borklinika\/wp-json\/wp\/v2\/posts\/3089\/revisions\/3134"}],"wp:featuredmedia":[{"embeddable":true,"href":"https:\/\/semmelweis.hu\/borklinika\/wp-json\/wp\/v2\/media\/1580"}],"wp:attachment":[{"href":"https:\/\/semmelweis.hu\/borklinika\/wp-json\/wp\/v2\/media?parent=3089"}],"wp:term":[{"taxonomy":"category","embeddable":true,"href":"https:\/\/semmelweis.hu\/borklinika\/wp-json\/wp\/v2\/categories?post=3089"},{"taxonomy":"post_tag","embeddable":true,"href":"https:\/\/semmelweis.hu\/borklinika\/wp-json\/wp\/v2\/tags?post=3089"}],"curies":[{"name":"wp","href":"https:\/\/api.w.org\/{rel}","templated":true}]}}