{"id":1951,"date":"2018-02-14T14:25:47","date_gmt":"2018-02-14T13:25:47","guid":{"rendered":"http:\/\/semmelweis.hu\/borklinika\/?p=1951"},"modified":"2018-03-17T12:29:35","modified_gmt":"2018-03-17T11:29:35","slug":"dr-hodossy-virag-andor-a-tetovalasokrol","status":"publish","type":"post","link":"https:\/\/semmelweis.hu\/borklinika\/2018\/02\/14\/dr-hodossy-virag-andor-a-tetovalasokrol\/","title":{"rendered":"Dr. Hodossy-Vir\u00e1g Andor a tetov\u00e1l\u00e1sokr\u00f3l"},"content":{"rendered":"<p>Dr. Hodossy-Vir\u00e1g Andor a Kossuth r\u00e1di\u00f3ban a tetov\u00e1l\u00e1sok <a href=\"https:\/\/cdn.connectmedia.hu\/4638\/_demand\/009736ea_8067078.mp3\" target=\"_blank\" rel=\"noopener\">t\u00f6rt\u00e9net\u00e9r\u0151l<\/a>, <a href=\"https:\/\/cdn.connectmedia.hu\/4638\/_demand\/0097377e_8067210.mp3\" target=\"_blank\" rel=\"noopener\">vesz\u00e9lyeir\u0151l<\/a> nyilatkozik.\u00a0 \n <\/p>\n","protected":false},"excerpt":{"rendered":"<p>Dr. Hodossy-Vir\u00e1g Andor a Kossuth r\u00e1di\u00f3ban a tetov\u00e1l\u00e1sok <a href=\"https:\/\/cdn.connectmedia.hu\/4638\/_demand\/009736ea_8067078.mp3\" target=\"_blank\" rel=\"noopener\">t\u00f6rt\u00e9net\u00e9r\u0151l<\/a>, <a href=\"https:\/\/cdn.connectmedia.hu\/4638\/_demand\/0097377e_8067210.mp3\" target=\"_blank\" rel=\"noopener\">vesz\u00e9lyeir\u0151l<\/a> nyilatkozik.\u00a0 <\/p>\n","protected":false},"author":101274,"featured_media":1691,"comment_status":"closed","ping_status":"closed","sticky":false,"template":"","format":"standard","meta":{"_acf_changed":false,"footnotes":""},"categories":[75],"tags":[],"class_list":["post-1951","post","type-post","status-publish","format-standard","has-post-thumbnail","hentry","category-mediamegjelenesek"],"acf":[],"_links":{"self":[{"href":"https:\/\/semmelweis.hu\/borklinika\/wp-json\/wp\/v2\/posts\/1951","targetHints":{"allow":["GET"]}}],"collection":[{"href":"https:\/\/semmelweis.hu\/borklinika\/wp-json\/wp\/v2\/posts"}],"about":[{"href":"https:\/\/semmelweis.hu\/borklinika\/wp-json\/wp\/v2\/types\/post"}],"author":[{"embeddable":true,"href":"https:\/\/semmelweis.hu\/borklinika\/wp-json\/wp\/v2\/users\/101274"}],"replies":[{"embeddable":true,"href":"https:\/\/semmelweis.hu\/borklinika\/wp-json\/wp\/v2\/comments?post=1951"}],"version-history":[{"count":4,"href":"https:\/\/semmelweis.hu\/borklinika\/wp-json\/wp\/v2\/posts\/1951\/revisions"}],"predecessor-version":[{"id":2237,"href":"https:\/\/semmelweis.hu\/borklinika\/wp-json\/wp\/v2\/posts\/1951\/revisions\/2237"}],"wp:featuredmedia":[{"embeddable":true,"href":"https:\/\/semmelweis.hu\/borklinika\/wp-json\/wp\/v2\/media\/1691"}],"wp:attachment":[{"href":"https:\/\/semmelweis.hu\/borklinika\/wp-json\/wp\/v2\/media?parent=1951"}],"wp:term":[{"taxonomy":"category","embeddable":true,"href":"https:\/\/semmelweis.hu\/borklinika\/wp-json\/wp\/v2\/categories?post=1951"},{"taxonomy":"post_tag","embeddable":true,"href":"https:\/\/semmelweis.hu\/borklinika\/wp-json\/wp\/v2\/tags?post=1951"}],"curies":[{"name":"wp","href":"https:\/\/api.w.org\/{rel}","templated":true}]}}