{"id":1815,"date":"2018-01-29T11:19:18","date_gmt":"2018-01-29T10:19:18","guid":{"rendered":"http:\/\/semmelweis.hu\/borklinika\/?p=1815"},"modified":"2018-03-17T12:31:43","modified_gmt":"2018-03-17T11:31:43","slug":"beszamolo-az-elso-bororok-programrol-a-jozsefvarosi-hirekben","status":"publish","type":"post","link":"https:\/\/semmelweis.hu\/borklinika\/2018\/01\/29\/beszamolo-az-elso-bororok-programrol-a-jozsefvarosi-hirekben\/","title":{"rendered":"Besz\u00e1mol\u00f3 az els\u0151 B\u0151r\u0150r\u00f6k programr\u00f3l a j\u00f3zsefv\u00e1rosi h\u00edrekben"},"content":{"rendered":"<div>Az els\u0151 B\u0151r\u0150r programr\u00f3l \u00edrt besz\u00e1mol\u00f3t a jozsefvaros.hu. \u00a0A cikk az al\u00e1bbi linkre kattintva olvashat\u00f3:<\/div>\n<div>\u00a0<\/div>\n<div><a href=\"http:\/\/jozsefvaros.hu\/hir\/5443\/Bor%C5%90rok_eloadas_kozepiskolasoknak\/\" target=\"_blank\" rel=\"noopener\">http:\/\/jozsefvaros.hu\/hir\/5443\/Bor%C5%90rok_eloadas_kozepiskolasoknak\/<\/a>\u00a0<\/div>\n","protected":false},"excerpt":{"rendered":"<p>Az els\u0151 B\u0151r\u0150r programr\u00f3l \u00edrt besz\u00e1mol\u00f3t a jozsefvaros.hu. \u00a0A cikk az al\u00e1bbi linkre kattintva olvashat\u00f3:<br \/>\n\u00a0<br \/>\n<a href=\"http:\/\/jozsefvaros.hu\/hir\/5443\/Bor%C5%90rok_eloadas_kozepiskolasoknak\/\" target=\"_blank\" rel=\"noopener\">http:\/\/jozsefvaros.hu\/hir\/5443\/Bor%C5%90rok_eloadas_kozepiskolasoknak\/<\/a>\u00a0<\/p>\n","protected":false},"author":101274,"featured_media":1811,"comment_status":"closed","ping_status":"closed","sticky":false,"template":"","format":"standard","meta":{"_acf_changed":false,"footnotes":""},"categories":[75],"tags":[],"class_list":["post-1815","post","type-post","status-publish","format-standard","has-post-thumbnail","hentry","category-mediamegjelenesek"],"acf":[],"_links":{"self":[{"href":"https:\/\/semmelweis.hu\/borklinika\/wp-json\/wp\/v2\/posts\/1815","targetHints":{"allow":["GET"]}}],"collection":[{"href":"https:\/\/semmelweis.hu\/borklinika\/wp-json\/wp\/v2\/posts"}],"about":[{"href":"https:\/\/semmelweis.hu\/borklinika\/wp-json\/wp\/v2\/types\/post"}],"author":[{"embeddable":true,"href":"https:\/\/semmelweis.hu\/borklinika\/wp-json\/wp\/v2\/users\/101274"}],"replies":[{"embeddable":true,"href":"https:\/\/semmelweis.hu\/borklinika\/wp-json\/wp\/v2\/comments?post=1815"}],"version-history":[{"count":2,"href":"https:\/\/semmelweis.hu\/borklinika\/wp-json\/wp\/v2\/posts\/1815\/revisions"}],"predecessor-version":[{"id":1818,"href":"https:\/\/semmelweis.hu\/borklinika\/wp-json\/wp\/v2\/posts\/1815\/revisions\/1818"}],"wp:featuredmedia":[{"embeddable":true,"href":"https:\/\/semmelweis.hu\/borklinika\/wp-json\/wp\/v2\/media\/1811"}],"wp:attachment":[{"href":"https:\/\/semmelweis.hu\/borklinika\/wp-json\/wp\/v2\/media?parent=1815"}],"wp:term":[{"taxonomy":"category","embeddable":true,"href":"https:\/\/semmelweis.hu\/borklinika\/wp-json\/wp\/v2\/categories?post=1815"},{"taxonomy":"post_tag","embeddable":true,"href":"https:\/\/semmelweis.hu\/borklinika\/wp-json\/wp\/v2\/tags?post=1815"}],"curies":[{"name":"wp","href":"https:\/\/api.w.org\/{rel}","templated":true}]}}