{"id":13663,"date":"2026-08-18T10:36:04","date_gmt":"2026-08-18T08:36:04","guid":{"rendered":"https:\/\/semmelweis.hu\/borklinika\/?p=13663"},"modified":"2026-08-18T10:36:04","modified_gmt":"2026-08-18T08:36:04","slug":"index-hu-tobb-mint-haromezer-embert-vizsgaltak-meg-komoly-figyelmeztetest-adtak-ki-a-szakemberek","status":"publish","type":"post","link":"https:\/\/semmelweis.hu\/borklinika\/2026\/08\/18\/index-hu-tobb-mint-haromezer-embert-vizsgaltak-meg-komoly-figyelmeztetest-adtak-ki-a-szakemberek\/","title":{"rendered":"Index.hu &#8211; T\u00f6bb mint h\u00e1romezer embert vizsg\u00e1ltak meg, komoly figyelmeztet\u00e9st adtak ki a szakemberek"},"content":{"rendered":"<p style=\"text-align: justify\" data-start=\"0\" data-end=\"374\">Lez\u00e1rult a Magyar Dermatol\u00f3giai T\u00e1rsulat (MDT) idei Orsz\u00e1gos B\u0151rr\u00e1ksz\u0171r\u00e9si Programja, amelyhez orsz\u00e1gszerte t\u00f6bb mint 90 sz\u0171r\u0151hely \u00e9s t\u00f6bb mint 240 b\u0151rgy\u00f3gy\u00e1sz csatlakozott, \u00f6sszesen 340 sz\u0171r\u00e9si id\u0151pontot biztos\u00edtva. A sz\u00e9les k\u00f6r\u0171 szakmai \u00f6sszefog\u00e1s\u00a0 keret\u00e9ben t\u00f6rt\u00e9n\u0151 orsz\u00e1gos b\u0151rr\u00e1ksz\u0171r\u00e9sen k\u00f6zel h\u00e1romezren \u00e9ltek az ingyenes vizsg\u00e1lat lehet\u0151s\u00e9g\u00e9vel. A b\u0151rdaganatokkal kapcsolatos eduk\u00e1ci\u00f3s \u00e9s prevenci\u00f3s kamp\u00e1ny azt a c\u00e9lt szolg\u00e1lta, hogy el\u0151seg\u00edtse a b\u0151rdaganatok min\u00e9l kor\u00e1bbi felismer\u00e9s\u00e9t, valamint felh\u00edvja a figyelmet a rendszeres \u00f6nvizsg\u00e1lat \u00e9s a tudatos f\u00e9nyv\u00e9delem fontoss\u00e1g\u00e1ra.<\/p>\n<p data-start=\"0\" data-end=\"374\">A cikk elolvashat\u00f3 <a href=\"https:\/\/index.hu\/gazdasag\/2026\/07\/15\/melanoma-anyagjegyszures-borvizsgalat-egeszseg-egeszsegtudatossag-anyajegy-anyajegyvizsgalat-borrak\/\" target=\"_blank\" rel=\"noopener\"><strong>ide<\/strong> <\/a>kattintva.<\/p>\n<p data-start=\"376\" data-end=\"799\" data-is-last-node=\"\" data-is-only-node=\"\">\u00a0<\/p>\n","protected":false},"excerpt":{"rendered":"<p>Lez\u00e1rult a Magyar Dermatol\u00f3giai T\u00e1rsulat (MDT) idei Orsz\u00e1gos B\u0151rr\u00e1ksz\u0171r\u00e9si Programja, amelyhez orsz\u00e1gszerte t\u00f6bb mint 90 sz\u0171r\u0151hely \u00e9s t\u00f6bb mint 240 b\u0151rgy\u00f3gy\u00e1sz csatlakozott, \u00f6sszesen 340 sz\u0171r\u00e9si id\u0151pontot biztos\u00edtva. A sz\u00e9les k\u00f6r\u0171 szakmai \u00f6sszefog\u00e1s\u00a0 keret\u00e9ben t\u00f6rt\u00e9n\u0151 orsz\u00e1gos b\u0151rr\u00e1ksz\u0171r\u00e9sen k\u00f6zel h\u00e1romezren \u00e9ltek az ingyenes vizsg\u00e1lat lehet\u0151s\u00e9g\u00e9vel. A b\u0151rdaganatokkal kapcsolatos eduk\u00e1ci\u00f3s \u00e9s prevenci\u00f3s kamp\u00e1ny azt a c\u00e9lt szolg\u00e1lta, hogy &hellip;<\/p>\n","protected":false},"author":101244,"featured_media":766,"comment_status":"closed","ping_status":"closed","sticky":false,"template":"","format":"standard","meta":{"_acf_changed":false,"footnotes":""},"categories":[75],"tags":[],"class_list":["post-13663","post","type-post","status-publish","format-standard","has-post-thumbnail","hentry","category-mediamegjelenesek"],"acf":[],"_links":{"self":[{"href":"https:\/\/semmelweis.hu\/borklinika\/wp-json\/wp\/v2\/posts\/13663","targetHints":{"allow":["GET"]}}],"collection":[{"href":"https:\/\/semmelweis.hu\/borklinika\/wp-json\/wp\/v2\/posts"}],"about":[{"href":"https:\/\/semmelweis.hu\/borklinika\/wp-json\/wp\/v2\/types\/post"}],"author":[{"embeddable":true,"href":"https:\/\/semmelweis.hu\/borklinika\/wp-json\/wp\/v2\/users\/101244"}],"replies":[{"embeddable":true,"href":"https:\/\/semmelweis.hu\/borklinika\/wp-json\/wp\/v2\/comments?post=13663"}],"version-history":[{"count":1,"href":"https:\/\/semmelweis.hu\/borklinika\/wp-json\/wp\/v2\/posts\/13663\/revisions"}],"predecessor-version":[{"id":13664,"href":"https:\/\/semmelweis.hu\/borklinika\/wp-json\/wp\/v2\/posts\/13663\/revisions\/13664"}],"wp:featuredmedia":[{"embeddable":true,"href":"https:\/\/semmelweis.hu\/borklinika\/wp-json\/wp\/v2\/media\/766"}],"wp:attachment":[{"href":"https:\/\/semmelweis.hu\/borklinika\/wp-json\/wp\/v2\/media?parent=13663"}],"wp:term":[{"taxonomy":"category","embeddable":true,"href":"https:\/\/semmelweis.hu\/borklinika\/wp-json\/wp\/v2\/categories?post=13663"},{"taxonomy":"post_tag","embeddable":true,"href":"https:\/\/semmelweis.hu\/borklinika\/wp-json\/wp\/v2\/tags?post=13663"}],"curies":[{"name":"wp","href":"https:\/\/api.w.org\/{rel}","templated":true}]}}