{"id":13661,"date":"2026-08-18T10:25:27","date_gmt":"2026-08-18T08:25:27","guid":{"rendered":"https:\/\/semmelweis.hu\/borklinika\/?p=13661"},"modified":"2026-08-18T10:25:27","modified_gmt":"2026-08-18T08:25:27","slug":"majusban-volt-a-melanoma-tudatossag-honapja","status":"publish","type":"post","link":"https:\/\/semmelweis.hu\/borklinika\/2026\/08\/18\/majusban-volt-a-melanoma-tudatossag-honapja\/","title":{"rendered":"M\u00e1jusban volt a melanoma tudatoss\u00e1g h\u00f3napja"},"content":{"rendered":"<p class=\"PDq2pG_selectionAnchorContainer\" data-start=\"0\" data-end=\"350\">Magyarorsz\u00e1gon az elm\u00falt t\u00edz \u00e9vben mintegy m\u00e1sf\u00e9lszeres\u00e9re emelkedett a melanom\u00e1s megbeteged\u00e9sek sz\u00e1ma. A melanoma elleni k\u00fczdelem jegy\u00e9ben minden \u00e9v m\u00e1jusa a melanoma tudatoss\u00e1g h\u00f3napja, amely a megel\u0151z\u00e9s \u00e9s a korai felismer\u00e9s fontoss\u00e1g\u00e1ra h\u00edvja fel a figyelmet, hiszen a betegs\u00e9g id\u0151ben t\u00f6rt\u00e9n\u0151 felismer\u00e9se jelent\u0151sen jav\u00edthatja a sikeres kezel\u00e9s es\u00e9lyeit.\u00a0<br \/>\nEnnek aprop\u00f3j\u00e1n az ATV st\u00fadi\u00f3j\u00e1ban Dr. T\u00f3th Veronika, a B\u0151r-, Nemik\u00f3rtani \u00e9s B\u0151ronkol\u00f3giai Klinika egyetemi adjunktusa a besz\u00e9lt a melanoma figyelmeztet\u0151 jeleir\u0151l, a legfontosabb rizik\u00f3t\u00e9nyez\u0151kr\u0151l, a megel\u0151z\u00e9s lehet\u0151s\u00e9geir\u0151l, valamint a korszer\u0171 kezel\u00e9si lehet\u0151s\u00e9gekr\u0151l.<\/p>\n<p>Az interj\u00fa megtekinthet\u0151\u00a0<a href=\"https:\/\/www.youtube.com\/watch?v=Vza-3Oln37Y\" target=\"_blank\" rel=\"noopener\"><strong>ide kattintva<\/strong><\/a>.<\/p>\n","protected":false},"excerpt":{"rendered":"<p>Magyarorsz\u00e1gon az elm\u00falt t\u00edz \u00e9vben mintegy m\u00e1sf\u00e9lszeres\u00e9re emelkedett a melanom\u00e1s megbeteged\u00e9sek sz\u00e1ma. A melanoma elleni k\u00fczdelem jegy\u00e9ben minden \u00e9v m\u00e1jusa a melanoma tudatoss\u00e1g h\u00f3napja, amely a megel\u0151z\u00e9s \u00e9s a korai felismer\u00e9s fontoss\u00e1g\u00e1ra h\u00edvja fel a figyelmet, hiszen a betegs\u00e9g id\u0151ben t\u00f6rt\u00e9n\u0151 felismer\u00e9se jelent\u0151sen jav\u00edthatja a sikeres kezel\u00e9s es\u00e9lyeit.\u00a0 Ennek aprop\u00f3j\u00e1n az ATV st\u00fadi\u00f3j\u00e1ban Dr. T\u00f3th &hellip;<\/p>\n","protected":false},"author":101244,"featured_media":13452,"comment_status":"closed","ping_status":"closed","sticky":false,"template":"","format":"standard","meta":{"_acf_changed":false,"footnotes":""},"categories":[75],"tags":[],"class_list":["post-13661","post","type-post","status-publish","format-standard","has-post-thumbnail","hentry","category-mediamegjelenesek"],"acf":[],"_links":{"self":[{"href":"https:\/\/semmelweis.hu\/borklinika\/wp-json\/wp\/v2\/posts\/13661","targetHints":{"allow":["GET"]}}],"collection":[{"href":"https:\/\/semmelweis.hu\/borklinika\/wp-json\/wp\/v2\/posts"}],"about":[{"href":"https:\/\/semmelweis.hu\/borklinika\/wp-json\/wp\/v2\/types\/post"}],"author":[{"embeddable":true,"href":"https:\/\/semmelweis.hu\/borklinika\/wp-json\/wp\/v2\/users\/101244"}],"replies":[{"embeddable":true,"href":"https:\/\/semmelweis.hu\/borklinika\/wp-json\/wp\/v2\/comments?post=13661"}],"version-history":[{"count":1,"href":"https:\/\/semmelweis.hu\/borklinika\/wp-json\/wp\/v2\/posts\/13661\/revisions"}],"predecessor-version":[{"id":13662,"href":"https:\/\/semmelweis.hu\/borklinika\/wp-json\/wp\/v2\/posts\/13661\/revisions\/13662"}],"wp:featuredmedia":[{"embeddable":true,"href":"https:\/\/semmelweis.hu\/borklinika\/wp-json\/wp\/v2\/media\/13452"}],"wp:attachment":[{"href":"https:\/\/semmelweis.hu\/borklinika\/wp-json\/wp\/v2\/media?parent=13661"}],"wp:term":[{"taxonomy":"category","embeddable":true,"href":"https:\/\/semmelweis.hu\/borklinika\/wp-json\/wp\/v2\/categories?post=13661"},{"taxonomy":"post_tag","embeddable":true,"href":"https:\/\/semmelweis.hu\/borklinika\/wp-json\/wp\/v2\/tags?post=13661"}],"curies":[{"name":"wp","href":"https:\/\/api.w.org\/{rel}","templated":true}]}}