{"id":13658,"date":"2026-08-18T10:18:33","date_gmt":"2026-08-18T08:18:33","guid":{"rendered":"https:\/\/semmelweis.hu\/borklinika\/?p=13658"},"modified":"2026-08-18T10:18:33","modified_gmt":"2026-08-18T08:18:33","slug":"blikk-hu-veszelyes-kozossegimedia-kihivasok-es-a-fenyvedelem-tevhitei","status":"publish","type":"post","link":"https:\/\/semmelweis.hu\/borklinika\/2026\/08\/18\/blikk-hu-veszelyes-kozossegimedia-kihivasok-es-a-fenyvedelem-tevhitei\/","title":{"rendered":"Blikk.hu: Vesz\u00e9lyes k\u00f6z\u00f6ss\u00e9gim\u00e9dia-kih\u00edv\u00e1sok \u00e9s a f\u00e9nyv\u00e9delem t\u00e9vhitei"},"content":{"rendered":"<p style=\"text-align: justify\">A ny\u00e1r bek\u00f6sz\u00f6nt\u00e9vel nemcsak a j\u00f3 id\u0151t \u00e9lvezhetj\u00fck, hanem a napsug\u00e1rz\u00e1s fokozott vesz\u00e9lyeivel is szembes\u00fcln\u00fcnk kell. De mikor tesz j\u00f3t a napf\u00e9ny a b\u0151rnek, \u00e9s mikor okoz s\u00falyos k\u00e1rokat? Milyen jelek utalnak a melan\u00f3m\u00e1ra, \u00e9s mi\u00e9rt vesz\u00e9lyesek a k\u00f6z\u00f6ss\u00e9gi m\u00e9di\u00e1ban terjed\u0151 \u201enapoz\u00e1si kih\u00edv\u00e1sok\u201d? Ezekr\u0151l a t\u00e9m\u00e1kr\u00f3l k\u00e9rdezte a Blikk munkat\u00e1rsa Prof. Dr. Holl\u00f3 P\u00e9tert, a Semmelweis Egyetem B\u0151r-Nemik\u00f3rtani \u00e9s B\u0151ronkol\u00f3gia Klinika igazgat\u00f3j\u00e1t, a Magyar Dermatol\u00f3giai T\u00e1rsulat eln\u00f6k\u00e9t.<\/p>\n<p>A teljes cikket elolvashatj\u00e1k <a href=\"https:\/\/www.blikk.hu\/eletmod\/egeszseg\/napozas-veszelyei\/34nn02z\" target=\"_blank\" rel=\"noopener\"><strong>ide<\/strong> <\/a>kattintva.<\/p>\n","protected":false},"excerpt":{"rendered":"<p>A ny\u00e1r bek\u00f6sz\u00f6nt\u00e9vel nemcsak a j\u00f3 id\u0151t \u00e9lvezhetj\u00fck, hanem a napsug\u00e1rz\u00e1s fokozott vesz\u00e9lyeivel is szembes\u00fcln\u00fcnk kell. De mikor tesz j\u00f3t a napf\u00e9ny a b\u0151rnek, \u00e9s mikor okoz s\u00falyos k\u00e1rokat? Milyen jelek utalnak a melan\u00f3m\u00e1ra, \u00e9s mi\u00e9rt vesz\u00e9lyesek a k\u00f6z\u00f6ss\u00e9gi m\u00e9di\u00e1ban terjed\u0151 \u201enapoz\u00e1si kih\u00edv\u00e1sok\u201d? Ezekr\u0151l a t\u00e9m\u00e1kr\u00f3l k\u00e9rdezte a Blikk munkat\u00e1rsa Prof. Dr. Holl\u00f3 P\u00e9tert, a &hellip;<\/p>\n","protected":false},"author":101244,"featured_media":9380,"comment_status":"closed","ping_status":"closed","sticky":false,"template":"","format":"standard","meta":{"_acf_changed":false,"footnotes":""},"categories":[75],"tags":[],"class_list":["post-13658","post","type-post","status-publish","format-standard","has-post-thumbnail","hentry","category-mediamegjelenesek"],"acf":[],"_links":{"self":[{"href":"https:\/\/semmelweis.hu\/borklinika\/wp-json\/wp\/v2\/posts\/13658","targetHints":{"allow":["GET"]}}],"collection":[{"href":"https:\/\/semmelweis.hu\/borklinika\/wp-json\/wp\/v2\/posts"}],"about":[{"href":"https:\/\/semmelweis.hu\/borklinika\/wp-json\/wp\/v2\/types\/post"}],"author":[{"embeddable":true,"href":"https:\/\/semmelweis.hu\/borklinika\/wp-json\/wp\/v2\/users\/101244"}],"replies":[{"embeddable":true,"href":"https:\/\/semmelweis.hu\/borklinika\/wp-json\/wp\/v2\/comments?post=13658"}],"version-history":[{"count":2,"href":"https:\/\/semmelweis.hu\/borklinika\/wp-json\/wp\/v2\/posts\/13658\/revisions"}],"predecessor-version":[{"id":13660,"href":"https:\/\/semmelweis.hu\/borklinika\/wp-json\/wp\/v2\/posts\/13658\/revisions\/13660"}],"wp:featuredmedia":[{"embeddable":true,"href":"https:\/\/semmelweis.hu\/borklinika\/wp-json\/wp\/v2\/media\/9380"}],"wp:attachment":[{"href":"https:\/\/semmelweis.hu\/borklinika\/wp-json\/wp\/v2\/media?parent=13658"}],"wp:term":[{"taxonomy":"category","embeddable":true,"href":"https:\/\/semmelweis.hu\/borklinika\/wp-json\/wp\/v2\/categories?post=13658"},{"taxonomy":"post_tag","embeddable":true,"href":"https:\/\/semmelweis.hu\/borklinika\/wp-json\/wp\/v2\/tags?post=13658"}],"curies":[{"name":"wp","href":"https:\/\/api.w.org\/{rel}","templated":true}]}}