{"id":13053,"date":"2025-06-25T10:05:55","date_gmt":"2025-06-25T08:05:55","guid":{"rendered":"https:\/\/semmelweis.hu\/borklinika\/?p=13053"},"modified":"2025-06-25T10:05:55","modified_gmt":"2025-06-25T08:05:55","slug":"julius-1-semmelweis-nap-a-magyar-egeszsegugyben-munkaszuneti-nap-2","status":"publish","type":"post","link":"https:\/\/semmelweis.hu\/borklinika\/2025\/06\/25\/julius-1-semmelweis-nap-a-magyar-egeszsegugyben-munkaszuneti-nap-2\/","title":{"rendered":"J\u00daLIUS 1. SEMMELWEIS-NAP &#8211; A MAGYAR EG\u00c9SZS\u00c9G\u00dcGYBEN MUNKASZ\u00dcNETI NAP"},"content":{"rendered":"<p style=\"text-align: center\"><span style=\"font-size: 20pt\"><strong>TISZTELT P\u00c1CIENSEINK!<\/strong><\/span><\/p>\n<p style=\"text-align: center\"><span style=\"font-size: 18pt\"><strong>FELH\u00cdVJUK FIGY\u00dcLM\u00dcKET, HOGY\u00a0<\/strong><\/span><\/p>\n<p style=\"text-align: center\"><span style=\"color: #ff0000;font-size: 20pt\"><strong>J\u00daLIUS 1. SEMMELWEIS-NAP,<br \/>\n<\/strong><strong>A MAGYAR EG\u00c9SZS\u00c9G\u00dcGYBEN MUNKASZ\u00dcNETI NAP<\/strong><\/span><\/p>\n<p style=\"text-align: center\"><span style=\"font-size: 18pt\"><strong>EZEN A NAPON MINDEN EG\u00c9SZS\u00c9G\u00dcGYI INT\u00c9ZM\u00c9NYBEN<\/strong><\/span><br \/>\n<span style=\"color: #ff0000;font-size: 20pt\"><strong>CSAK \u00dcGYELETI ELL\u00c1T\u00c1S VAN!<\/strong><\/span><\/p>\n","protected":false},"excerpt":{"rendered":"<p>TISZTELT P\u00c1CIENSEINK!<br \/>\nFELH\u00cdVJUK FIGY\u00dcLM\u00dcKET, HOGY\u00a0<br \/>\nJ\u00daLIUS 1. SEMMELWEIS-NAP,<br \/>\nA MAGYAR EG\u00c9SZS\u00c9G\u00dcGYBEN MUNKASZ\u00dcNETI NAP<br \/>\nEZEN A NAPON MINDEN EG\u00c9SZS\u00c9G\u00dcGYI INT\u00c9ZM\u00c9NYBEN<br \/>\nCSAK \u00dcGYELETI ELL\u00c1T\u00c1S VAN!<\/p>\n","protected":false},"author":101244,"featured_media":0,"comment_status":"closed","ping_status":"closed","sticky":false,"template":"","format":"standard","meta":{"_acf_changed":false,"footnotes":""},"categories":[69],"tags":[],"class_list":["post-13053","post","type-post","status-publish","format-standard","hentry","category-hirek-hu"],"acf":[],"_links":{"self":[{"href":"https:\/\/semmelweis.hu\/borklinika\/wp-json\/wp\/v2\/posts\/13053","targetHints":{"allow":["GET"]}}],"collection":[{"href":"https:\/\/semmelweis.hu\/borklinika\/wp-json\/wp\/v2\/posts"}],"about":[{"href":"https:\/\/semmelweis.hu\/borklinika\/wp-json\/wp\/v2\/types\/post"}],"author":[{"embeddable":true,"href":"https:\/\/semmelweis.hu\/borklinika\/wp-json\/wp\/v2\/users\/101244"}],"replies":[{"embeddable":true,"href":"https:\/\/semmelweis.hu\/borklinika\/wp-json\/wp\/v2\/comments?post=13053"}],"version-history":[{"count":5,"href":"https:\/\/semmelweis.hu\/borklinika\/wp-json\/wp\/v2\/posts\/13053\/revisions"}],"predecessor-version":[{"id":13058,"href":"https:\/\/semmelweis.hu\/borklinika\/wp-json\/wp\/v2\/posts\/13053\/revisions\/13058"}],"wp:attachment":[{"href":"https:\/\/semmelweis.hu\/borklinika\/wp-json\/wp\/v2\/media?parent=13053"}],"wp:term":[{"taxonomy":"category","embeddable":true,"href":"https:\/\/semmelweis.hu\/borklinika\/wp-json\/wp\/v2\/categories?post=13053"},{"taxonomy":"post_tag","embeddable":true,"href":"https:\/\/semmelweis.hu\/borklinika\/wp-json\/wp\/v2\/tags?post=13053"}],"curies":[{"name":"wp","href":"https:\/\/api.w.org\/{rel}","templated":true}]}}