{"id":11292,"date":"2023-08-24T11:38:33","date_gmt":"2023-08-24T09:38:33","guid":{"rendered":"https:\/\/semmelweis.hu\/borklinika\/?p=11292"},"modified":"2023-08-24T11:38:33","modified_gmt":"2023-08-24T09:38:33","slug":"refresher-hu-az-50-faktoros-fenyvedo-hatasa-nem-erosebb-mint-a-30-ase","status":"publish","type":"post","link":"https:\/\/semmelweis.hu\/borklinika\/2023\/08\/24\/refresher-hu-az-50-faktoros-fenyvedo-hatasa-nem-erosebb-mint-a-30-ase\/","title":{"rendered":"Refresher.hu: Az 50 faktoros f\u00e9nyv\u00e9d\u0151 hat\u00e1sa nem er\u0151sebb, mint a 30-as\u00e9"},"content":{"rendered":"<p style=\"text-align: justify\">Ma m\u00e1r k\u00f6zismert, hogy a f\u00e9nyv\u00e9d\u0151 k\u00e9sz\u00edtm\u00e9nyek t\u00edpus\u00e1nak, text\u00far\u00e1j\u00e1nak v\u00e9gtelen\u00fcl sz\u00e9les sk\u00e1l\u00e1ja \u00e1ll rendelkez\u00e9s\u00fcnkre, v\u00e1laszthatunk naptej, kr\u00e9m, spray, hab, fluid vagy permet k\u00f6z\u00fcl is. De m\u00e9gis, mit jelent egy term\u00e9k SPF sz\u00e1ma, azaz mit takar, hogy h\u00e1ny faktoros egy f\u00e9nyv\u00e9d\u0151 k\u00e9sz\u00edtm\u00e9ny? Err\u0151l \u00e9s egy\u00e9b, a f\u00e9nyv\u00e9delemmel kapcsolatos hasznos tan\u00e1csokr\u00f3l olvashatnak a Refresher.hu Dr. Kuroli Enik\u0151vel, a B\u0151rklinika b\u0151rgy\u00f3gy\u00e1sz, b\u0151rpatol\u00f3gus szakember\u00e9vel k\u00e9sz\u00edtett riportj\u00e1ban.\u00a0<\/p>\n<p>A cikk elolvashat\u00f3 <a href=\"https:\/\/refresher.hu\/2567--Az-50-faktoros-fenyvedo-hatasa-nem-erosebb-mint-a-30-ase-A-szakember-szerint-ezek-a-tevhitek-es-okolszabalyok-fenyvedelemnel\" target=\"_blank\" rel=\"noopener\">itt.<\/a><\/p>\n","protected":false},"excerpt":{"rendered":"<p>Ma m\u00e1r k\u00f6zismert, hogy a f\u00e9nyv\u00e9d\u0151 k\u00e9sz\u00edtm\u00e9nyek t\u00edpus\u00e1nak, text\u00far\u00e1j\u00e1nak v\u00e9gtelen\u00fcl sz\u00e9les sk\u00e1l\u00e1ja \u00e1ll rendelkez\u00e9s\u00fcnkre, v\u00e1laszthatunk naptej, kr\u00e9m, spray, hab, fluid vagy permet k\u00f6z\u00fcl is. De m\u00e9gis, mit jelent egy term\u00e9k SPF sz\u00e1ma, azaz mit takar, hogy h\u00e1ny faktoros egy f\u00e9nyv\u00e9d\u0151 k\u00e9sz\u00edtm\u00e9ny? Err\u0151l \u00e9s egy\u00e9b, a f\u00e9nyv\u00e9delemmel kapcsolatos hasznos tan\u00e1csokr\u00f3l olvashatnak a Refresher.hu Dr. Kuroli Enik\u0151vel, &hellip;<\/p>\n","protected":false},"author":101244,"featured_media":11294,"comment_status":"closed","ping_status":"closed","sticky":false,"template":"","format":"standard","meta":{"_acf_changed":false,"footnotes":""},"categories":[75],"tags":[],"class_list":["post-11292","post","type-post","status-publish","format-standard","has-post-thumbnail","hentry","category-mediamegjelenesek"],"acf":[],"_links":{"self":[{"href":"https:\/\/semmelweis.hu\/borklinika\/wp-json\/wp\/v2\/posts\/11292","targetHints":{"allow":["GET"]}}],"collection":[{"href":"https:\/\/semmelweis.hu\/borklinika\/wp-json\/wp\/v2\/posts"}],"about":[{"href":"https:\/\/semmelweis.hu\/borklinika\/wp-json\/wp\/v2\/types\/post"}],"author":[{"embeddable":true,"href":"https:\/\/semmelweis.hu\/borklinika\/wp-json\/wp\/v2\/users\/101244"}],"replies":[{"embeddable":true,"href":"https:\/\/semmelweis.hu\/borklinika\/wp-json\/wp\/v2\/comments?post=11292"}],"version-history":[{"count":1,"href":"https:\/\/semmelweis.hu\/borklinika\/wp-json\/wp\/v2\/posts\/11292\/revisions"}],"predecessor-version":[{"id":11295,"href":"https:\/\/semmelweis.hu\/borklinika\/wp-json\/wp\/v2\/posts\/11292\/revisions\/11295"}],"wp:featuredmedia":[{"embeddable":true,"href":"https:\/\/semmelweis.hu\/borklinika\/wp-json\/wp\/v2\/media\/11294"}],"wp:attachment":[{"href":"https:\/\/semmelweis.hu\/borklinika\/wp-json\/wp\/v2\/media?parent=11292"}],"wp:term":[{"taxonomy":"category","embeddable":true,"href":"https:\/\/semmelweis.hu\/borklinika\/wp-json\/wp\/v2\/categories?post=11292"},{"taxonomy":"post_tag","embeddable":true,"href":"https:\/\/semmelweis.hu\/borklinika\/wp-json\/wp\/v2\/tags?post=11292"}],"curies":[{"name":"wp","href":"https:\/\/api.w.org\/{rel}","templated":true}]}}