{"id":11245,"date":"2023-07-25T12:39:51","date_gmt":"2023-07-25T10:39:51","guid":{"rendered":"https:\/\/semmelweis.hu\/borklinika\/?p=11245"},"modified":"2023-07-25T12:39:51","modified_gmt":"2023-07-25T10:39:51","slug":"rakosmente-tv-egeszseg-menten-a-napfeny-hatasa-a-borunkre","status":"publish","type":"post","link":"https:\/\/semmelweis.hu\/borklinika\/2023\/07\/25\/rakosmente-tv-egeszseg-menten-a-napfeny-hatasa-a-borunkre\/","title":{"rendered":"R\u00e1kosmente TV, Eg\u00e9szs\u00e9g ment\u00e9n: A napf\u00e9ny hat\u00e1sa a b\u0151r\u00fcnkre"},"content":{"rendered":"<p style=\"text-align: justify\">Dr. Kuroli Enik\u0151, a B\u0151rklinika f\u0151orvosa, b\u0151rgy\u00f3gy\u00e1sz \u00e9s b\u0151rpatol\u00f3gus szakorvosa a R\u00e1kosmente TV Eg\u00e9szs\u00e9g ment\u00e9n c\u00edm\u0171 m\u0171sor\u00e1ban a napf\u00e9ny b\u0151rre gyakorolt hat\u00e1s\u00e1r\u00f3l osztott meg hasznos tudnival\u00f3kat a n\u00e9z\u0151kkel. A hossz\u00fa \u00e9s tartalmas riportban sz\u00f3ba ker\u00fclt a napoz\u00e1s \u00e9s D-vitamin p\u00f3tl\u00e1s k\u00e9rd\u00e9se, a nap\u00e9g\u00e9s kezel\u00e9se, a b\u0151rdaganatok t\u00edpusai, a fizikai \u00e9s k\u00e9miai f\u00e9nyv\u00e9delem, illetve a szol\u00e1rium k\u00e1ros hat\u00e1sai is.\u00a0<\/p>\n<p>A riport megtekinthet\u0151 <a href=\"https:\/\/www.youtube.com\/watch?v=BxgSAAW1CGM&amp;t=18s&amp;fbclid=IwAR1jl7q9uW5F2grvItzxZz5pzzwWqRpQxxmpgUwe3mVEwFOlcShXH_sXGq4\" target=\"_blank\" rel=\"noopener\">ide<\/a> kattintva.<\/p>\n","protected":false},"excerpt":{"rendered":"<p>Dr. Kuroli Enik\u0151, a B\u0151rklinika f\u0151orvosa, b\u0151rgy\u00f3gy\u00e1sz \u00e9s b\u0151rpatol\u00f3gus szakorvosa a R\u00e1kosmente TV Eg\u00e9szs\u00e9g ment\u00e9n c\u00edm\u0171 m\u0171sor\u00e1ban a napf\u00e9ny b\u0151rre gyakorolt hat\u00e1s\u00e1r\u00f3l osztott meg hasznos tudnival\u00f3kat a n\u00e9z\u0151kkel. A hossz\u00fa \u00e9s tartalmas riportban sz\u00f3ba ker\u00fclt a napoz\u00e1s \u00e9s D-vitamin p\u00f3tl\u00e1s k\u00e9rd\u00e9se, a nap\u00e9g\u00e9s kezel\u00e9se, a b\u0151rdaganatok t\u00edpusai, a fizikai \u00e9s k\u00e9miai f\u00e9nyv\u00e9delem, illetve a szol\u00e1rium &hellip;<\/p>\n","protected":false},"author":101244,"featured_media":10265,"comment_status":"closed","ping_status":"closed","sticky":false,"template":"","format":"standard","meta":{"_acf_changed":false,"footnotes":""},"categories":[75],"tags":[],"class_list":["post-11245","post","type-post","status-publish","format-standard","has-post-thumbnail","hentry","category-mediamegjelenesek"],"acf":[],"_links":{"self":[{"href":"https:\/\/semmelweis.hu\/borklinika\/wp-json\/wp\/v2\/posts\/11245","targetHints":{"allow":["GET"]}}],"collection":[{"href":"https:\/\/semmelweis.hu\/borklinika\/wp-json\/wp\/v2\/posts"}],"about":[{"href":"https:\/\/semmelweis.hu\/borklinika\/wp-json\/wp\/v2\/types\/post"}],"author":[{"embeddable":true,"href":"https:\/\/semmelweis.hu\/borklinika\/wp-json\/wp\/v2\/users\/101244"}],"replies":[{"embeddable":true,"href":"https:\/\/semmelweis.hu\/borklinika\/wp-json\/wp\/v2\/comments?post=11245"}],"version-history":[{"count":6,"href":"https:\/\/semmelweis.hu\/borklinika\/wp-json\/wp\/v2\/posts\/11245\/revisions"}],"predecessor-version":[{"id":11251,"href":"https:\/\/semmelweis.hu\/borklinika\/wp-json\/wp\/v2\/posts\/11245\/revisions\/11251"}],"wp:featuredmedia":[{"embeddable":true,"href":"https:\/\/semmelweis.hu\/borklinika\/wp-json\/wp\/v2\/media\/10265"}],"wp:attachment":[{"href":"https:\/\/semmelweis.hu\/borklinika\/wp-json\/wp\/v2\/media?parent=11245"}],"wp:term":[{"taxonomy":"category","embeddable":true,"href":"https:\/\/semmelweis.hu\/borklinika\/wp-json\/wp\/v2\/categories?post=11245"},{"taxonomy":"post_tag","embeddable":true,"href":"https:\/\/semmelweis.hu\/borklinika\/wp-json\/wp\/v2\/tags?post=11245"}],"curies":[{"name":"wp","href":"https:\/\/api.w.org\/{rel}","templated":true}]}}