{"id":11069,"date":"2023-06-21T10:39:15","date_gmt":"2023-06-21T08:39:15","guid":{"rendered":"https:\/\/semmelweis.hu\/borklinika\/?p=11069"},"modified":"2023-06-21T10:39:15","modified_gmt":"2023-06-21T08:39:15","slug":"rtl-klub-reggeli-az-uv-sugarzas-a-leginkabb-felelos-a-bor-oregedeseert","status":"publish","type":"post","link":"https:\/\/semmelweis.hu\/borklinika\/2023\/06\/21\/rtl-klub-reggeli-az-uv-sugarzas-a-leginkabb-felelos-a-bor-oregedeseert\/","title":{"rendered":"RTL Klub, Reggeli: Az UV-sug\u00e1rz\u00e1s a legink\u00e1bb felel\u0151s a b\u0151r \u00f6reged\u00e9s\u00e9\u00e9rt"},"content":{"rendered":"<p style=\"text-align: justify\">A ny\u00e1ri b\u0151rv\u00e9delem legfontosabb ism\u00e9rveir\u0151l, az UV-sug\u00e1rz\u00e1s okozta k\u00e1rosod\u00e1sokr\u00f3l (b\u0151r \u00f6reged\u00e9se, b\u0151rdaganatok), valamint a kisgyermekek b\u0151rv\u00e9delm\u00e9r\u0151l besz\u00e9lt az RTL Klub Reggeli c\u00edm\u0171 m\u0171sor\u00e1ban Dr. L\u0151rincz Kende, a Semmelweis Egyetem B\u0151r-, Nemik\u00f3rtani- \u00e9s B\u0151ronkol\u00f3giai Klinika adjunktusa.<\/p>\n<p>A riport megtekinthet\u0151 <a href=\"https:\/\/rtl.hu\/reggeli\/2023\/06\/20\/borvedelem-uv-sugarzas-napozas-oregedes-borrak-melanoma\" target=\"_blank\" rel=\"noopener\"><strong>ide<\/strong> <\/a>kattintva.\u00a0<\/p>\n<p>&nbsp;<\/p>\n","protected":false},"excerpt":{"rendered":"<p>A ny\u00e1ri b\u0151rv\u00e9delem legfontosabb ism\u00e9rveir\u0151l, az UV-sug\u00e1rz\u00e1s okozta k\u00e1rosod\u00e1sokr\u00f3l (b\u0151r \u00f6reged\u00e9se, b\u0151rdaganatok), valamint a kisgyermekek b\u0151rv\u00e9delm\u00e9r\u0151l besz\u00e9lt az RTL Klub Reggeli c\u00edm\u0171 m\u0171sor\u00e1ban Dr. L\u0151rincz Kende, a Semmelweis Egyetem B\u0151r-, Nemik\u00f3rtani- \u00e9s B\u0151ronkol\u00f3giai Klinika adjunktusa.<br \/>\nA riport megtekinthet\u0151 <a href=\"https:\/\/rtl.hu\/reggeli\/2023\/06\/20\/borvedelem-uv-sugarzas-napozas-oregedes-borrak-melanoma\" target=\"_blank\" rel=\"noopener\">ide <\/a>kattintva.\u00a0<br \/>\n&nbsp;<\/p>\n","protected":false},"author":101244,"featured_media":10267,"comment_status":"closed","ping_status":"closed","sticky":false,"template":"","format":"standard","meta":{"_acf_changed":false,"footnotes":""},"categories":[75],"tags":[],"class_list":["post-11069","post","type-post","status-publish","format-standard","has-post-thumbnail","hentry","category-mediamegjelenesek"],"acf":[],"_links":{"self":[{"href":"https:\/\/semmelweis.hu\/borklinika\/wp-json\/wp\/v2\/posts\/11069","targetHints":{"allow":["GET"]}}],"collection":[{"href":"https:\/\/semmelweis.hu\/borklinika\/wp-json\/wp\/v2\/posts"}],"about":[{"href":"https:\/\/semmelweis.hu\/borklinika\/wp-json\/wp\/v2\/types\/post"}],"author":[{"embeddable":true,"href":"https:\/\/semmelweis.hu\/borklinika\/wp-json\/wp\/v2\/users\/101244"}],"replies":[{"embeddable":true,"href":"https:\/\/semmelweis.hu\/borklinika\/wp-json\/wp\/v2\/comments?post=11069"}],"version-history":[{"count":4,"href":"https:\/\/semmelweis.hu\/borklinika\/wp-json\/wp\/v2\/posts\/11069\/revisions"}],"predecessor-version":[{"id":11073,"href":"https:\/\/semmelweis.hu\/borklinika\/wp-json\/wp\/v2\/posts\/11069\/revisions\/11073"}],"wp:featuredmedia":[{"embeddable":true,"href":"https:\/\/semmelweis.hu\/borklinika\/wp-json\/wp\/v2\/media\/10267"}],"wp:attachment":[{"href":"https:\/\/semmelweis.hu\/borklinika\/wp-json\/wp\/v2\/media?parent=11069"}],"wp:term":[{"taxonomy":"category","embeddable":true,"href":"https:\/\/semmelweis.hu\/borklinika\/wp-json\/wp\/v2\/categories?post=11069"},{"taxonomy":"post_tag","embeddable":true,"href":"https:\/\/semmelweis.hu\/borklinika\/wp-json\/wp\/v2\/tags?post=11069"}],"curies":[{"name":"wp","href":"https:\/\/api.w.org\/{rel}","templated":true}]}}