{"id":11018,"date":"2023-05-18T10:30:52","date_gmt":"2023-05-18T08:30:52","guid":{"rendered":"https:\/\/semmelweis.hu\/borklinika\/?p=11018"},"modified":"2023-05-25T11:39:35","modified_gmt":"2023-05-25T09:39:35","slug":"karc-fm-paletta-fenyvedelem-melanoma-borunk-egeszsege","status":"publish","type":"post","link":"https:\/\/semmelweis.hu\/borklinika\/2023\/05\/18\/karc-fm-paletta-fenyvedelem-melanoma-borunk-egeszsege\/","title":{"rendered":"Karc FM, Paletta: F\u00e9nyv\u00e9delem, melanoma, b\u0151r\u00fcnk eg\u00e9szs\u00e9ge"},"content":{"rendered":"<p style=\"text-align: justify\">A Karc FM Paletta c\u00edm\u0171 m\u0171sor\u00e1ban Dr. Kuroli Enik\u0151, a B\u0151r-, Nemik\u00f3rtani \u00e9s B\u0151ronkol\u00f3giai Klinika f\u0151orvosa, b\u0151rgy\u00f3gy\u00e1sz \u00e9s b\u0151rpatol\u00f3gus szakorvosa ad igen r\u00e9szletes \u00e9s \u00e9rdekfesz\u00edt\u0151 interj\u00fat a tudatos f\u00e9nyv\u00e9delemr\u0151l,\u00a0 melanom\u00e1r\u00f3l, a szol\u00e1riumhaszn\u00e1lat k\u00e1ros hat\u00e1sair\u00f3l \u00e9s egy\u00e9b, b\u0151r\u00fcnk v\u00e9delm\u00e9vel kapcsolatos k\u00e9rd\u00e9sekr\u0151l.<\/p>\n<p>A riportot meghallgathatj\u00e1k <strong><a href=\"https:\/\/www.mixcloud.com\/karcfm\/paletta-2023-05-15-0900-1200-2\/?fbclid=IwAR2eVQusYqvkFsNSIYkKbZsV64-tV2TmIzwdOm7OLP1KiWqosiykyj7LMNA\" target=\"_blank\" rel=\"noopener\">ide<\/a> <\/strong>kattintva. (10:40-36:20)<\/p>\n","protected":false},"excerpt":{"rendered":"<p>A Karc FM Paletta c\u00edm\u0171 m\u0171sor\u00e1ban Dr. Kuroli Enik\u0151, a B\u0151r-, Nemik\u00f3rtani \u00e9s B\u0151ronkol\u00f3giai Klinika f\u0151orvosa, b\u0151rgy\u00f3gy\u00e1sz \u00e9s b\u0151rpatol\u00f3gus szakorvosa ad igen r\u00e9szletes \u00e9s \u00e9rdekfesz\u00edt\u0151 interj\u00fat a tudatos f\u00e9nyv\u00e9delemr\u0151l,\u00a0 melanom\u00e1r\u00f3l, a szol\u00e1riumhaszn\u00e1lat k\u00e1ros hat\u00e1sair\u00f3l \u00e9s egy\u00e9b, b\u0151r\u00fcnk v\u00e9delm\u00e9vel kapcsolatos k\u00e9rd\u00e9sekr\u0151l.<br \/>\nA riportot meghallgathatj\u00e1k <a href=\"https:\/\/www.mixcloud.com\/karcfm\/paletta-2023-05-15-0900-1200-2\/?fbclid=IwAR2eVQusYqvkFsNSIYkKbZsV64-tV2TmIzwdOm7OLP1KiWqosiykyj7LMNA\" target=\"_blank\" rel=\"noopener\">ide<\/a> kattintva. (10:40-36:20)<\/p>\n","protected":false},"author":101244,"featured_media":10265,"comment_status":"closed","ping_status":"closed","sticky":false,"template":"","format":"standard","meta":{"_acf_changed":false,"footnotes":""},"categories":[75],"tags":[],"class_list":["post-11018","post","type-post","status-publish","format-standard","has-post-thumbnail","hentry","category-mediamegjelenesek"],"acf":[],"_links":{"self":[{"href":"https:\/\/semmelweis.hu\/borklinika\/wp-json\/wp\/v2\/posts\/11018","targetHints":{"allow":["GET"]}}],"collection":[{"href":"https:\/\/semmelweis.hu\/borklinika\/wp-json\/wp\/v2\/posts"}],"about":[{"href":"https:\/\/semmelweis.hu\/borklinika\/wp-json\/wp\/v2\/types\/post"}],"author":[{"embeddable":true,"href":"https:\/\/semmelweis.hu\/borklinika\/wp-json\/wp\/v2\/users\/101244"}],"replies":[{"embeddable":true,"href":"https:\/\/semmelweis.hu\/borklinika\/wp-json\/wp\/v2\/comments?post=11018"}],"version-history":[{"count":4,"href":"https:\/\/semmelweis.hu\/borklinika\/wp-json\/wp\/v2\/posts\/11018\/revisions"}],"predecessor-version":[{"id":11027,"href":"https:\/\/semmelweis.hu\/borklinika\/wp-json\/wp\/v2\/posts\/11018\/revisions\/11027"}],"wp:featuredmedia":[{"embeddable":true,"href":"https:\/\/semmelweis.hu\/borklinika\/wp-json\/wp\/v2\/media\/10265"}],"wp:attachment":[{"href":"https:\/\/semmelweis.hu\/borklinika\/wp-json\/wp\/v2\/media?parent=11018"}],"wp:term":[{"taxonomy":"category","embeddable":true,"href":"https:\/\/semmelweis.hu\/borklinika\/wp-json\/wp\/v2\/categories?post=11018"},{"taxonomy":"post_tag","embeddable":true,"href":"https:\/\/semmelweis.hu\/borklinika\/wp-json\/wp\/v2\/tags?post=11018"}],"curies":[{"name":"wp","href":"https:\/\/api.w.org\/{rel}","templated":true}]}}