{"id":10821,"date":"2023-04-03T14:05:48","date_gmt":"2023-04-03T12:05:48","guid":{"rendered":"https:\/\/semmelweis.hu\/borklinika\/?p=10821"},"modified":"2023-04-03T14:05:48","modified_gmt":"2023-04-03T12:05:48","slug":"rtl-klub-fokusz-nehany-evtizeden-belul-a-mesterseges-intelligencia-okosabb-lesz-az-embernel","status":"publish","type":"post","link":"https:\/\/semmelweis.hu\/borklinika\/2023\/04\/03\/rtl-klub-fokusz-nehany-evtizeden-belul-a-mesterseges-intelligencia-okosabb-lesz-az-embernel\/","title":{"rendered":"RTL Klub, F\u00f3kusz: N\u00e9h\u00e1ny \u00e9vtizeden bel\u00fcl a mesters\u00e9ges intelligencia okosabb lesz az embern\u00e9l"},"content":{"rendered":"<p style=\"text-align: justify\">A mesters\u00e9ges intelligencia haszn\u00e1lata az \u00e9let sz\u00e1mos ter\u00fclet\u00e9n olyan jelent\u0151s v\u00e1ltoz\u00e1sokat hozhat, melyek hat\u00e1sa egyes szak\u00e9rt\u0151k szerint hasonl\u00f3 lehet az elektromos \u00e1ram, vagy az els\u0151 sz\u00e1m\u00edt\u00f3g\u00e9p felfedez\u00e9sekor t\u00f6rt\u00e9nt robban\u00e1sszer\u0171 v\u00e1ltoz\u00e1sokhoz.<br \/>\nA k\u00f6vetkez\u0151 riportban a MI eg\u00e9szs\u00e9g\u00fcgyben &#8211; t\u00f6bbek k\u00f6z\u00f6tt a r\u00e1kkutat\u00e1sban vagy a b\u0151rgy\u00f3gy\u00e1szatban &#8211; bet\u00f6lt\u00f6tt szerep\u00e9r\u0151l is hallhatunk.<br \/>\nProf. Dr. Holl\u00f3 P\u00e9ter, a Semmelweis Egyetem B\u0151r-, Nemik\u00f3rtani \u00e9s B\u0151ronkol\u00f3giai Klinika igazgat\u00f3ja mutatja be a MI b\u0151rgy\u00f3gy\u00e1szatban val\u00f3 alkalmaz\u00e1s\u00e1t, azt a tavaly \u00f3ta m\u00e1r haszn\u00e1latban l\u00e9v\u0151 applik\u00e1ci\u00f3t, mely a k\u00fcl\u00f6nb\u00f6z\u0151 b\u0151relv\u00e1ltoz\u00e1sok felismer\u00e9s\u00e9ben ny\u00fajt kiemelked\u0151 seg\u00edts\u00e9get.\u00a0<\/p>\n<p>A riport megtekinthet\u0151 <a href=\"https:\/\/rtl.hu\/fokusz\/2023\/03\/26\/mesterseges-intelligencia-balogh-peter-orvostudomany-chatgpt\" target=\"_blank\" rel=\"noopener\">ide<\/a> kattintva.<\/p>\n<p>&nbsp;<\/p>\n","protected":false},"excerpt":{"rendered":"<p>A mesters\u00e9ges intelligencia haszn\u00e1lata az \u00e9let sz\u00e1mos ter\u00fclet\u00e9n olyan jelent\u0151s v\u00e1ltoz\u00e1sokat hozhat, melyek hat\u00e1sa egyes szak\u00e9rt\u0151k szerint hasonl\u00f3 lehet az elektromos \u00e1ram, vagy az els\u0151 sz\u00e1m\u00edt\u00f3g\u00e9p felfedez\u00e9sekor t\u00f6rt\u00e9nt robban\u00e1sszer\u0171 v\u00e1ltoz\u00e1sokhoz. A k\u00f6vetkez\u0151 riportban a MI eg\u00e9szs\u00e9g\u00fcgyben &#8211; t\u00f6bbek k\u00f6z\u00f6tt a r\u00e1kkutat\u00e1sban vagy a b\u0151rgy\u00f3gy\u00e1szatban &#8211; bet\u00f6lt\u00f6tt szerep\u00e9r\u0151l is hallhatunk. Prof. Dr. Holl\u00f3 P\u00e9ter, a Semmelweis &hellip;<\/p>\n","protected":false},"author":101244,"featured_media":10822,"comment_status":"closed","ping_status":"closed","sticky":false,"template":"","format":"standard","meta":{"_acf_changed":false,"footnotes":""},"categories":[75],"tags":[],"class_list":["post-10821","post","type-post","status-publish","format-standard","has-post-thumbnail","hentry","category-mediamegjelenesek"],"acf":[],"_links":{"self":[{"href":"https:\/\/semmelweis.hu\/borklinika\/wp-json\/wp\/v2\/posts\/10821","targetHints":{"allow":["GET"]}}],"collection":[{"href":"https:\/\/semmelweis.hu\/borklinika\/wp-json\/wp\/v2\/posts"}],"about":[{"href":"https:\/\/semmelweis.hu\/borklinika\/wp-json\/wp\/v2\/types\/post"}],"author":[{"embeddable":true,"href":"https:\/\/semmelweis.hu\/borklinika\/wp-json\/wp\/v2\/users\/101244"}],"replies":[{"embeddable":true,"href":"https:\/\/semmelweis.hu\/borklinika\/wp-json\/wp\/v2\/comments?post=10821"}],"version-history":[{"count":3,"href":"https:\/\/semmelweis.hu\/borklinika\/wp-json\/wp\/v2\/posts\/10821\/revisions"}],"predecessor-version":[{"id":10829,"href":"https:\/\/semmelweis.hu\/borklinika\/wp-json\/wp\/v2\/posts\/10821\/revisions\/10829"}],"wp:featuredmedia":[{"embeddable":true,"href":"https:\/\/semmelweis.hu\/borklinika\/wp-json\/wp\/v2\/media\/10822"}],"wp:attachment":[{"href":"https:\/\/semmelweis.hu\/borklinika\/wp-json\/wp\/v2\/media?parent=10821"}],"wp:term":[{"taxonomy":"category","embeddable":true,"href":"https:\/\/semmelweis.hu\/borklinika\/wp-json\/wp\/v2\/categories?post=10821"},{"taxonomy":"post_tag","embeddable":true,"href":"https:\/\/semmelweis.hu\/borklinika\/wp-json\/wp\/v2\/tags?post=10821"}],"curies":[{"name":"wp","href":"https:\/\/api.w.org\/{rel}","templated":true}]}}