{"id":10541,"date":"2023-01-05T09:21:16","date_gmt":"2023-01-05T08:21:16","guid":{"rendered":"https:\/\/semmelweis.hu\/borklinika\/?p=10541"},"modified":"2023-01-05T09:23:52","modified_gmt":"2023-01-05T08:23:52","slug":"szenior-akademia-az-idoskori-borelvaltozasok-es-kezelesuk","status":"publish","type":"post","link":"https:\/\/semmelweis.hu\/borklinika\/2023\/01\/05\/szenior-akademia-az-idoskori-borelvaltozasok-es-kezelesuk\/","title":{"rendered":"Szenior Akad\u00e9mia: Az id\u0151skori b\u0151relv\u00e1ltoz\u00e1sok \u00e9s kezel\u00e9s\u00fck"},"content":{"rendered":"<p style=\"text-align: justify\">A Szenior Akad\u00e9mia 2022-es \u0151szi online szemeszter\u00e9nek kilencedik alkalm\u00e1n Dr. S\u00e1rdy Mikl\u00f3s, a B\u0151r-, Nemik\u00f3rtani \u00e9s B\u0151ronkol\u00f3giai Klinika egyetemi tan\u00e1ra \u201eA b\u0151r \u00f6reged\u00e9se, id\u0151skori b\u0151relv\u00e1ltoz\u00e1sok \u00e9s kezel\u00e9s\u00fck\u201d c\u00edm\u0171 el\u0151ad\u00e1s\u00e1ban az id\u0151skori b\u0151relv\u00e1ltoz\u00e1sokr\u00f3l \u00e9s kezel\u00e9s\u00fckr\u0151l besz\u00e9lt. Kiemelte, hogy az \u00e9letkor el\u0151rehaladt\u00e1val molekul\u00e1ris \u00e9s sejtszinten is komplex v\u00e1ltoz\u00e1sok zajlanak a szervezetben, aminek genetikai \u00e9s k\u00f6rnyezeti okai is vannak. A b\u0151r id\u0151skori v\u00e1ltoz\u00e1sai k\u00f6z\u00fcl egyebek mellett a s\u00e9r\u00fcl\u00e9kenys\u00e9get, a sebgy\u00f3gyul\u00e1si zavarokat, v\u00e9rkering\u00e9si zavarokat, a j\u00f3indulat\u00fa elv\u00e1ltoz\u00e1sokat, a pigment\u00e1ci\u00f3s zavarok t\u00f6meges megjelen\u00e9s\u00e9t \u00e9s a napf\u00e9ny okozta k\u00e1rosod\u00e1st eml\u00edtette. Ismertette a sz\u00f6veti v\u00e1ltoz\u00e1sok biol\u00f3giai h\u00e1tter\u00e9t, az arc anat\u00f3mi\u00e1j\u00e1nak v\u00e1ltoz\u00e1sait, majd r\u00e9szletesen kit\u00e9rt a b\u0151rr\u00e1k jellemz\u0151 t\u00edpusaira \u00e9s a prevenci\u00f3 fontoss\u00e1g\u00e1ra is.<\/p>\n<p>Az el\u0151ad\u00e1s megtekinthet\u0151 a k\u00f6vetkez\u0151 <a href=\"https:\/\/youtu.be\/o6Y3oXuLZJQ\" target=\"_blank\" rel=\"noopener\">linkre<\/a> kattintva.<\/p>\n<p>&nbsp;<\/p>\n","protected":false},"excerpt":{"rendered":"<p>A Szenior Akad\u00e9mia 2022-es \u0151szi online szemeszter\u00e9nek kilencedik alkalm\u00e1n Dr. S\u00e1rdy Mikl\u00f3s, a B\u0151r-, Nemik\u00f3rtani \u00e9s B\u0151ronkol\u00f3giai Klinika egyetemi tan\u00e1ra \u201eA b\u0151r \u00f6reged\u00e9se, id\u0151skori b\u0151relv\u00e1ltoz\u00e1sok \u00e9s kezel\u00e9s\u00fck\u201d c\u00edm\u0171 el\u0151ad\u00e1s\u00e1ban az id\u0151skori b\u0151relv\u00e1ltoz\u00e1sokr\u00f3l \u00e9s kezel\u00e9s\u00fckr\u0151l besz\u00e9lt. Kiemelte, hogy az \u00e9letkor el\u0151rehaladt\u00e1val molekul\u00e1ris \u00e9s sejtszinten is komplex v\u00e1ltoz\u00e1sok zajlanak a szervezetben, aminek genetikai \u00e9s k\u00f6rnyezeti okai is &hellip;<\/p>\n","protected":false},"author":101244,"featured_media":8912,"comment_status":"closed","ping_status":"closed","sticky":false,"template":"","format":"standard","meta":{"_acf_changed":false,"footnotes":""},"categories":[69,75],"tags":[],"class_list":["post-10541","post","type-post","status-publish","format-standard","has-post-thumbnail","hentry","category-hirek-hu","category-mediamegjelenesek"],"acf":[],"_links":{"self":[{"href":"https:\/\/semmelweis.hu\/borklinika\/wp-json\/wp\/v2\/posts\/10541","targetHints":{"allow":["GET"]}}],"collection":[{"href":"https:\/\/semmelweis.hu\/borklinika\/wp-json\/wp\/v2\/posts"}],"about":[{"href":"https:\/\/semmelweis.hu\/borklinika\/wp-json\/wp\/v2\/types\/post"}],"author":[{"embeddable":true,"href":"https:\/\/semmelweis.hu\/borklinika\/wp-json\/wp\/v2\/users\/101244"}],"replies":[{"embeddable":true,"href":"https:\/\/semmelweis.hu\/borklinika\/wp-json\/wp\/v2\/comments?post=10541"}],"version-history":[{"count":3,"href":"https:\/\/semmelweis.hu\/borklinika\/wp-json\/wp\/v2\/posts\/10541\/revisions"}],"predecessor-version":[{"id":10561,"href":"https:\/\/semmelweis.hu\/borklinika\/wp-json\/wp\/v2\/posts\/10541\/revisions\/10561"}],"wp:featuredmedia":[{"embeddable":true,"href":"https:\/\/semmelweis.hu\/borklinika\/wp-json\/wp\/v2\/media\/8912"}],"wp:attachment":[{"href":"https:\/\/semmelweis.hu\/borklinika\/wp-json\/wp\/v2\/media?parent=10541"}],"wp:term":[{"taxonomy":"category","embeddable":true,"href":"https:\/\/semmelweis.hu\/borklinika\/wp-json\/wp\/v2\/categories?post=10541"},{"taxonomy":"post_tag","embeddable":true,"href":"https:\/\/semmelweis.hu\/borklinika\/wp-json\/wp\/v2\/tags?post=10541"}],"curies":[{"name":"wp","href":"https:\/\/api.w.org\/{rel}","templated":true}]}}