{"id":10516,"date":"2022-12-20T10:23:19","date_gmt":"2022-12-20T09:23:19","guid":{"rendered":"https:\/\/semmelweis.hu\/borklinika\/?p=10516"},"modified":"2022-12-20T10:23:19","modified_gmt":"2022-12-20T09:23:19","slug":"duna-tv-almarium-hogyan-vedjuk-borunket-a-kiszaradastol-a-teli-idoszakban","status":"publish","type":"post","link":"https:\/\/semmelweis.hu\/borklinika\/2022\/12\/20\/duna-tv-almarium-hogyan-vedjuk-borunket-a-kiszaradastol-a-teli-idoszakban\/","title":{"rendered":"Duna TV, Alm\u00e1rium: Hogyan v\u00e9dj\u00fck b\u0151r\u00fcnket a kisz\u00e1rad\u00e1st\u00f3l a t\u00e9li id\u0151szakban?"},"content":{"rendered":"<p style=\"text-align: justify\">A b\u0151rsz\u00e1razs\u00e1g bizonyos m\u00e9rt\u00e9kig term\u00e9szetes velej\u00e1r\u00f3ja a t\u00e9li id\u0151szaknak, azonban sokaknak okoz panaszt, kellemetlens\u00e9get ilyenkor a nagyon sz\u00e1raz, kipirosod\u00f3, viszket\u0151 b\u0151r, mely legink\u00e1bb a kezeken \u00e9s a l\u00e1bsz\u00e1ron jelentkezik. Nemcsak a p\u00e1ratartalom cs\u00f6kken\u00e9se, hanem az olyan rossz szok\u00e1sok, mint a gyakori forr\u00f3 \u00fcl\u0151f\u00fcrd\u0151ben val\u00f3 elid\u0151z\u00e9s, vagy a nem megfelel\u0151 b\u0151r\u00e1pol\u00e1s is fokozza ezeket a panaszokat.<br \/>\nA Duna TV Alm\u00e1rium c. m\u0171sor\u00e1nak vend\u00e9ge volt Dr. Kov\u00e1cs Anik\u00f3, a B\u0151rklinika b\u0151rgy\u00f3gy\u00e1sz szakorvosa, akit\u0151l megtudhatjuk, hogyan \u00e1poljuk b\u0151r\u00fcnket a t\u00e9li h\u00f3napokban, hogyan v\u00e9dhetj\u00fck meg a kisz\u00e1rad\u00e1st\u00f3l, illetve sz\u00f3 esik a t\u00e9li f\u00e9nyv\u00e9delem fontoss\u00e1g\u00e1r\u00f3l is.<\/p>\n<p>A riport <a href=\"https:\/\/mediaklikk.hu\/almarium\/video\/2022\/12\/19\/almarium-2022-12-19-i-adas-1-resz\" target=\"_blank\" rel=\"noopener\"><strong>ide<\/strong> <\/a>kattintva \u00e9rhet\u0151 el (01:30-08:45)<\/p>\n<p>&nbsp;<\/p>\n","protected":false},"excerpt":{"rendered":"<p>A b\u0151rsz\u00e1razs\u00e1g bizonyos m\u00e9rt\u00e9kig term\u00e9szetes velej\u00e1r\u00f3ja a t\u00e9li id\u0151szaknak, azonban sokaknak okoz panaszt, kellemetlens\u00e9get ilyenkor a nagyon sz\u00e1raz, kipirosod\u00f3, viszket\u0151 b\u0151r, mely legink\u00e1bb a kezeken \u00e9s a l\u00e1bsz\u00e1ron jelentkezik. Nemcsak a p\u00e1ratartalom cs\u00f6kken\u00e9se, hanem az olyan rossz szok\u00e1sok, mint a gyakori forr\u00f3 \u00fcl\u0151f\u00fcrd\u0151ben val\u00f3 elid\u0151z\u00e9s, vagy a nem megfelel\u0151 b\u0151r\u00e1pol\u00e1s is fokozza ezeket a panaszokat. &hellip;<\/p>\n","protected":false},"author":101244,"featured_media":10101,"comment_status":"closed","ping_status":"closed","sticky":false,"template":"","format":"standard","meta":{"_acf_changed":false,"footnotes":""},"categories":[75],"tags":[],"class_list":["post-10516","post","type-post","status-publish","format-standard","has-post-thumbnail","hentry","category-mediamegjelenesek"],"acf":[],"_links":{"self":[{"href":"https:\/\/semmelweis.hu\/borklinika\/wp-json\/wp\/v2\/posts\/10516","targetHints":{"allow":["GET"]}}],"collection":[{"href":"https:\/\/semmelweis.hu\/borklinika\/wp-json\/wp\/v2\/posts"}],"about":[{"href":"https:\/\/semmelweis.hu\/borklinika\/wp-json\/wp\/v2\/types\/post"}],"author":[{"embeddable":true,"href":"https:\/\/semmelweis.hu\/borklinika\/wp-json\/wp\/v2\/users\/101244"}],"replies":[{"embeddable":true,"href":"https:\/\/semmelweis.hu\/borklinika\/wp-json\/wp\/v2\/comments?post=10516"}],"version-history":[{"count":2,"href":"https:\/\/semmelweis.hu\/borklinika\/wp-json\/wp\/v2\/posts\/10516\/revisions"}],"predecessor-version":[{"id":10535,"href":"https:\/\/semmelweis.hu\/borklinika\/wp-json\/wp\/v2\/posts\/10516\/revisions\/10535"}],"wp:featuredmedia":[{"embeddable":true,"href":"https:\/\/semmelweis.hu\/borklinika\/wp-json\/wp\/v2\/media\/10101"}],"wp:attachment":[{"href":"https:\/\/semmelweis.hu\/borklinika\/wp-json\/wp\/v2\/media?parent=10516"}],"wp:term":[{"taxonomy":"category","embeddable":true,"href":"https:\/\/semmelweis.hu\/borklinika\/wp-json\/wp\/v2\/categories?post=10516"},{"taxonomy":"post_tag","embeddable":true,"href":"https:\/\/semmelweis.hu\/borklinika\/wp-json\/wp\/v2\/tags?post=10516"}],"curies":[{"name":"wp","href":"https:\/\/api.w.org\/{rel}","templated":true}]}}