{"id":10496,"date":"2022-12-16T11:51:48","date_gmt":"2022-12-16T10:51:48","guid":{"rendered":"https:\/\/semmelweis.hu\/borklinika\/?p=10496"},"modified":"2022-12-16T11:52:24","modified_gmt":"2022-12-16T10:52:24","slug":"rtv-slo-a-melanoma-malignum-diagnosztika-gyogykezeles-a-legujabb-megallapitasok-es-megelozes","status":"publish","type":"post","link":"https:\/\/semmelweis.hu\/borklinika\/2022\/12\/16\/rtv-slo-a-melanoma-malignum-diagnosztika-gyogykezeles-a-legujabb-megallapitasok-es-megelozes\/","title":{"rendered":"RTV Slo: Melanoma malignum &#8211; diagnosztika, gy\u00f3gykezel\u00e9s, a leg\u00fajabb meg\u00e1llap\u00edt\u00e1sok \u00e9s megel\u0151z\u00e9s"},"content":{"rendered":"<p style=\"text-align: justify\">A melanoma leggyakrabban a b\u0151r pigmentsejtjeib\u0151l kiindul\u00f3 rosszindulat\u00fa daganat, mely az egyik legvesz\u00e9lyesebb tumorfajta. Mik a t\u00fcnetek, kik \u00e9s mi\u00e9rt vesz\u00e9lyeztetettebbek, milyen szerepe van a napoz\u00e1snak \u00e9s a t\u00f6bbi kock\u00e1zati t\u00e9nyez\u0151nek a melanoma kialakul\u00e1s\u00e1ban? Milyen diagnosztikai, kezel\u00e9si, illetve megel\u0151z\u00e9si lehet\u0151s\u00e9gek \u00e1llnak rendelkez\u00e9sre? \u2013 ezen k\u00e9rd\u00e9sekre v\u00e1laszol\u00a0a szlov\u00e9niai magyar nemzetis\u00e9gi ad\u00e1s eg\u00e9szs\u00e9g\u00fcgyi magazinj\u00e1ban dr. Holl\u00f3 P\u00e9ter, a Semmelweis Egyetem B\u0151r-, Nemik\u00f3rtani \u00e9s B\u0151ronkol\u00f3giai Klinika igazgat\u00f3ja, melyet <strong><a href=\"https:\/\/www.rtvslo.si\/mmr\/hirek\/egeszseguegyi-musor\/melanoma\/650577\" target=\"_blank\" rel=\"noopener\">ide kattintva<\/a><\/strong> lehet meghallgatni.\u00a0<\/p>\n<p>&nbsp;<\/p>\n","protected":false},"excerpt":{"rendered":"<p>A melanoma leggyakrabban a b\u0151r pigmentsejtjeib\u0151l kiindul\u00f3 rosszindulat\u00fa daganat, mely az egyik legvesz\u00e9lyesebb tumorfajta. Mik a t\u00fcnetek, kik \u00e9s mi\u00e9rt vesz\u00e9lyeztetettebbek, milyen szerepe van a napoz\u00e1snak \u00e9s a t\u00f6bbi kock\u00e1zati t\u00e9nyez\u0151nek a melanoma kialakul\u00e1s\u00e1ban? Milyen diagnosztikai, kezel\u00e9si, illetve megel\u0151z\u00e9si lehet\u0151s\u00e9gek \u00e1llnak rendelkez\u00e9sre? \u2013 ezen k\u00e9rd\u00e9sekre v\u00e1laszol\u00a0a szlov\u00e9niai magyar nemzetis\u00e9gi ad\u00e1s eg\u00e9szs\u00e9g\u00fcgyi magazinj\u00e1ban dr. Holl\u00f3 P\u00e9ter, &hellip;<\/p>\n","protected":false},"author":101244,"featured_media":9898,"comment_status":"closed","ping_status":"closed","sticky":false,"template":"","format":"standard","meta":{"_acf_changed":false,"footnotes":""},"categories":[75],"tags":[],"class_list":["post-10496","post","type-post","status-publish","format-standard","has-post-thumbnail","hentry","category-mediamegjelenesek"],"acf":[],"_links":{"self":[{"href":"https:\/\/semmelweis.hu\/borklinika\/wp-json\/wp\/v2\/posts\/10496","targetHints":{"allow":["GET"]}}],"collection":[{"href":"https:\/\/semmelweis.hu\/borklinika\/wp-json\/wp\/v2\/posts"}],"about":[{"href":"https:\/\/semmelweis.hu\/borklinika\/wp-json\/wp\/v2\/types\/post"}],"author":[{"embeddable":true,"href":"https:\/\/semmelweis.hu\/borklinika\/wp-json\/wp\/v2\/users\/101244"}],"replies":[{"embeddable":true,"href":"https:\/\/semmelweis.hu\/borklinika\/wp-json\/wp\/v2\/comments?post=10496"}],"version-history":[{"count":3,"href":"https:\/\/semmelweis.hu\/borklinika\/wp-json\/wp\/v2\/posts\/10496\/revisions"}],"predecessor-version":[{"id":10509,"href":"https:\/\/semmelweis.hu\/borklinika\/wp-json\/wp\/v2\/posts\/10496\/revisions\/10509"}],"wp:featuredmedia":[{"embeddable":true,"href":"https:\/\/semmelweis.hu\/borklinika\/wp-json\/wp\/v2\/media\/9898"}],"wp:attachment":[{"href":"https:\/\/semmelweis.hu\/borklinika\/wp-json\/wp\/v2\/media?parent=10496"}],"wp:term":[{"taxonomy":"category","embeddable":true,"href":"https:\/\/semmelweis.hu\/borklinika\/wp-json\/wp\/v2\/categories?post=10496"},{"taxonomy":"post_tag","embeddable":true,"href":"https:\/\/semmelweis.hu\/borklinika\/wp-json\/wp\/v2\/tags?post=10496"}],"curies":[{"name":"wp","href":"https:\/\/api.w.org\/{rel}","templated":true}]}}