{"id":10114,"date":"2022-08-05T08:39:42","date_gmt":"2022-08-05T06:39:42","guid":{"rendered":"https:\/\/semmelweis.hu\/borklinika\/?p=10114"},"modified":"2022-08-05T08:39:42","modified_gmt":"2022-08-05T06:39:42","slug":"csalad-hu-mar-a-nap-sem-a-regi","status":"publish","type":"post","link":"https:\/\/semmelweis.hu\/borklinika\/2022\/08\/05\/csalad-hu-mar-a-nap-sem-a-regi\/","title":{"rendered":"Csal\u00e1d.hu: M\u00e1r a nap sem a r\u00e9gi"},"content":{"rendered":"<p class=\"main-article-lead\" style=\"text-align: justify\">&#8222;A ny\u00e1ri napf\u00e9ny \u00f6r\u00f6m a gyerekeknek, de aggodalomra is okot adhat a sz\u00fcl\u0151knek.&#8221; A csalad.hu cikk\u00e9ben Dr. Kuroli Enik\u0151 a B\u0151r-, Nemik\u00f3rtani \u00e9s B\u0151ronkol\u00f3giai Klinika f\u0151orvosa osztotta meg a gyermekek napon tart\u00f3zkod\u00e1s\u00e1val \u00e9s a f\u00e9nyv\u00e9delemmel kapcsolatos legfontosabb tudnival\u00f3kat, tan\u00e1csokat.<\/p>\n<p>A cikk elolvashat\u00f3 <a href=\"https:\/\/csalad.hu\/csaladban-elni\/mar-a-nap-sem-a-regi?fbclid=IwAR09ewINaa417bKMY-g1uMCi7oDcO_kEqkwZKvKaqvmb0kg3aJFdPZIhxJM\" target=\"_blank\" rel=\"noopener\"><strong>ide<\/strong> <\/a>kattintva.<\/p>\n","protected":false},"excerpt":{"rendered":"<p>&#8222;A ny\u00e1ri napf\u00e9ny \u00f6r\u00f6m a gyerekeknek, de aggodalomra is okot adhat a sz\u00fcl\u0151knek.&#8221; A csalad.hu cikk\u00e9ben Dr. Kuroli Enik\u0151 a B\u0151r-, Nemik\u00f3rtani \u00e9s B\u0151ronkol\u00f3giai Klinika f\u0151orvosa osztotta meg a gyermekek napon tart\u00f3zkod\u00e1s\u00e1val \u00e9s a f\u00e9nyv\u00e9delemmel kapcsolatos legfontosabb tudnival\u00f3kat, tan\u00e1csokat.<br \/>\nA cikk elolvashat\u00f3 <a href=\"https:\/\/csalad.hu\/csaladban-elni\/mar-a-nap-sem-a-regi?fbclid=IwAR09ewINaa417bKMY-g1uMCi7oDcO_kEqkwZKvKaqvmb0kg3aJFdPZIhxJM\" target=\"_blank\" rel=\"noopener\">ide <\/a>kattintva.<\/p>\n","protected":false},"author":101244,"featured_media":1690,"comment_status":"closed","ping_status":"closed","sticky":false,"template":"","format":"standard","meta":{"_acf_changed":false,"footnotes":""},"categories":[75],"tags":[],"class_list":["post-10114","post","type-post","status-publish","format-standard","has-post-thumbnail","hentry","category-mediamegjelenesek"],"acf":[],"_links":{"self":[{"href":"https:\/\/semmelweis.hu\/borklinika\/wp-json\/wp\/v2\/posts\/10114","targetHints":{"allow":["GET"]}}],"collection":[{"href":"https:\/\/semmelweis.hu\/borklinika\/wp-json\/wp\/v2\/posts"}],"about":[{"href":"https:\/\/semmelweis.hu\/borklinika\/wp-json\/wp\/v2\/types\/post"}],"author":[{"embeddable":true,"href":"https:\/\/semmelweis.hu\/borklinika\/wp-json\/wp\/v2\/users\/101244"}],"replies":[{"embeddable":true,"href":"https:\/\/semmelweis.hu\/borklinika\/wp-json\/wp\/v2\/comments?post=10114"}],"version-history":[{"count":3,"href":"https:\/\/semmelweis.hu\/borklinika\/wp-json\/wp\/v2\/posts\/10114\/revisions"}],"predecessor-version":[{"id":10121,"href":"https:\/\/semmelweis.hu\/borklinika\/wp-json\/wp\/v2\/posts\/10114\/revisions\/10121"}],"wp:featuredmedia":[{"embeddable":true,"href":"https:\/\/semmelweis.hu\/borklinika\/wp-json\/wp\/v2\/media\/1690"}],"wp:attachment":[{"href":"https:\/\/semmelweis.hu\/borklinika\/wp-json\/wp\/v2\/media?parent=10114"}],"wp:term":[{"taxonomy":"category","embeddable":true,"href":"https:\/\/semmelweis.hu\/borklinika\/wp-json\/wp\/v2\/categories?post=10114"},{"taxonomy":"post_tag","embeddable":true,"href":"https:\/\/semmelweis.hu\/borklinika\/wp-json\/wp\/v2\/tags?post=10114"}],"curies":[{"name":"wp","href":"https:\/\/api.w.org\/{rel}","templated":true}]}}