{"id":10100,"date":"2022-08-02T10:54:50","date_gmt":"2022-08-02T08:54:50","guid":{"rendered":"https:\/\/semmelweis.hu\/borklinika\/?p=10100"},"modified":"2022-08-02T10:54:50","modified_gmt":"2022-08-02T08:54:50","slug":"medicalonline-hu-a-kullancscsipes-akar-evtizedekkel-kesobb-is-sulyos-tuneteket-okozhat","status":"publish","type":"post","link":"https:\/\/semmelweis.hu\/borklinika\/2022\/08\/02\/medicalonline-hu-a-kullancscsipes-akar-evtizedekkel-kesobb-is-sulyos-tuneteket-okozhat\/","title":{"rendered":"Medicalonline.hu &#8211; A kullancscs\u00edp\u00e9s ak\u00e1r \u00e9vtizedekkel k\u00e9s\u0151bb is s\u00falyos t\u00fcneteket okozhat"},"content":{"rendered":"<p style=\"text-align: justify\">A Lyme-k\u00f3r \u00e9s a v\u00edrusos agyh\u00e1rtyagyullad\u00e1s a kullancsok cs\u00edp\u00e9se \u00e1ltal terjesztett k\u00e9t legs\u00falyosabb betegs\u00e9g.<br \/>\nA fel nem ismert Lyme-k\u00f3r k\u00f6vetkezt\u00e9ben \u00edz\u00fcleti, sz\u00edv- \u00e9s idegrendszeri probl\u00e9m\u00e1k is jelentkezhetnek, de a k\u00e9s\u0151n diagnosztiz\u00e1lt betegs\u00e9g ak\u00e1r a bels\u0151 szerveket is \u00e9rint\u0151, s\u00falyos sz\u00f6v\u0151dm\u00e9nyekkel is j\u00e1rhat &#8211; mondta el Dr. Kov\u00e1cs Anik\u00f3, a Semmelweis Egyetem B\u0151r-, Nemik\u00f3rtani \u00e9s B\u0151ronkol\u00f3giai Klinika b\u0151rgy\u00f3gy\u00e1sz szakorvosa. A szakember ismertette a Lyme-k\u00f3r \u00e9s az agyh\u00e1rtyagyullad\u00e1s legjellemz\u0151bb t\u00fcneteit, a v\u00e9dekez\u00e9s m\u00f3djait, valamint a kullancs szakszer\u0171 elt\u00e1vol\u00edt\u00e1s\u00e1nak ism\u00e9rveit.\u00a0<\/p>\n<p>A cikket elolvashatj\u00e1k <a href=\"http:\/\/medicalonline.hu\/gyogyitas\/cikk\/a_lyme_kor_evtizedekkel_kesobb_is_sulyos_tuneteket_okozhat\" target=\"_blank\" rel=\"noopener\">itt<\/a>.\u00a0<\/p>\n","protected":false},"excerpt":{"rendered":"<p>A Lyme-k\u00f3r \u00e9s a v\u00edrusos agyh\u00e1rtyagyullad\u00e1s a kullancsok cs\u00edp\u00e9se \u00e1ltal terjesztett k\u00e9t legs\u00falyosabb betegs\u00e9g. A fel nem ismert Lyme-k\u00f3r k\u00f6vetkezt\u00e9ben \u00edz\u00fcleti, sz\u00edv- \u00e9s idegrendszeri probl\u00e9m\u00e1k is jelentkezhetnek, de a k\u00e9s\u0151n diagnosztiz\u00e1lt betegs\u00e9g ak\u00e1r a bels\u0151 szerveket is \u00e9rint\u0151, s\u00falyos sz\u00f6v\u0151dm\u00e9nyekkel is j\u00e1rhat &#8211; mondta el Dr. Kov\u00e1cs Anik\u00f3, a Semmelweis Egyetem B\u0151r-, Nemik\u00f3rtani \u00e9s B\u0151ronkol\u00f3giai &hellip;<\/p>\n","protected":false},"author":101244,"featured_media":10101,"comment_status":"closed","ping_status":"closed","sticky":false,"template":"","format":"standard","meta":{"_acf_changed":false,"footnotes":""},"categories":[75],"tags":[],"class_list":["post-10100","post","type-post","status-publish","format-standard","has-post-thumbnail","hentry","category-mediamegjelenesek"],"acf":[],"_links":{"self":[{"href":"https:\/\/semmelweis.hu\/borklinika\/wp-json\/wp\/v2\/posts\/10100","targetHints":{"allow":["GET"]}}],"collection":[{"href":"https:\/\/semmelweis.hu\/borklinika\/wp-json\/wp\/v2\/posts"}],"about":[{"href":"https:\/\/semmelweis.hu\/borklinika\/wp-json\/wp\/v2\/types\/post"}],"author":[{"embeddable":true,"href":"https:\/\/semmelweis.hu\/borklinika\/wp-json\/wp\/v2\/users\/101244"}],"replies":[{"embeddable":true,"href":"https:\/\/semmelweis.hu\/borklinika\/wp-json\/wp\/v2\/comments?post=10100"}],"version-history":[{"count":4,"href":"https:\/\/semmelweis.hu\/borklinika\/wp-json\/wp\/v2\/posts\/10100\/revisions"}],"predecessor-version":[{"id":10105,"href":"https:\/\/semmelweis.hu\/borklinika\/wp-json\/wp\/v2\/posts\/10100\/revisions\/10105"}],"wp:featuredmedia":[{"embeddable":true,"href":"https:\/\/semmelweis.hu\/borklinika\/wp-json\/wp\/v2\/media\/10101"}],"wp:attachment":[{"href":"https:\/\/semmelweis.hu\/borklinika\/wp-json\/wp\/v2\/media?parent=10100"}],"wp:term":[{"taxonomy":"category","embeddable":true,"href":"https:\/\/semmelweis.hu\/borklinika\/wp-json\/wp\/v2\/categories?post=10100"},{"taxonomy":"post_tag","embeddable":true,"href":"https:\/\/semmelweis.hu\/borklinika\/wp-json\/wp\/v2\/tags?post=10100"}],"curies":[{"name":"wp","href":"https:\/\/api.w.org\/{rel}","templated":true}]}}