{"id":8239,"date":"2026-04-28T15:55:39","date_gmt":"2026-04-28T13:55:39","guid":{"rendered":"https:\/\/semmelweis.hu\/bokayklinika\/?p=8239"},"modified":"2026-04-29T12:57:09","modified_gmt":"2026-04-29T10:57:09","slug":"hun-pqol-alakitsuk-egyutt-a-gyermekegeszsegugy-jovojet","status":"publish","type":"post","link":"https:\/\/semmelweis.hu\/bokayklinika\/2026\/04\/28\/hun-pqol-alakitsuk-egyutt-a-gyermekegeszsegugy-jovojet\/","title":{"rendered":"HUN-PQoL: Alak\u00edtsuk egy\u00fctt a gyermekeg\u00e9szs\u00e9g\u00fcgy j\u00f6v\u0151j\u00e9t"},"content":{"rendered":"<div class=\"lead\">A Semmelweis Egyetem Gyermekgy\u00f3gy\u00e1szati Klinik\u00e1j\u00e1nak szakemberei orsz\u00e1gos gyermek-\u00e9letmin\u0151s\u00e9g felm\u00e9r\u00e9st ind\u00edtottak. A HUN-PQoL-vizsg\u00e1lat siker\u00e9hez sz\u00fcks\u00e9g van az \u00d6n seg\u00edts\u00e9g\u00e9re \u2013 ak\u00e1r szakemberk\u00e9nt, ak\u00e1r sz\u00fcl\u0151k\u00e9nt.<\/div>\n<h5>Kit keres\u00fcnk?<\/h5>\n<p>Minden 4\u201318 \u00e9ves gyermeket nevel\u0151 sz\u00fcl\u0151t: eg\u00e9szs\u00e9ges \u00e9s kr\u00f3nikus betegs\u00e9ggel \u00e9l\u0151 gyermekek csal\u00e1djait egyar\u00e1nt. A r\u00e9szv\u00e9tel \u00f6nk\u00e9ntes, anonim \u00e9s mind\u00f6ssze 15\u201320 percet vesz ig\u00e9nybe, b\u00e1rmilyen eszk\u00f6zr\u0151l kit\u00f6lthet\u0151 a <a href=\"https:\/\/redcap.semmelweis.hu\/surveys\/?s=CPYLJE9LW4HEPDMJ\" target=\"_blank\" rel=\"noopener\">HUN-PQoL k\u00e9rd\u0151\u00edve<\/a>.<\/p>\n<h5><a href=\"https:\/\/semmelweis.hu\/bokayklinika\/files\/2026\/04\/HUNPQoL.jpg\"><img loading=\"lazy\" decoding=\"async\" class=\"alignright wp-image-8242\" src=\"https:\/\/semmelweis.hu\/bokayklinika\/files\/2026\/04\/HUNPQoL.jpg\" alt=\"\" width=\"420\" height=\"702\" srcset=\"https:\/\/semmelweis.hu\/bokayklinika\/files\/2026\/04\/HUNPQoL.jpg 504w, https:\/\/semmelweis.hu\/bokayklinika\/files\/2026\/04\/HUNPQoL-239x400.jpg 239w\" sizes=\"auto, (max-width: 420px) 100vw, 420px\" \/><\/a>Mi\u00e9rt van sz\u00fcks\u00e9g erre a kutat\u00e1sra?<\/h5>\n<p>Magyarorsz\u00e1gon eddig nem k\u00e9sz\u00fclt olyan \u00e1tfog\u00f3, orsz\u00e1gos felm\u00e9r\u00e9s, amely egyszerre, t\u00f6bb k\u00fcl\u00f6nb\u00f6z\u0151 betegs\u00e9gcsoportban vizsg\u00e1lta volna, hogyan \u00e9lik meg a gyermekek \u00e9s a serd\u00fcl\u0151k mindennapjaikat \u2013 \u00e9s hogyan viszonyul mindez eg\u00e9szs\u00e9ges kort\u00e1rsaik tapasztalataihoz. A HUN-PQoL ezt a hi\u00e1nyt p\u00f3tolja. A kutat\u00e1s emellett a sz\u00fcl\u0151k, gondvisel\u0151k ment\u00e1lis j\u00f3ll\u00e9t\u00e9re is k\u00edv\u00e1ncsi, hiszen egy kr\u00f3nikus betegs\u00e9ggel \u00e9l\u0151 gyermek nevel\u00e9se a csal\u00e1d eg\u00e9sz\u00e9t \u00e9rinti.<\/p>\n<h5>Mit m\u00e9r a felm\u00e9r\u00e9s?<\/h5>\n<p>A <a href=\"https:\/\/redcap.semmelweis.hu\/surveys\/?s=CPYLJE9LW4HEPDMJ\" target=\"_blank\" rel=\"noopener\">k\u00e9rd\u0151\u00edv<\/a> \u00e1ltal\u00e1nos \u00e9letmin\u0151s\u00e9get, fizikai \u00e9s lelki k\u00f6z\u00e9rzetet, alv\u00e1smin\u0151s\u00e9get, valamint b\u00e9l-agy tengellyel \u00f6sszef\u00fcgg\u0151 panaszokat vizsg\u00e1l. Kr\u00f3nikus betegs\u00e9ggel \u2013 p\u00e9ld\u00e1ul diab\u00e9tesszel, c\u00f6li\u00e1ki\u00e1val, asztm\u00e1val, epilepszi\u00e1val vagy b\u0151rbetegs\u00e9ggel \u2013 \u00e9l\u0151 gyermekek eset\u00e9n betegs\u00e9gspecifikus k\u00e9rd\u00e9sek is szerepelnek.<\/p>\n<h5>Mi lesz a be\u00e9rkezett v\u00e1laszokkal?<\/h5>\n<p>A felm\u00e9r\u00e9s c\u00e9lja, hogy konkr\u00e9t, adatokon alapul\u00f3 \u00e9rveket adjunk a d\u00f6nt\u00e9shoz\u00f3k kez\u00e9be. A be\u00e9rkezett v\u00e1laszok alapj\u00e1n olyan szakmai aj\u00e1nl\u00e1sokat fogalmazunk meg a szakmai t\u00e1rsas\u00e1gok, a t\u00f6rv\u00e9nyhoz\u00e1s fel\u00e9, amelyek a kr\u00f3nikus betegs\u00e9ggel \u00e9l\u0151 gyermekeket \u00e9s csal\u00e1djaikat \u00e9rint\u0151 hossz\u00fa t\u00e1v\u00fa eg\u00e9szs\u00e9g\u00fcgyi \u00e9s szoci\u00e1lis d\u00f6nt\u00e9sek alapj\u00e1v\u00e1 v\u00e1lhatnak. Min\u00e9l t\u00f6bb csal\u00e1d vesz r\u00e9szt, ann\u00e1l er\u0151sebb az a szakmai hang, amellyel a gyermekek \u00e9s sz\u00fcleik val\u00f3di sz\u00fcks\u00e9gletei k\u00e9pviselhet\u0151k \u2013 az eg\u00e9szs\u00e9gpolitikai d\u00f6nt\u00e9sek szintj\u00e9n is.<\/p>\n<h5>H\u00e1ny v\u00e1laszra van sz\u00fcks\u00e9g\u00fcnk?<\/h5>\n<p>A felm\u00e9r\u00e9s akkor tud val\u00f3ban orsz\u00e1gos \u00e9rv\u00e9ny\u0171, tudom\u00e1nyosan megalapozott eredm\u00e9nyeket hozni, ha legal\u00e1bb 10 000 csal\u00e1d vesz r\u00e9szt benne. Ehhez minden seg\u00edts\u00e9gre sz\u00fcks\u00e9g\u00fcnk van \u2013 k\u00e9rj\u00fck, ossza meg a k\u00e9rd\u0151\u00edvet ismer\u0151seivel, sz\u00fcl\u0151t\u00e1rsaival is.<\/p>\n<p>A k\u00e9rd\u0151\u00edv terjeszt\u00e9s\u00e9t egy let\u00f6lthet\u0151 plak\u00e1ttal is seg\u00edtj\u00fck, amelyet b\u00e1rki szabadon megoszthat vagy kihelyezhet: <a href=\"https:\/\/semmelweis.hu\/bokayklinika\/files\/2026\/04\/HUNPQoL_plakat.pdf\" target=\"_blank\" rel=\"noopener\">let\u00f6lt\u00f6m a plak\u00e1tot<\/a><\/p>\n<h5>Mi\u00e9rt fontos a szakemberek r\u00e9szv\u00e9tele?<\/h5>\n<p>A felm\u00e9r\u00e9s siker\u00e9t nagyban meghat\u00e1rozza, hogy kezel\u0151orvosok, v\u00e9d\u0151n\u0151k, iskolaorvosok \u00e9s egy\u00e9b eg\u00e9szs\u00e9g\u00fcgyi szakemberek felh\u00edvj\u00e1k-e p\u00e1cienseik \u00e9s azok sz\u00fcleinek figyelm\u00e9t a k\u00e9rd\u0151\u00edvre. Min\u00e9l sz\u00e9lesebb \u00e9s soksz\u00edn\u0171bb a minta \u2013 eg\u00e9szs\u00e9ges \u00e9s beteg gyermekekt\u0151l egyar\u00e1nt \u2013, ann\u00e1l pontosabb k\u00e9pet kapunk arr\u00f3l, hol van sz\u00fcks\u00e9g c\u00e9lzott pszichol\u00f3giai, dietetikai vagy betegeduk\u00e1ci\u00f3s programokra.<\/p>\n<h5>Mi lesz az adatokkal?<\/h5>\n<p>A v\u00e1laszokat kiz\u00e1r\u00f3lag \u00f6sszes\u00edtett, statisztikai form\u00e1ban dolgozzuk fel \u2013 egy\u00e9ni azonos\u00edt\u00e1s nem t\u00f6rt\u00e9nik.<\/p>\n<h5>Hogyan zajlik a kit\u00f6lt\u00e9s?<\/h5>\n<p>10 \u00e9ves kor alatt a sz\u00fcl\u0151 t\u00f6lti ki a k\u00e9rd\u0151\u00edvet a gyermek nev\u00e9ben. 10 \u00e9ves kor felett az \u00e9letmin\u0151s\u00e9ggel kapcsolatos k\u00e9rd\u00e9seket a gyermek \u00f6n\u00e1ll\u00f3an, a h\u00e1tt\u00e9radatokat a sz\u00fcl\u0151 v\u00e1laszolja meg. A 14\u201318 \u00e9ves serd\u00fcl\u0151kn\u00e9l a r\u00e9szv\u00e9telhez a fiatal saj\u00e1t beleegyez\u00e9se is sz\u00fcks\u00e9ges. Ha t\u00f6bb gyermeke van, k\u00e9rj\u00fck, minden gyermeke eset\u00e9n k\u00fcl\u00f6n-k\u00fcl\u00f6n, \u00fajraind\u00edtva t\u00f6ltse ki a k\u00e9rd\u0151\u00edvet.<\/p>\n<h5>K\u00e9rd\u00e9se van?<\/h5>\n<p>A kutat\u00e1st Prof. Dr. Szab\u00f3 Attila klinikaigazgat\u00f3, klinikai rektorhelyettes, Dr. B\u00e9res N\u00f3ra PhD, Dr. Garai R\u00e9ka PhD, Prof. Dr. Rencz Fanni vezeti. K\u00e9rd\u00e9seikkel a <a href=\"mailto:gyermekeletminoseg@semmelweis.hu\">gyermekeletminoseg@semmelweis.hu<\/a> emailc\u00edmen fordulhatnak hozz\u00e1juk.<\/p>\n<p>Minden v\u00e1ltoz\u00e1s apr\u00f3 d\u00f6nt\u00e9sekkel kezd\u0151dik. K\u00e9rj\u00fck, legyen \u00d6n \u00e9s gyermeke is egyike annak a 10 000 csal\u00e1dnak, akiknek v\u00e1lasza seg\u00edt abban, hogy a gyermekek tapasztalatai ne vesszenek el \u2013 hanem alapot adjanak a j\u00f6v\u0151 legfontosabb d\u00f6nt\u00e9seihez.<\/p>\n","protected":false},"excerpt":{"rendered":"<p>A Semmelweis Egyetem Gyermekgy\u00f3gy\u00e1szati Klinik\u00e1j\u00e1nak szakemberei orsz\u00e1gos gyermek-\u00e9letmin\u0151s\u00e9g felm\u00e9r\u00e9st ind\u00edtottak. A HUN-PQoL-vizsg\u00e1lat siker\u00e9hez sz\u00fcks\u00e9g van az \u00d6n seg\u00edts\u00e9g\u00e9re \u2013 ak\u00e1r szakemberk\u00e9nt, ak\u00e1r sz\u00fcl\u0151k\u00e9nt. Kit keres\u00fcnk? Minden 4\u201318 \u00e9ves gyermeket nevel\u0151 sz\u00fcl\u0151t: eg\u00e9szs\u00e9ges \u00e9s kr\u00f3nikus betegs\u00e9ggel \u00e9l\u0151 gyermekek csal\u00e1djait egyar\u00e1nt. A r\u00e9szv\u00e9tel \u00f6nk\u00e9ntes, anonim \u00e9s mind\u00f6ssze 15\u201320 percet vesz ig\u00e9nybe, b\u00e1rmilyen eszk\u00f6zr\u0151l kit\u00f6lthet\u0151 a <a href=\"https:\/\/redcap.semmelweis.hu\/surveys\/?s=CPYLJE9LW4HEPDMJ\" target=\"_blank\" rel=\"noopener\">HUN-PQoL k\u00e9rd\u0151\u00edve<\/a> . <a href=\"https:\/\/semmelweis.hu\/bokayklinika\/files\/2026\/04\/HUNPQoL.jpg\"><\/a> Mi\u00e9rt &hellip;<\/p>\n","protected":false},"author":102391,"featured_media":8241,"comment_status":"closed","ping_status":"closed","sticky":true,"template":"","format":"standard","meta":{"_acf_changed":false,"footnotes":""},"categories":[1],"tags":[],"class_list":["post-8239","post","type-post","status-publish","format-standard","has-post-thumbnail","hentry","category-hirek"],"acf":[],"_links":{"self":[{"href":"https:\/\/semmelweis.hu\/bokayklinika\/wp-json\/wp\/v2\/posts\/8239","targetHints":{"allow":["GET"]}}],"collection":[{"href":"https:\/\/semmelweis.hu\/bokayklinika\/wp-json\/wp\/v2\/posts"}],"about":[{"href":"https:\/\/semmelweis.hu\/bokayklinika\/wp-json\/wp\/v2\/types\/post"}],"author":[{"embeddable":true,"href":"https:\/\/semmelweis.hu\/bokayklinika\/wp-json\/wp\/v2\/users\/102391"}],"replies":[{"embeddable":true,"href":"https:\/\/semmelweis.hu\/bokayklinika\/wp-json\/wp\/v2\/comments?post=8239"}],"version-history":[{"count":5,"href":"https:\/\/semmelweis.hu\/bokayklinika\/wp-json\/wp\/v2\/posts\/8239\/revisions"}],"predecessor-version":[{"id":8256,"href":"https:\/\/semmelweis.hu\/bokayklinika\/wp-json\/wp\/v2\/posts\/8239\/revisions\/8256"}],"wp:featuredmedia":[{"embeddable":true,"href":"https:\/\/semmelweis.hu\/bokayklinika\/wp-json\/wp\/v2\/media\/8241"}],"wp:attachment":[{"href":"https:\/\/semmelweis.hu\/bokayklinika\/wp-json\/wp\/v2\/media?parent=8239"}],"wp:term":[{"taxonomy":"category","embeddable":true,"href":"https:\/\/semmelweis.hu\/bokayklinika\/wp-json\/wp\/v2\/categories?post=8239"},{"taxonomy":"post_tag","embeddable":true,"href":"https:\/\/semmelweis.hu\/bokayklinika\/wp-json\/wp\/v2\/tags?post=8239"}],"curies":[{"name":"wp","href":"https:\/\/api.w.org\/{rel}","templated":true}]}}