{"id":8102,"date":"2026-03-13T11:54:00","date_gmt":"2026-03-13T10:54:00","guid":{"rendered":"https:\/\/semmelweis.hu\/bokayklinika\/?p=8102"},"modified":"2026-03-13T14:15:59","modified_gmt":"2026-03-13T13:15:59","slug":"egy-nap-a-semmelweis-egyetem-ujszulott-intenziv-osztalyan-egy-baba-utja-a-gyogyulas-fele","status":"publish","type":"post","link":"https:\/\/semmelweis.hu\/bokayklinika\/2026\/03\/13\/egy-nap-a-semmelweis-egyetem-ujszulott-intenziv-osztalyan-egy-baba-utja-a-gyogyulas-fele\/","title":{"rendered":"Egy nap a Semmelweis Egyetem \u00fajsz\u00fcl\u00f6tt intenz\u00edv oszt\u00e1ly\u00e1n \u2013 egy baba \u00fatja a gy\u00f3gyul\u00e1s fel\u00e9"},"content":{"rendered":"<p><strong>Vannak \u00fajsz\u00fcl\u00f6ttek, akiknek m\u00e1r \u00e9let\u00fck els\u0151 pillanatait\u00f3l meg kell k\u00fczdeni\u00fck a t\u00fal\u00e9l\u00e9s\u00e9rt \u00e9s a gy\u00f3gyul\u00e1s\u00e9rt. A Semmelweis Egyetem Gyermekgy\u00f3gy\u00e1szati Klinik\u00e1j\u00e1nak <a href=\"https:\/\/semmelweis.hu\/bokayklinika\/betegellatas\/fekvobeteg-ellatas\/pic-osztaly\/\">\u00dajsz\u00fcl\u00f6tt Intenz\u00edv Oszt\u00e1ly\u00e1n<\/a> (Perinat\u00e1lis Intenz\u00edv Centrum, PIC) olyan korasz\u00fcl\u00f6tt \u00e9s \u00e9rett, s\u00falyos \u00e1llapot\u00fa bab\u00e1kat \u00e1polnak, akik sz\u00fclet\u00e9s\u00fcket k\u00f6vet\u0151en intenz\u00edv ter\u00e1pi\u00e1ra szorulnak \u2013 legyen sz\u00f3 oxig\u00e9nhi\u00e1nyos \u00e1llapotr\u00f3l vagy m\u0171t\u00e9ti beavatkoz\u00e1st ig\u00e9nyl\u0151 k\u00f3rk\u00e9pr\u0151l. Orsz\u00e1gos szint\u0171 ell\u00e1t\u00f3k\u00e9nt itt a legs\u00falyosabb \u00e1llapot\u00fa \u00e9s leg\u00f6sszetettebb ell\u00e1t\u00e1st ig\u00e9nyl\u0151 \u00fajsz\u00fcl\u00f6ttek\u00e9rt tesznek meg mindent, amire az orvostudom\u00e1ny jelenleg k\u00e9pes. <a href=\"https:\/\/semmelweis.hu\/hirek\/tag\/egy-nap-sorozat\/\" target=\"_blank\" rel=\"noopener\">Egy nap cikksorozatunk<\/a> leg\u00fajabb r\u00e9sz\u00e9ben egy rekeszs\u00e9rvvel vil\u00e1gra j\u00f6tt baba egy napj\u00e1t mutatjuk be a gy\u00f3gyul\u00e1s fel\u00e9 vezet\u0151 k\u00fczdelmes, de m\u00e9gis rem\u00e9nyteli \u00faton.<\/strong><\/p>\n<p><em>Fot\u00f3riportunk a k\u00e9pekre kattintva olvashat\u00f3.<\/em><\/p>\n\r\n        [slb_exclude]\r\n        <div class=\"row galeria-wrapper mx-0 h-auto\">\r\n            <div class=\"col-9 pl-0 pr-2\">\r\n            <span class=\"gallery-item frame\">\r\n\t\t\t\t<div class=\"galeria-left-img\"><a href=\"https:\/\/semmelweis.hu\/bokayklinika\/files\/2026\/03\/RS232587_GV5A1512_scl.jpg\"><img src=https:\/\/semmelweis.hu\/bokayklinika\/files\/2026\/03\/RS232587_GV5A1512_scl.jpg  \r\n                            alt=\"Simon P\u00e9ter fot\u00f3riportunk k\u00e9sz\u00edt\u00e9sekor alig t\u00f6bb mint egy h\u00f3napos. M\u00e1r az anyam\u00e9hben diagnosztiz\u00e1lt rekeszs\u00e9rve miatt sz\u00fclet\u00e9s\u00e9t k\u00f6vet\u0151en seb\u00e9szeti beavatkoz\u00e1st hajtottak v\u00e9gre rajta a Semmelweis Egyetem Gyermekgy\u00f3gy\u00e1szati Klinik\u00e1j\u00e1n. A sikeres m\u0171t\u00e9t ut\u00e1n a klinika \u00dajsz\u00fcl\u00f6tt Intenz\u00edv Oszt\u00e1ly\u00e1n t\u00f6rt\u00e9nik a tov\u00e1bbi gy\u00f3gy\u00edt\u00e1sa, ahol \u00e1llapota napr\u00f3l napra fokozatosan javul.\" \r\n                            class=\"attachment-sote-gallery-big size-sote-gallery-big\" \r\n                            srcset=\"https:\/\/semmelweis.hu\/bokayklinika\/files\/2026\/03\/RS232587_GV5A1512_scl-400x267.jpg 400w, https:\/\/semmelweis.hu\/bokayklinika\/files\/2026\/03\/RS232587_GV5A1512_scl-1024x683.jpg 1024w, https:\/\/semmelweis.hu\/bokayklinika\/files\/2026\/03\/RS232587_GV5A1512_scl-768x512.jpg 768w, https:\/\/semmelweis.hu\/bokayklinika\/files\/2026\/03\/RS232587_GV5A1512_scl-753x502.jpg 753w, https:\/\/semmelweis.hu\/bokayklinika\/files\/2026\/03\/RS232587_GV5A1512_scl-203x135.jpg 203w, https:\/\/semmelweis.hu\/bokayklinika\/files\/2026\/03\/RS232587_GV5A1512_scl.jpg 1200w\" ><\/a><\/div>\r\n            <\/span>\r\n\r\n            <\/div>\r\n\r\n\t\t\t<div class=\"col-3 pl-0 pr-0\">\r\n\t\t\t\t<div class=\"galeria-right-img d-flex justify-content-between flex-column h-100 w-100 px-0 mx-0 \">\r\n                <div class=\"galeria-box\">\r\n\t\t\t\t\t<h3 class=\"galeria-title\">Gal\u00e9ria<\/h3>\r\n\t\t\t\t\t<div class=\"galeria-subtitle\">\r\n\r\n\t\t\t\t\t\t<div class=\"galeria-page-counter\"><span>20<\/span>k\u00e9p<\/div>\r\n                    <\/div> <\/div>\r\n                    <span class=\"gallery-item frame d-none d-md-flex\">\r\n\t\t\t\t\t<div class=\"galeria-small-img mt-0\"><a href=\"https:\/\/semmelweis.hu\/bokayklinika\/files\/2026\/03\/RS232574_GV5A1373_scl.jpg\"><img src=https:\/\/semmelweis.hu\/bokayklinika\/files\/2026\/03\/RS232574_GV5A1373_scl.jpg \r\n                                alt=\"A PIC oszt\u00e1lyon. ha telth\u00e1z van, \u00f6sszesen 18 bab\u00e1t \u00e1polnak. Az ell\u00e1t\u00e1s komoly csapatmunk\u00e1t ig\u00e9nyel. Reggelente k\u00e9sz\u00fcl el a beoszt\u00e1s, hogy melyik orvoshoz melyik baba tartozik aznap. Simon ma dr. Kerekes Ram\u00f3na doktorn\u0151h\u00f6z ker\u00fcl, aki a napot egy alapos vizsg\u00e1lattal kezdi.\"  \r\n                                class=\"attachment-sote-gallery-small size-sote-gallery-small\" \r\n                                srcset=\"https:\/\/semmelweis.hu\/bokayklinika\/files\/2026\/03\/RS232574_GV5A1373_scl-400x267.jpg 400w, https:\/\/semmelweis.hu\/bokayklinika\/files\/2026\/03\/RS232574_GV5A1373_scl-1024x683.jpg 1024w, https:\/\/semmelweis.hu\/bokayklinika\/files\/2026\/03\/RS232574_GV5A1373_scl-768x512.jpg 768w, https:\/\/semmelweis.hu\/bokayklinika\/files\/2026\/03\/RS232574_GV5A1373_scl-753x502.jpg 753w, https:\/\/semmelweis.hu\/bokayklinika\/files\/2026\/03\/RS232574_GV5A1373_scl-203x135.jpg 203w, https:\/\/semmelweis.hu\/bokayklinika\/files\/2026\/03\/RS232574_GV5A1373_scl.jpg 1200w\" ><\/a><\/div>\r\n                    <\/span>\r\n                    <span class=\"gallery-item frame d-none d-md-flex\">\r\n\t\t\t\t\t<div class=\"galeria-small-img mt-0\"><a href=\"https:\/\/semmelweis.hu\/bokayklinika\/files\/2026\/03\/RS232541_GV5A1366_scl.jpg\"><img src=https:\/\/semmelweis.hu\/bokayklinika\/files\/2026\/03\/RS232541_GV5A1366_scl.jpg \r\n                                alt=\"\u201eMindig fentr\u0151l, a fejt\u0151l kezdve vizsg\u00e1lom a bab\u00e1kat, el\u0151sz\u00f6r megn\u00e9zem a kutacsukat, majd a pulzust, a kering\u00e9si st\u00e1tuszt, neurol\u00f3giai reflexeket (pl. r\u00e1fog-e az ujjra, szop\u00f3reflex van-e). Meghallgatom a kis sz\u00edv\u00e9t, a pocakon a b\u00e9lhangokat, \u00e9s meg is tapogatom a hasi szerveket\u201d \u2013 r\u00e9szletezi a doktorn\u0151.\" \r\n                                class=\"attachment-sote-gallery-small size-sote-gallery-small\" \r\n                                srcset=\"https:\/\/semmelweis.hu\/bokayklinika\/files\/2026\/03\/RS232541_GV5A1366_scl-400x267.jpg 400w, https:\/\/semmelweis.hu\/bokayklinika\/files\/2026\/03\/RS232541_GV5A1366_scl-1024x683.jpg 1024w, https:\/\/semmelweis.hu\/bokayklinika\/files\/2026\/03\/RS232541_GV5A1366_scl-768x512.jpg 768w, https:\/\/semmelweis.hu\/bokayklinika\/files\/2026\/03\/RS232541_GV5A1366_scl-753x502.jpg 753w, https:\/\/semmelweis.hu\/bokayklinika\/files\/2026\/03\/RS232541_GV5A1366_scl-203x135.jpg 203w, https:\/\/semmelweis.hu\/bokayklinika\/files\/2026\/03\/RS232541_GV5A1366_scl.jpg 1200w\" ><\/a><\/div>\r\n                    <\/span>\r\n\r\n                <\/div>\r\n\r\n            <\/div>\r\n\r\n            <span class=\"gallery-item\"><div class=\"hidden\"><a href=\"https:\/\/semmelweis.hu\/bokayklinika\/files\/2026\/03\/RS232571_GV5A1412_scl.jpg\">\r\n        <img src=https:\/\/semmelweis.hu\/bokayklinika\/files\/2026\/03\/RS232571_GV5A1412_scl.jpg alt=\"Az orvosi vizsg\u00e1lat ut\u00e1n Har\u00e1nyi Luca intenz\u00edv ter\u00e1pi\u00e1s csecsem\u0151- \u00e9s gyermek\u00e1pol\u00f3\u00e9 a terep, aki adagolja a gy\u00f3gyszereket \u00e9s a t\u00e1pszert, majd k\u00f6vetkezik a tiszt\u00e1ba t\u00e9tel.\" class=\"attachment-sote-gallery-big size-sote-gallery-big\" srcset=\"https:\/\/semmelweis.hu\/bokayklinika\/files\/2026\/03\/RS232571_GV5A1412_scl-400x267.jpg 400w, https:\/\/semmelweis.hu\/bokayklinika\/files\/2026\/03\/RS232571_GV5A1412_scl-1024x683.jpg 1024w, https:\/\/semmelweis.hu\/bokayklinika\/files\/2026\/03\/RS232571_GV5A1412_scl-768x512.jpg 768w, https:\/\/semmelweis.hu\/bokayklinika\/files\/2026\/03\/RS232571_GV5A1412_scl-753x502.jpg 753w, https:\/\/semmelweis.hu\/bokayklinika\/files\/2026\/03\/RS232571_GV5A1412_scl-203x135.jpg 203w, https:\/\/semmelweis.hu\/bokayklinika\/files\/2026\/03\/RS232571_GV5A1412_scl.jpg 1200w\" >\r\n        <\/a><\/div><\/span><span class=\"gallery-item\"><div class=\"hidden\"><a href=\"https:\/\/semmelweis.hu\/bokayklinika\/files\/2026\/03\/RS232573_GV5A1388_scl.jpg\">\r\n        <img src=https:\/\/semmelweis.hu\/bokayklinika\/files\/2026\/03\/RS232573_GV5A1388_scl.jpg alt=\"\u201eA rekeszs\u00e9rves bab\u00e1k eset\u00e9ben a f\u0151 \u00fczenet, hogy t\u00fcrelmesnek kell lenni nek\u00fcnk \u00e9s a sz\u00fcl\u0151knek is. Lehetnek visszal\u00e9p\u00e9sek a folyamatban, de lehets\u00e9ges a teljes fel\u00e9p\u00fcl\u00e9s\u201d \u2013 mondja dr. Kerekes Ram\u00f3na. \u201eTerm\u00e9szetes, hogy szoros kapcsolatunk alakul ki a bab\u00e1kkal, akik hossz\u00fa heteket itt vannak. B\u00e1nt minket, ha romlik az \u00e1llapotuk, \u00e9s \u00f6r\u00fcl\u00fcnk minden siker\u00fcknek. Ezt csak l\u00e9lekkel lehet csin\u00e1lni, ez egy igazi hivat\u00e1s\u201d \u2013 vallja Har\u00e1nyi Luca, akinek az egyik kistestv\u00e9re maga is korasz\u00fcl\u00f6ttk\u00e9nt j\u00f6tt vil\u00e1gra.\" class=\"attachment-sote-gallery-big size-sote-gallery-big\" srcset=\"https:\/\/semmelweis.hu\/bokayklinika\/files\/2026\/03\/RS232573_GV5A1388_scl-400x267.jpg 400w, https:\/\/semmelweis.hu\/bokayklinika\/files\/2026\/03\/RS232573_GV5A1388_scl-1024x683.jpg 1024w, https:\/\/semmelweis.hu\/bokayklinika\/files\/2026\/03\/RS232573_GV5A1388_scl-768x512.jpg 768w, https:\/\/semmelweis.hu\/bokayklinika\/files\/2026\/03\/RS232573_GV5A1388_scl-753x502.jpg 753w, https:\/\/semmelweis.hu\/bokayklinika\/files\/2026\/03\/RS232573_GV5A1388_scl-203x135.jpg 203w, https:\/\/semmelweis.hu\/bokayklinika\/files\/2026\/03\/RS232573_GV5A1388_scl.jpg 1200w\" >\r\n        <\/a><\/div><\/span><span class=\"gallery-item\"><div class=\"hidden\"><a href=\"https:\/\/semmelweis.hu\/bokayklinika\/files\/2026\/03\/RS232580_GV5A1359_scl.jpg\">\r\n        <img src=https:\/\/semmelweis.hu\/bokayklinika\/files\/2026\/03\/RS232580_GV5A1359_scl.jpg alt=\"A kisfi\u00fa hatf\u00e9le gy\u00f3gyszert kap intrav\u00e9n\u00e1s m\u0171anyag kan\u00fcl\u00f6n (bran\u00fcl\u00f6n) kereszt\u00fcl, ezek k\u00f6z\u00f6tt vannak a t\u00e1pl\u00e1l\u00e1st biztos\u00edt\u00f3 ionok, elektrolitok, s\u00f3k, aminosavak, cukrok, valamint zs\u00edrok intrav\u00e9n\u00e1s form\u00e1ban, amire az\u00e9rt van sz\u00fcks\u00e9g, mert a fot\u00f3riportunk pillanat\u00e1ban m\u00e9g nem indulhatott be a sz\u00e1jon kereszt\u00fcli anyatejes t\u00e1pl\u00e1l\u00e1s. Emellett nyugtat\u00f3, f\u00e1jdalomcsillap\u00edt\u00f3 \u00e9s kering\u00e9st\u00e1mogat\u00f3 gy\u00f3gyszerekre van sz\u00fcks\u00e9g a gy\u00f3gyul\u00e1shoz.\" class=\"attachment-sote-gallery-big size-sote-gallery-big\" srcset=\"https:\/\/semmelweis.hu\/bokayklinika\/files\/2026\/03\/RS232580_GV5A1359_scl-400x267.jpg 400w, https:\/\/semmelweis.hu\/bokayklinika\/files\/2026\/03\/RS232580_GV5A1359_scl-1024x683.jpg 1024w, https:\/\/semmelweis.hu\/bokayklinika\/files\/2026\/03\/RS232580_GV5A1359_scl-768x512.jpg 768w, https:\/\/semmelweis.hu\/bokayklinika\/files\/2026\/03\/RS232580_GV5A1359_scl-753x502.jpg 753w, https:\/\/semmelweis.hu\/bokayklinika\/files\/2026\/03\/RS232580_GV5A1359_scl-203x135.jpg 203w, https:\/\/semmelweis.hu\/bokayklinika\/files\/2026\/03\/RS232580_GV5A1359_scl.jpg 1200w\" >\r\n        <\/a><\/div><\/span><span class=\"gallery-item\"><div class=\"hidden\"><a href=\"https:\/\/semmelweis.hu\/bokayklinika\/files\/2026\/03\/RS232577_GV5A1370_scl.jpg\">\r\n        <img src=https:\/\/semmelweis.hu\/bokayklinika\/files\/2026\/03\/RS232577_GV5A1370_scl.jpg alt=\"A magzati korban kialakul\u00f3 rekeszs\u00e9rv eset\u00e9ben gyakoriak a l\u00e9gz\u00e9si probl\u00e9m\u00e1k, mivel a rendelleness\u00e9g k\u00f6vetkezt\u00e9ben a t\u00fcd\u0151 nem tud kifejl\u0151dni megfelel\u0151en (hypoplasi\u00e1s). Simon gy\u00f3gyul\u00e1s\u00e1nak folyamat\u00e1t j\u00f3l mutatja, hogy m\u00e1r nem l\u00e9legeztet\u0151g\u00e9pen van, hanem non-invaz\u00edv l\u00e9gz\u00e9st\u00e1mogat\u00e1st kap. Ez nagy l\u00e9p\u00e9st jelent a fel\u00e9p\u00fcl\u00e9s fel\u00e9.\" class=\"attachment-sote-gallery-big size-sote-gallery-big\" srcset=\"https:\/\/semmelweis.hu\/bokayklinika\/files\/2026\/03\/RS232577_GV5A1370_scl-400x267.jpg 400w, https:\/\/semmelweis.hu\/bokayklinika\/files\/2026\/03\/RS232577_GV5A1370_scl-1024x683.jpg 1024w, https:\/\/semmelweis.hu\/bokayklinika\/files\/2026\/03\/RS232577_GV5A1370_scl-768x512.jpg 768w, https:\/\/semmelweis.hu\/bokayklinika\/files\/2026\/03\/RS232577_GV5A1370_scl-753x502.jpg 753w, https:\/\/semmelweis.hu\/bokayklinika\/files\/2026\/03\/RS232577_GV5A1370_scl-203x135.jpg 203w, https:\/\/semmelweis.hu\/bokayklinika\/files\/2026\/03\/RS232577_GV5A1370_scl.jpg 1200w\" >\r\n        <\/a><\/div><\/span><span class=\"gallery-item\"><div class=\"hidden\"><a href=\"https:\/\/semmelweis.hu\/bokayklinika\/files\/2026\/03\/RS232590_GV5A1537_scl.jpg\">\r\n        <img src=https:\/\/semmelweis.hu\/bokayklinika\/files\/2026\/03\/RS232590_GV5A1537_scl.jpg alt=\"A sz\u00fcl\u0151k, Panka \u00e9s P\u00e9ter annyi id\u0151t t\u00f6ltenek kisfi\u00fakkal, amennyit csak lehet. Ennek megszervez\u00e9se nem k\u00f6nny\u0171, mert Simon P\u00e9tert h\u00e1rom \u00f3vod\u00e1s \u00e9s kisiskol\u00e1s kor\u00fa testv\u00e9re is hazav\u00e1rja. \u0150k nem j\u00f6hetnek be l\u00e1togat\u00f3k\u00e9nt, de sokat emlegetik legkisebb testv\u00e9r\u00fcket, rajzokat, mesek\u00f6nyveket is k\u00fcldenek neki.\" class=\"attachment-sote-gallery-big size-sote-gallery-big\" srcset=\"https:\/\/semmelweis.hu\/bokayklinika\/files\/2026\/03\/RS232590_GV5A1537_scl-400x267.jpg 400w, https:\/\/semmelweis.hu\/bokayklinika\/files\/2026\/03\/RS232590_GV5A1537_scl-1024x683.jpg 1024w, https:\/\/semmelweis.hu\/bokayklinika\/files\/2026\/03\/RS232590_GV5A1537_scl-768x512.jpg 768w, https:\/\/semmelweis.hu\/bokayklinika\/files\/2026\/03\/RS232590_GV5A1537_scl-753x502.jpg 753w, https:\/\/semmelweis.hu\/bokayklinika\/files\/2026\/03\/RS232590_GV5A1537_scl-203x135.jpg 203w, https:\/\/semmelweis.hu\/bokayklinika\/files\/2026\/03\/RS232590_GV5A1537_scl.jpg 1200w\" >\r\n        <\/a><\/div><\/span><span class=\"gallery-item\"><div class=\"hidden\"><a href=\"https:\/\/semmelweis.hu\/bokayklinika\/files\/2026\/03\/RS232618_GV5A1541_scl.jpg\">\r\n        <img src=https:\/\/semmelweis.hu\/bokayklinika\/files\/2026\/03\/RS232618_GV5A1541_scl.jpg alt=\"Az \u00e9desanya napk\u00f6zben van bent a klinik\u00e1n, m\u00edg az \u00e9desapa est\u00e9nk\u00e9nt \u00e9rkezik, \u00edgy otthon gyakorlatilag v\u00e1ltj\u00e1k egym\u00e1st. Ha pedig tehetik, egy\u00fctt j\u00f6nnek be. Az els\u0151 k\u00e9t h\u00e9tben szinte v\u00e9gig egy\u00fctt l\u00e1togatt\u00e1k kisfi\u00fakat, a teljes csal\u00e1d \u00e9s bar\u00e1ti k\u00f6r mellett\u00fck \u00e1llt, hogy seg\u00edtsenek ebben a helyzetben.\" class=\"attachment-sote-gallery-big size-sote-gallery-big\" srcset=\"https:\/\/semmelweis.hu\/bokayklinika\/files\/2026\/03\/RS232618_GV5A1541_scl-400x267.jpg 400w, https:\/\/semmelweis.hu\/bokayklinika\/files\/2026\/03\/RS232618_GV5A1541_scl-1024x683.jpg 1024w, https:\/\/semmelweis.hu\/bokayklinika\/files\/2026\/03\/RS232618_GV5A1541_scl-768x512.jpg 768w, https:\/\/semmelweis.hu\/bokayklinika\/files\/2026\/03\/RS232618_GV5A1541_scl-753x502.jpg 753w, https:\/\/semmelweis.hu\/bokayklinika\/files\/2026\/03\/RS232618_GV5A1541_scl-203x135.jpg 203w, https:\/\/semmelweis.hu\/bokayklinika\/files\/2026\/03\/RS232618_GV5A1541_scl.jpg 1200w\" >\r\n        <\/a><\/div><\/span><span class=\"gallery-item\"><div class=\"hidden\"><a href=\"https:\/\/semmelweis.hu\/bokayklinika\/files\/2026\/03\/RS232588_GV5A1533_scl.jpg\">\r\n        <img src=https:\/\/semmelweis.hu\/bokayklinika\/files\/2026\/03\/RS232588_GV5A1533_scl.jpg alt=\"\" class=\"attachment-sote-gallery-big size-sote-gallery-big\" srcset=\"https:\/\/semmelweis.hu\/bokayklinika\/files\/2026\/03\/RS232588_GV5A1533_scl-400x267.jpg 400w, https:\/\/semmelweis.hu\/bokayklinika\/files\/2026\/03\/RS232588_GV5A1533_scl-1024x683.jpg 1024w, https:\/\/semmelweis.hu\/bokayklinika\/files\/2026\/03\/RS232588_GV5A1533_scl-768x512.jpg 768w, https:\/\/semmelweis.hu\/bokayklinika\/files\/2026\/03\/RS232588_GV5A1533_scl-753x502.jpg 753w, https:\/\/semmelweis.hu\/bokayklinika\/files\/2026\/03\/RS232588_GV5A1533_scl-203x135.jpg 203w, https:\/\/semmelweis.hu\/bokayklinika\/files\/2026\/03\/RS232588_GV5A1533_scl.jpg 1200w\" >\r\n        <\/a><\/div><\/span><span class=\"gallery-item\"><div class=\"hidden\"><a href=\"https:\/\/semmelweis.hu\/bokayklinika\/files\/2026\/03\/RS232619_GV5A1547_scl.jpg\">\r\n        <img src=https:\/\/semmelweis.hu\/bokayklinika\/files\/2026\/03\/RS232619_GV5A1547_scl.jpg alt=\"\u201eAmikor itt vagyok, t\u00f6rekszem arra, hogy legal\u00e1bb \u00e9rint\u00e9ssel folyamatosan kontaktusban legy\u00fcnk. Kivenni az inkub\u00e1torb\u00f3l m\u00e9g nem lehet a kisfiunkat, de \u00edgy is pontosan \u00e9rzem, hogy mi az a fog\u00e1s, amire megnyugszik, b\u00e1r alapvet\u0151en nagyon b\u00e9k\u00e9s baba, a v\u00e1rand\u00f3ss\u00e1g alatt is az volt\u201d \u2013 mondja az \u00e9desanya, aki m\u00e1r nagyon v\u00e1rja, hogy bep\u00f3tolhass\u00e1k az \u00e9lettanilag \u00e9s \u00e9rzelmileg is fontos, k\u00f6t\u0151d\u00e9st is er\u0151s\u00edt\u0151 b\u0151r-b\u0151r kontaktust, hiszen a vil\u00e1gra hozatal ut\u00e1n nem volt lehet\u0151s\u00e9g az arany\u00f3r\u00e1ra, azonnali intub\u00e1ci\u00f3ra volt sz\u00fcks\u00e9g.\" class=\"attachment-sote-gallery-big size-sote-gallery-big\" srcset=\"https:\/\/semmelweis.hu\/bokayklinika\/files\/2026\/03\/RS232619_GV5A1547_scl-400x267.jpg 400w, https:\/\/semmelweis.hu\/bokayklinika\/files\/2026\/03\/RS232619_GV5A1547_scl-1024x683.jpg 1024w, https:\/\/semmelweis.hu\/bokayklinika\/files\/2026\/03\/RS232619_GV5A1547_scl-768x512.jpg 768w, https:\/\/semmelweis.hu\/bokayklinika\/files\/2026\/03\/RS232619_GV5A1547_scl-753x502.jpg 753w, https:\/\/semmelweis.hu\/bokayklinika\/files\/2026\/03\/RS232619_GV5A1547_scl-203x135.jpg 203w, https:\/\/semmelweis.hu\/bokayklinika\/files\/2026\/03\/RS232619_GV5A1547_scl.jpg 1200w\" >\r\n        <\/a><\/div><\/span><span class=\"gallery-item\"><div class=\"hidden\"><a href=\"https:\/\/semmelweis.hu\/bokayklinika\/files\/2026\/03\/RS232612_GV5A1564_scl.jpg\">\r\n        <img src=https:\/\/semmelweis.hu\/bokayklinika\/files\/2026\/03\/RS232612_GV5A1564_scl.jpg alt=\"\" class=\"attachment-sote-gallery-big size-sote-gallery-big\" srcset=\"https:\/\/semmelweis.hu\/bokayklinika\/files\/2026\/03\/RS232612_GV5A1564_scl-400x267.jpg 400w, https:\/\/semmelweis.hu\/bokayklinika\/files\/2026\/03\/RS232612_GV5A1564_scl-1024x683.jpg 1024w, https:\/\/semmelweis.hu\/bokayklinika\/files\/2026\/03\/RS232612_GV5A1564_scl-768x512.jpg 768w, https:\/\/semmelweis.hu\/bokayklinika\/files\/2026\/03\/RS232612_GV5A1564_scl-753x502.jpg 753w, https:\/\/semmelweis.hu\/bokayklinika\/files\/2026\/03\/RS232612_GV5A1564_scl-203x135.jpg 203w, https:\/\/semmelweis.hu\/bokayklinika\/files\/2026\/03\/RS232612_GV5A1564_scl.jpg 1200w\" >\r\n        <\/a><\/div><\/span><span class=\"gallery-item\"><div class=\"hidden\"><a href=\"https:\/\/semmelweis.hu\/bokayklinika\/files\/2026\/03\/RS232633_GV5A1588_scl.jpg\">\r\n        <img src=https:\/\/semmelweis.hu\/bokayklinika\/files\/2026\/03\/RS232633_GV5A1588_scl.jpg alt=\"\u201eNagyon fontos sz\u00e1momra, hogy \u00e9n is r\u00e9szt v\u00e1llaljak abban, hogy Simon mellett legy\u00fcnk, \u00e9s erre legt\u00f6bbsz\u00f6r est\u00e9nk\u00e9nt van lehet\u0151s\u00e9gem. \u00cdgy r\u00e9szese lehetek az itteni esti rutinnak, \u00e9s mes\u00e9lek is neki\u201d \u2013 mondja az \u00e9desapa.\" class=\"attachment-sote-gallery-big size-sote-gallery-big\" srcset=\"https:\/\/semmelweis.hu\/bokayklinika\/files\/2026\/03\/RS232633_GV5A1588_scl-400x267.jpg 400w, https:\/\/semmelweis.hu\/bokayklinika\/files\/2026\/03\/RS232633_GV5A1588_scl-1024x683.jpg 1024w, https:\/\/semmelweis.hu\/bokayklinika\/files\/2026\/03\/RS232633_GV5A1588_scl-768x512.jpg 768w, https:\/\/semmelweis.hu\/bokayklinika\/files\/2026\/03\/RS232633_GV5A1588_scl-753x502.jpg 753w, https:\/\/semmelweis.hu\/bokayklinika\/files\/2026\/03\/RS232633_GV5A1588_scl-203x135.jpg 203w, https:\/\/semmelweis.hu\/bokayklinika\/files\/2026\/03\/RS232633_GV5A1588_scl.jpg 1200w\" >\r\n        <\/a><\/div><\/span><span class=\"gallery-item\"><div class=\"hidden\"><a href=\"https:\/\/semmelweis.hu\/bokayklinika\/files\/2026\/03\/RS232623_GV5A1681_scl.jpg\">\r\n        <img src=https:\/\/semmelweis.hu\/bokayklinika\/files\/2026\/03\/RS232623_GV5A1681_scl.jpg alt=\"\u201eTudtuk, hogy ez egy nagyon m\u00e1s \u00fat lesz, amire lehet\u0151s\u00e9g\u00fcnk volt felk\u00e9sz\u00fclni, hiszen m\u00e1r a 20. heti ultrahang kimutatta a betegs\u00e9get. B\u00edzunk \u00e9s hisz\u00fcnk a kisfi\u00fankban, \u00e9s abban, hogy minden \u00fagy t\u00f6rt\u00e9nik ahogy a J\u00f3isten akarja. Nagy t\u00fcrelemre, al\u00e1zatra van sz\u00fcks\u00e9g \u00e9s fejet kell hajtani azel\u0151tt, hogy nem tudunk tervezni, csak b\u00edzni az isteni id\u0151z\u00edt\u00e9sben\u201d \u2013 mondj\u00e1k a sz\u00fcl\u0151k.\" class=\"attachment-sote-gallery-big size-sote-gallery-big\" srcset=\"https:\/\/semmelweis.hu\/bokayklinika\/files\/2026\/03\/RS232623_GV5A1681_scl-400x267.jpg 400w, https:\/\/semmelweis.hu\/bokayklinika\/files\/2026\/03\/RS232623_GV5A1681_scl-1024x683.jpg 1024w, https:\/\/semmelweis.hu\/bokayklinika\/files\/2026\/03\/RS232623_GV5A1681_scl-768x512.jpg 768w, https:\/\/semmelweis.hu\/bokayklinika\/files\/2026\/03\/RS232623_GV5A1681_scl-753x502.jpg 753w, https:\/\/semmelweis.hu\/bokayklinika\/files\/2026\/03\/RS232623_GV5A1681_scl-203x135.jpg 203w, https:\/\/semmelweis.hu\/bokayklinika\/files\/2026\/03\/RS232623_GV5A1681_scl.jpg 1200w\" >\r\n        <\/a><\/div><\/span><span class=\"gallery-item\"><div class=\"hidden\"><a href=\"https:\/\/semmelweis.hu\/bokayklinika\/files\/2026\/03\/RS232628_GV5A1613_scl.jpg\">\r\n        <img src=https:\/\/semmelweis.hu\/bokayklinika\/files\/2026\/03\/RS232628_GV5A1613_scl.jpg alt=\"Rekeszs\u00e9rves bab\u00e1k t\u00e1pl\u00e1l\u00e1s\u00e1nak beind\u00edt\u00e1sa mindig kih\u00edv\u00e1s, hogy a v\u00e9n\u00e1s oldattal val\u00f3 t\u00e1pl\u00e1l\u00e1st felv\u00e1ltsa az anyatejes vagy t\u00e1pszeres etet\u00e9s. Ebb\u0151l a szempontb\u00f3l fontos nyomon k\u00f6vetni, hogy mennyi folyad\u00e9k halmoz\u00f3dott fel a t\u00fcd\u0151 mellett, ezt vizsg\u00e1lj\u00e1k ezzel a mobil r\u00f6ntgeng\u00e9ppel. Ha felsz\u00edv\u00f3dik a mellkasi nyirokfolyad\u00e9k, akkor elindulhat a t\u00e1pl\u00e1l\u00e1s.\" class=\"attachment-sote-gallery-big size-sote-gallery-big\" srcset=\"https:\/\/semmelweis.hu\/bokayklinika\/files\/2026\/03\/RS232628_GV5A1613_scl-400x267.jpg 400w, https:\/\/semmelweis.hu\/bokayklinika\/files\/2026\/03\/RS232628_GV5A1613_scl-1024x683.jpg 1024w, https:\/\/semmelweis.hu\/bokayklinika\/files\/2026\/03\/RS232628_GV5A1613_scl-768x512.jpg 768w, https:\/\/semmelweis.hu\/bokayklinika\/files\/2026\/03\/RS232628_GV5A1613_scl-753x502.jpg 753w, https:\/\/semmelweis.hu\/bokayklinika\/files\/2026\/03\/RS232628_GV5A1613_scl-203x135.jpg 203w, https:\/\/semmelweis.hu\/bokayklinika\/files\/2026\/03\/RS232628_GV5A1613_scl.jpg 1200w\" >\r\n        <\/a><\/div><\/span><span class=\"gallery-item\"><div class=\"hidden\"><a href=\"https:\/\/semmelweis.hu\/bokayklinika\/files\/2026\/03\/RS232630_GV5A1608_scl.jpg\">\r\n        <img src=https:\/\/semmelweis.hu\/bokayklinika\/files\/2026\/03\/RS232630_GV5A1608_scl.jpg alt=\"K\u00e9sz\u00fcl a r\u00f6ntgenfelv\u00e9tel a speci\u00e1lis, hordozhat\u00f3 k\u00e9palkot\u00f3 k\u00e9sz\u00fcl\u00e9kkel: a r\u00f6ntgen be\u00e1ll\u00edt\u00f3f\u00e9nye mutatja, mely ter\u00fcletet \u00e9rinti a felv\u00e9tel.\" class=\"attachment-sote-gallery-big size-sote-gallery-big\" srcset=\"https:\/\/semmelweis.hu\/bokayklinika\/files\/2026\/03\/RS232630_GV5A1608_scl-400x267.jpg 400w, https:\/\/semmelweis.hu\/bokayklinika\/files\/2026\/03\/RS232630_GV5A1608_scl-1024x683.jpg 1024w, https:\/\/semmelweis.hu\/bokayklinika\/files\/2026\/03\/RS232630_GV5A1608_scl-768x512.jpg 768w, https:\/\/semmelweis.hu\/bokayklinika\/files\/2026\/03\/RS232630_GV5A1608_scl-753x502.jpg 753w, https:\/\/semmelweis.hu\/bokayklinika\/files\/2026\/03\/RS232630_GV5A1608_scl-203x135.jpg 203w, https:\/\/semmelweis.hu\/bokayklinika\/files\/2026\/03\/RS232630_GV5A1608_scl.jpg 1200w\" >\r\n        <\/a><\/div><\/span><span class=\"gallery-item\"><div class=\"hidden\"><a href=\"https:\/\/semmelweis.hu\/bokayklinika\/files\/2026\/03\/RS232586_GV5A1524_scl.jpg\">\r\n        <img src=https:\/\/semmelweis.hu\/bokayklinika\/files\/2026\/03\/RS232586_GV5A1524_scl.jpg alt=\"Az oszt\u00e1lyon t\u00f6rekszenek r\u00e1, hogy akinek csak lehet, anyatejet adjanak, az \u00e1llapott\u00f3l f\u00fcgg\u0151en gyomorszond\u00e1n kereszt\u00fcl vagy cumis\u00fcvegb\u0151l.\" class=\"attachment-sote-gallery-big size-sote-gallery-big\" srcset=\"https:\/\/semmelweis.hu\/bokayklinika\/files\/2026\/03\/RS232586_GV5A1524_scl-400x267.jpg 400w, https:\/\/semmelweis.hu\/bokayklinika\/files\/2026\/03\/RS232586_GV5A1524_scl-1024x683.jpg 1024w, https:\/\/semmelweis.hu\/bokayklinika\/files\/2026\/03\/RS232586_GV5A1524_scl-768x512.jpg 768w, https:\/\/semmelweis.hu\/bokayklinika\/files\/2026\/03\/RS232586_GV5A1524_scl-753x502.jpg 753w, https:\/\/semmelweis.hu\/bokayklinika\/files\/2026\/03\/RS232586_GV5A1524_scl-203x135.jpg 203w, https:\/\/semmelweis.hu\/bokayklinika\/files\/2026\/03\/RS232586_GV5A1524_scl.jpg 1200w\" >\r\n        <\/a><\/div><\/span><span class=\"gallery-item\"><div class=\"hidden\"><a href=\"https:\/\/semmelweis.hu\/bokayklinika\/files\/2026\/03\/RS232626_GV5A1671_scl-2.jpg\">\r\n        <img src=https:\/\/semmelweis.hu\/bokayklinika\/files\/2026\/03\/RS232626_GV5A1671_scl-2.jpg alt=\"Az \u00e9desanya \u00e1ltal frissen lefejt anyatejet helyben paszt\u00f6riz\u00e1lj\u00e1k, n\u00e9vre sz\u00f3l\u00f3an c\u00edmk\u00e9zve teszik a h\u0171t\u0151be.\" class=\"attachment-sote-gallery-big size-sote-gallery-big\" srcset=\"https:\/\/semmelweis.hu\/bokayklinika\/files\/2026\/03\/RS232626_GV5A1671_scl-2-400x267.jpg 400w, https:\/\/semmelweis.hu\/bokayklinika\/files\/2026\/03\/RS232626_GV5A1671_scl-2-1024x683.jpg 1024w, https:\/\/semmelweis.hu\/bokayklinika\/files\/2026\/03\/RS232626_GV5A1671_scl-2-768x512.jpg 768w, https:\/\/semmelweis.hu\/bokayklinika\/files\/2026\/03\/RS232626_GV5A1671_scl-2-753x502.jpg 753w, https:\/\/semmelweis.hu\/bokayklinika\/files\/2026\/03\/RS232626_GV5A1671_scl-2-203x135.jpg 203w, https:\/\/semmelweis.hu\/bokayklinika\/files\/2026\/03\/RS232626_GV5A1671_scl-2.jpg 1200w\" >\r\n        <\/a><\/div><\/span><span class=\"gallery-item\"><div class=\"hidden\"><a href=\"https:\/\/semmelweis.hu\/bokayklinika\/files\/2026\/03\/RS232840_GV5A2808_scl.jpg\">\r\n        <img src=https:\/\/semmelweis.hu\/bokayklinika\/files\/2026\/03\/RS232840_GV5A2808_scl.jpg alt=\"\u201eHa neh\u00e9z is volt r\u00e9g, az er\u0151 m\u00e1r a mi\u00e9nk. Az a b\u00e1tors\u00e1g, az a k\u00fczd\u00e9s \u00e9s v\u00e1gy: a mi r\u00e9sz\u00fcnkk\u00e9 v\u00e1lt tal\u00e1n..\u201d \u2013 \u00edgy sz\u00f3l a dal*, amelyet az \u00e9desanya egy\u00fctt \u00e9nekel kisfi\u00e1nak Hazay T\u00edme\u00e1val, A te hangodat ismerem zenei program vezet\u0151j\u00e9vel. \u201eKapcsol\u00f3d\u00e1sra sz\u00fclet\u00fcnk, \u00e9s ezt a kapcsol\u00f3d\u00e1st seg\u00edtj\u00fck a baba \u00e9s a sz\u00fcl\u0151k k\u00f6z\u00f6tt a zene \u00e9s az \u00e9l\u0151 \u00e9neksz\u00f3 erej\u00e9vel \u2013 mondja Hazay T\u00edmea, aki hetente egyszer \u00e9rkezik az oszt\u00e1lyra. A m\u00e1ra m\u00e1r az orsz\u00e1g 11 PIC oszt\u00e1ly\u00e1n m\u0171k\u00f6d\u0151 program \u00e9ppen innen, a Semmelweis Egyetem gyermekklinik\u00e1j\u00e1r\u00f3l indult el tizenk\u00e9t \u00e9vvel ezel\u0151tt. *forr\u00e1s: A Korasz\u00fcl\u00f6ttek Vil\u00e1gnapj\u00e1ra c\u00edm\u0171 dal (zene \u00e9s sz\u00f6veg: Csizm\u00e1s \u00c1gnes)\" class=\"attachment-sote-gallery-big size-sote-gallery-big\" srcset=\"https:\/\/semmelweis.hu\/bokayklinika\/files\/2026\/03\/RS232840_GV5A2808_scl-400x267.jpg 400w, https:\/\/semmelweis.hu\/bokayklinika\/files\/2026\/03\/RS232840_GV5A2808_scl-1024x683.jpg 1024w, https:\/\/semmelweis.hu\/bokayklinika\/files\/2026\/03\/RS232840_GV5A2808_scl-768x512.jpg 768w, https:\/\/semmelweis.hu\/bokayklinika\/files\/2026\/03\/RS232840_GV5A2808_scl-753x502.jpg 753w, https:\/\/semmelweis.hu\/bokayklinika\/files\/2026\/03\/RS232840_GV5A2808_scl-203x135.jpg 203w, https:\/\/semmelweis.hu\/bokayklinika\/files\/2026\/03\/RS232840_GV5A2808_scl.jpg 1200w\" >\r\n        <\/a><\/div><\/span><span class=\"gallery-item\"><div class=\"hidden\"><a href=\"https:\/\/semmelweis.hu\/bokayklinika\/files\/2026\/03\/RS232621_GV5A1685_scl.jpg\">\r\n        <img src=https:\/\/semmelweis.hu\/bokayklinika\/files\/2026\/03\/RS232621_GV5A1685_scl.jpg alt=\"\" class=\"attachment-sote-gallery-big size-sote-gallery-big\" srcset=\"https:\/\/semmelweis.hu\/bokayklinika\/files\/2026\/03\/RS232621_GV5A1685_scl-400x267.jpg 400w, https:\/\/semmelweis.hu\/bokayklinika\/files\/2026\/03\/RS232621_GV5A1685_scl-1024x683.jpg 1024w, https:\/\/semmelweis.hu\/bokayklinika\/files\/2026\/03\/RS232621_GV5A1685_scl-768x512.jpg 768w, https:\/\/semmelweis.hu\/bokayklinika\/files\/2026\/03\/RS232621_GV5A1685_scl-753x502.jpg 753w, https:\/\/semmelweis.hu\/bokayklinika\/files\/2026\/03\/RS232621_GV5A1685_scl-203x135.jpg 203w, https:\/\/semmelweis.hu\/bokayklinika\/files\/2026\/03\/RS232621_GV5A1685_scl.jpg 1200w\" >\r\n        <\/a><\/div><\/span>\r\n            <\/div>\r\n\r\n            [\/slb_exclude]\r\n\t\n<p>Dobozi P\u00e1lma<br \/>\nFot\u00f3: Zellei Bogl\u00e1rka \u2013 Semmelweis Egyetem<br \/>\nForr\u00e1s: <a href=\"https:\/\/semmelweis.hu\/hirek\/2026\/03\/12\/egy-nap-a-semmelweis-egyetem-ujszulott-intenziv-osztalyan-egy-baba-utja-a-gyogyulas-fele\/\" target=\"_blank\" rel=\"noopener\">https:\/\/semmelweis.hu\/hirek\/2026\/03\/12\/egy-nap-a-semmelweis-egyetem-ujszulott-intenziv-osztalyan-egy-baba-utja-a-gyogyulas-fele\/<\/a><\/p>\n","protected":false},"excerpt":{"rendered":"<p>Vannak \u00fajsz\u00fcl\u00f6ttek, akiknek m\u00e1r \u00e9let\u00fck els\u0151 pillanatait\u00f3l meg kell k\u00fczdeni\u00fck a t\u00fal\u00e9l\u00e9s\u00e9rt \u00e9s a gy\u00f3gyul\u00e1s\u00e9rt. A Semmelweis Egyetem Gyermekgy\u00f3gy\u00e1szati Klinik\u00e1j\u00e1nak <a href=\"https:\/\/semmelweis.hu\/bokayklinika\/betegellatas\/fekvobeteg-ellatas\/pic-osztaly\/\">\u00dajsz\u00fcl\u00f6tt Intenz\u00edv Oszt\u00e1ly\u00e1n<\/a> (Perinat\u00e1lis Intenz\u00edv Centrum, PIC) olyan korasz\u00fcl\u00f6tt \u00e9s \u00e9rett, s\u00falyos \u00e1llapot\u00fa bab\u00e1kat \u00e1polnak, akik sz\u00fclet\u00e9s\u00fcket k\u00f6vet\u0151en intenz\u00edv ter\u00e1pi\u00e1ra szorulnak \u2013 legyen sz\u00f3 oxig\u00e9nhi\u00e1nyos \u00e1llapotr\u00f3l vagy m\u0171t\u00e9ti beavatkoz\u00e1st ig\u00e9nyl\u0151 k\u00f3rk\u00e9pr\u0151l. Orsz\u00e1gos szint\u0171 ell\u00e1t\u00f3k\u00e9nt itt a legs\u00falyosabb \u00e1llapot\u00fa &hellip;<\/p>\n","protected":false},"author":102391,"featured_media":8125,"comment_status":"closed","ping_status":"closed","sticky":false,"template":"","format":"standard","meta":{"_acf_changed":false,"footnotes":""},"categories":[1],"tags":[],"class_list":["post-8102","post","type-post","status-publish","format-standard","has-post-thumbnail","hentry","category-hirek"],"acf":[],"_links":{"self":[{"href":"https:\/\/semmelweis.hu\/bokayklinika\/wp-json\/wp\/v2\/posts\/8102","targetHints":{"allow":["GET"]}}],"collection":[{"href":"https:\/\/semmelweis.hu\/bokayklinika\/wp-json\/wp\/v2\/posts"}],"about":[{"href":"https:\/\/semmelweis.hu\/bokayklinika\/wp-json\/wp\/v2\/types\/post"}],"author":[{"embeddable":true,"href":"https:\/\/semmelweis.hu\/bokayklinika\/wp-json\/wp\/v2\/users\/102391"}],"replies":[{"embeddable":true,"href":"https:\/\/semmelweis.hu\/bokayklinika\/wp-json\/wp\/v2\/comments?post=8102"}],"version-history":[{"count":3,"href":"https:\/\/semmelweis.hu\/bokayklinika\/wp-json\/wp\/v2\/posts\/8102\/revisions"}],"predecessor-version":[{"id":8138,"href":"https:\/\/semmelweis.hu\/bokayklinika\/wp-json\/wp\/v2\/posts\/8102\/revisions\/8138"}],"wp:featuredmedia":[{"embeddable":true,"href":"https:\/\/semmelweis.hu\/bokayklinika\/wp-json\/wp\/v2\/media\/8125"}],"wp:attachment":[{"href":"https:\/\/semmelweis.hu\/bokayklinika\/wp-json\/wp\/v2\/media?parent=8102"}],"wp:term":[{"taxonomy":"category","embeddable":true,"href":"https:\/\/semmelweis.hu\/bokayklinika\/wp-json\/wp\/v2\/categories?post=8102"},{"taxonomy":"post_tag","embeddable":true,"href":"https:\/\/semmelweis.hu\/bokayklinika\/wp-json\/wp\/v2\/tags?post=8102"}],"curies":[{"name":"wp","href":"https:\/\/api.w.org\/{rel}","templated":true}]}}