{"id":6773,"date":"2025-02-04T10:28:57","date_gmt":"2025-02-04T09:28:57","guid":{"rendered":"https:\/\/semmelweis.hu\/bokayklinika\/?p=6773"},"modified":"2025-02-04T11:09:58","modified_gmt":"2025-02-04T10:09:58","slug":"traumabol-kozos-ugy-egy-szuloi-gyujtes-tortenete","status":"publish","type":"post","link":"https:\/\/semmelweis.hu\/bokayklinika\/2025\/02\/04\/traumabol-kozos-ugy-egy-szuloi-gyujtes-tortenete\/","title":{"rendered":"Traum\u00e1b\u00f3l k\u00f6z\u00f6s \u00fcgy \u2013 egy sz\u00fcl\u0151i gy\u0171jt\u00e9s t\u00f6rt\u00e9nete"},"content":{"rendered":"<p style=\"text-align: justify\"><strong>Bor\u00f3k\u00e1t, Emese \u00e9s \u00c1d\u00e1m kisl\u00e1ny\u00e1t, a sz\u00fclet\u00e9se k\u00f6zben fell\u00e9p\u0151 v\u00e1ratlan komplik\u00e1ci\u00f3k miatt a B\u00f3kay utcai r\u00e9szleg \u00dajsz\u00fcl\u00f6tt Intenz\u00edv Oszt\u00e1ly\u00e1ra sz\u00e1ll\u00edtott\u00e1k. Kezel\u0151orvosai, Dr. Szab\u00f3 Mikl\u00f3s \u00e9s Dr. M\u00e9der \u00dcn\u0151ke, az oxig\u00e9nhi\u00e1nyos \u00e1llapot okozta s\u00falyos idegrendszeri k\u00e1rosod\u00e1sok m\u00e9rs\u00e9kl\u00e9se v\u00e9gett azonnal h\u0171t\u00e9ster\u00e1pi\u00e1t rendeltek el. A kezel\u00e9s sikere megind\u00edtotta a sz\u00fcl\u0151p\u00e1rt: gy\u0171jt\u00e9st kezdem\u00e9nyeztek, amely olyan sikeres lett, hogy a B\u00f3kay Alap\u00edtv\u00e1ny t\u00f6bb t\u00edzmilli\u00f3 forint \u00e9rt\u00e9kben k\u00e9t \u00faj h\u0171t\u0151berendez\u00e9st v\u00e1s\u00e1rolhatott bel\u0151le.<\/strong><\/p>\n<p><img loading=\"lazy\" decoding=\"async\" class=\"aligncenter wp-image-6774 size-large\" src=\"https:\/\/semmelweis.hu\/bokayklinika\/files\/2025\/02\/1-1024x683.jpg\" alt=\"\" width=\"753\" height=\"502\" srcset=\"https:\/\/semmelweis.hu\/bokayklinika\/files\/2025\/02\/1-1024x683.jpg 1024w, https:\/\/semmelweis.hu\/bokayklinika\/files\/2025\/02\/1-400x267.jpg 400w, https:\/\/semmelweis.hu\/bokayklinika\/files\/2025\/02\/1-768x512.jpg 768w, https:\/\/semmelweis.hu\/bokayklinika\/files\/2025\/02\/1-753x502.jpg 753w, https:\/\/semmelweis.hu\/bokayklinika\/files\/2025\/02\/1-203x135.jpg 203w, https:\/\/semmelweis.hu\/bokayklinika\/files\/2025\/02\/1.jpg 1200w\" sizes=\"auto, (max-width: 753px) 100vw, 753px\" \/><\/p>\n<p>&nbsp;<\/p>\n<p><strong>Nem mindennapi kezel\u00e9s<\/strong><\/p>\n<p style=\"text-align: justify\">\u201e\u00c1ltal\u00e1noss\u00e1gban nagy figyelmet kell arra ford\u00edtani, hogy az \u00fajsz\u00fcl\u00f6ttek \u00e9s k\u00fcl\u00f6n\u00f6sen a korasz\u00fcl\u00f6ttek, ne h\u0171ljenek le a megsz\u00fclet\u00e9s ut\u00e1n. Egyetlen kiv\u00e9tel van, az a s\u00falyos betegs\u00e9g, amikor a baba oxig\u00e9nhi\u00e1nnyal j\u00f6n a vil\u00e1gra. Ekkor a szigor\u00faan kontroll\u00e1lt \u00e9s orvosilag fel\u00fcgyelt mesters\u00e9ges h\u0171t\u00e9s gy\u00f3gy\u00edt\u00f3 hat\u00e1s\u00fa, ugyanis megv\u00e9di a bab\u00e1kat az oxig\u00e9nhi\u00e1ny okozta agyk\u00e1rosod\u00e1st\u00f3l.\u201d \u2013 mondta Dr. Szab\u00f3 Mikl\u00f3s, az \u00dajsz\u00fcl\u00f6tt Intenz\u00edv Oszt\u00e1ly oszt\u00e1lyvezet\u0151 professzora.<\/p>\n<p style=\"text-align: justify\">A h\u0171t\u00e9ses kezel\u00e9st 2005 \u00f3ta alkalmazz\u00e1k a Klinika szakemberei, az\u00f3ta k\u00f6zel 1000 oxig\u00e9nhi\u00e1nyos bab\u00e1nak ny\u00fajtottak seg\u00edts\u00e9get az Oszt\u00e1lyon. \u201eMint minden g\u00e9p, a h\u0171t\u0151berendez\u00e9sek is elavulnak. A gy\u0171jt\u00e9s eredm\u00e9ny\u00e9nek k\u00f6sz\u00f6nhet\u0151en k\u00e9t vadonat \u00faj, korszer\u0171 g\u00e9ppel b\u0151v\u00fclt a h\u0171t\u0151berendez\u00e9si flotta. El\u00f6regedett, sok szolg\u00e1latot tett, k\u00f6zel 15 \u00e9ves g\u00e9peket tudtunk \u00edgy nyugd\u00edjazni.\u201d \u2013 tette hozz\u00e1 Dr. M\u00e9der \u00dcn\u0151ke neonatol\u00f3gus szakorvos.<\/p>\n<p><img loading=\"lazy\" decoding=\"async\" class=\"aligncenter wp-image-6775 size-large\" src=\"https:\/\/semmelweis.hu\/bokayklinika\/files\/2025\/02\/2-1024x683.jpg\" alt=\"\" width=\"753\" height=\"502\" srcset=\"https:\/\/semmelweis.hu\/bokayklinika\/files\/2025\/02\/2-1024x683.jpg 1024w, https:\/\/semmelweis.hu\/bokayklinika\/files\/2025\/02\/2-400x267.jpg 400w, https:\/\/semmelweis.hu\/bokayklinika\/files\/2025\/02\/2-768x512.jpg 768w, https:\/\/semmelweis.hu\/bokayklinika\/files\/2025\/02\/2-753x502.jpg 753w, https:\/\/semmelweis.hu\/bokayklinika\/files\/2025\/02\/2-203x135.jpg 203w, https:\/\/semmelweis.hu\/bokayklinika\/files\/2025\/02\/2.jpg 1200w\" sizes=\"auto, (max-width: 753px) 100vw, 753px\" \/><\/p>\n<p>&nbsp;<\/p>\n<p style=\"text-align: justify\"><strong>Nem mindennapi sz\u00fcl\u0151k<\/strong><\/p>\n<p style=\"text-align: justify\">Kev\u00e9s p\u00e9lda van arra, hogy egy traumatikus \u00e9lm\u00e9ny feldolgoz\u00e1sa j\u00f3t\u00e9konykod\u00e1son kereszt\u00fcl megy v\u00e9gbe. Az \u00dajsz\u00fcl\u00f6tt Intenz\u00edv Oszt\u00e1lyra ker\u00fcl\u0151 csal\u00e1dok alapvet\u0151 \u00e9lm\u00e9nye a trauma, a kr\u00edzis vagy a vesztes\u00e9g. A v\u00e1ratlan komplik\u00e1ci\u00f3k felbor\u00edtj\u00e1k az elv\u00e1r\u00e1sokat \u00e9s s\u00f6t\u00e9t j\u00f6v\u0151 k\u00e9p\u00e9t vet\u00edtik el\u0151re.<\/p>\n<p style=\"text-align: justify\">Emese \u00e9s \u00c1d\u00e1m a neh\u00e9z id\u0151szakon t\u00faljutva m\u00e1r azon gondolkodtak, hogyan tudn\u00e1nak seg\u00edteni a hozz\u00e1juk hasonl\u00f3 helyzetben l\u00e9v\u0151 csal\u00e1dokon: \u201eNagyon h\u00e1l\u00e1sak voltunk az\u00e9rt, hogy a szakemberek megmentett\u00e9k a gyermek\u00fcnk \u00e9let\u00e9t, \u00e9s ezt szerett\u00fck volna valahogyan viszonozni.\u201d \u2013 mondta Emese.<\/p>\n<p><img loading=\"lazy\" decoding=\"async\" class=\"aligncenter wp-image-6776 size-large\" src=\"https:\/\/semmelweis.hu\/bokayklinika\/files\/2025\/02\/3-1024x683.jpg\" alt=\"\" width=\"753\" height=\"502\" srcset=\"https:\/\/semmelweis.hu\/bokayklinika\/files\/2025\/02\/3-1024x683.jpg 1024w, https:\/\/semmelweis.hu\/bokayklinika\/files\/2025\/02\/3-400x267.jpg 400w, https:\/\/semmelweis.hu\/bokayklinika\/files\/2025\/02\/3-768x512.jpg 768w, https:\/\/semmelweis.hu\/bokayklinika\/files\/2025\/02\/3-753x502.jpg 753w, https:\/\/semmelweis.hu\/bokayklinika\/files\/2025\/02\/3-203x135.jpg 203w, https:\/\/semmelweis.hu\/bokayklinika\/files\/2025\/02\/3.jpg 1200w\" sizes=\"auto, (max-width: 753px) 100vw, 753px\" \/><\/p>\n<p style=\"text-align: justify\">\u201eSzerintem maga az adom\u00e1nygy\u0171jt\u00e9s is r\u00e9sze volt a traumafeldolgoz\u00e1sunknak. Meghat\u00f3 volt v\u00e9gig, akkor is, amikor benne voltunk a riportok k\u00e9sz\u00edt\u00e9s\u00e9ben, mert a kezdem\u00e9nyez\u00e9sr\u0151l a Telex \u00e9s a F\u00f3kusz is besz\u00e1molt, \u00e9s az OTP adom\u00e1nyoz\u00e1si programj\u00e1ba is beker\u00fclt\u00fcnk. Min\u00e9l t\u00f6bbet besz\u00e9lt\u00fcnk r\u00f3la, ann\u00e1l k\u00f6nnyebb lett. Mert m\u00e1r egy \u00fcggy\u00e9 v\u00e1lt igaz\u00e1b\u00f3l.\u201d\u00a0 &#8211; tette hozz\u00e1 \u00c1d\u00e1m.<\/p>\n<p><img loading=\"lazy\" decoding=\"async\" class=\"aligncenter wp-image-6777 size-large\" src=\"https:\/\/semmelweis.hu\/bokayklinika\/files\/2025\/02\/4-1024x683.jpg\" alt=\"\" width=\"753\" height=\"502\" srcset=\"https:\/\/semmelweis.hu\/bokayklinika\/files\/2025\/02\/4-1024x683.jpg 1024w, https:\/\/semmelweis.hu\/bokayklinika\/files\/2025\/02\/4-400x267.jpg 400w, https:\/\/semmelweis.hu\/bokayklinika\/files\/2025\/02\/4-768x512.jpg 768w, https:\/\/semmelweis.hu\/bokayklinika\/files\/2025\/02\/4-753x502.jpg 753w, https:\/\/semmelweis.hu\/bokayklinika\/files\/2025\/02\/4-203x135.jpg 203w, https:\/\/semmelweis.hu\/bokayklinika\/files\/2025\/02\/4.jpg 1200w\" sizes=\"auto, (max-width: 753px) 100vw, 753px\" \/><\/p>\n<p style=\"text-align: justify\">A riportok kapcs\u00e1n pedig megny\u00edltak a kommunik\u00e1ci\u00f3s csatorn\u00e1k is. \u201eEl\u0151sz\u00f6r nem nagyon besz\u00e9lt\u00fcnk m\u00e9g az ismer\u0151s\u00f6knek sem arr\u00f3l, hogy ez t\u00f6rt\u00e9nt vel\u00fcnk. Az\u00f3ta \u0151k is, \u00e9s m\u00e1r olyan anyuka is megkeresett, akinek a gyermeke itt kezdte az \u00e9let\u00e9t. Seg\u00edts\u00e9get k\u00e9rt a tapasztalatok megoszt\u00e1s\u00e1n kereszt\u00fcl, \u00e9s ez is egy nagyon j\u00f3 dolog, hogy \u00edgy seg\u00edthet\u00fcnk\u201d \u2013 \u00e1rulta el Emese.<\/p>\n<p style=\"text-align: justify\"><strong>Hipotermi\u00e1sk\u00e9sz\u00fcl\u00e9k-b\u00facs\u00faztat\u00f3 \u00e9s -avat\u00f3<\/strong><\/p>\n<p style=\"text-align: justify\">Janu\u00e1r 28-\u00e1n Dr. Szab\u00f3 Attila, a Gyermekgy\u00f3gy\u00e1szati Klinika igazgat\u00f3ja az Oszt\u00e1ly k\u00e9pvisel\u0151ivel \u00e9s a B\u00f3kay Alap\u00edtv\u00e1ny koordin\u00e1tor\u00e1val k\u00f6z\u00f6sen fogadt\u00e1k a csal\u00e1dot, ahol Emese, \u00c1d\u00e1m \u00e9s Bor\u00f3ka megn\u00e9zhett\u00e9k, milyen az \u00faj berendez\u00e9s.<\/p>\n<p style=\"text-align: justify\">Dr. Szab\u00f3 Attil\u00e1t\u00f3l megk\u00e9rdezt\u00fck, miben l\u00e1tja a gy\u0171jt\u00e9s siker\u00e9nek ok\u00e1t. \u201eEgy sz\u00fcl\u0151 sz\u00e1m\u00e1ra az egyik legnagyobb f\u00e9lelem, ha gyermeke \u00e9lete vesz\u00e9lyben forog. Emese \u00e9s \u00c1d\u00e1m t\u00f6rt\u00e9nete rengeteg csal\u00e1d sz\u00e1m\u00e1ra \u00e1t\u00e9lhet\u0151v\u00e9 tette ezt az \u00e9rz\u00e9st. Az \u0151 p\u00e9ld\u00e1juk megmutatta, hogy a neh\u00e9zs\u00e9g nemcsak f\u00e1jdalmat, hanem cselekv\u00e9st is sz\u00fclhet \u2013 hogy a tehetetlens\u00e9g \u00e9rz\u00e9se \u00e1talakulhat egy olyan kezdem\u00e9nyez\u00e9ss\u00e9, amely m\u00e1soknak is seg\u00edts\u00e9get ny\u00fajt. Az emberek tal\u00e1n ez\u00e9rt \u00e9reztek k\u00e9sztet\u00e9st arra, hogy t\u00e1mogass\u00e1k ezt az \u00fcgyet: mert a szeretet \u00e9s az \u00f6sszefog\u00e1s ereje mindannyiunk sz\u00e1m\u00e1ra egyetemes \u00e9rt\u00e9k\u201d \u2013 mondta a Klinika igazgat\u00f3ja.<\/p>\n<p><img loading=\"lazy\" decoding=\"async\" class=\"aligncenter wp-image-6778 size-large\" src=\"https:\/\/semmelweis.hu\/bokayklinika\/files\/2025\/02\/5-1024x683.jpg\" alt=\"\" width=\"753\" height=\"502\" srcset=\"https:\/\/semmelweis.hu\/bokayklinika\/files\/2025\/02\/5-1024x683.jpg 1024w, https:\/\/semmelweis.hu\/bokayklinika\/files\/2025\/02\/5-400x267.jpg 400w, https:\/\/semmelweis.hu\/bokayklinika\/files\/2025\/02\/5-768x512.jpg 768w, https:\/\/semmelweis.hu\/bokayklinika\/files\/2025\/02\/5-753x502.jpg 753w, https:\/\/semmelweis.hu\/bokayklinika\/files\/2025\/02\/5-203x135.jpg 203w, https:\/\/semmelweis.hu\/bokayklinika\/files\/2025\/02\/5.jpg 1200w\" sizes=\"auto, (max-width: 753px) 100vw, 753px\" \/><\/p>\n<p style=\"text-align: justify\">A tal\u00e1lkoz\u00f3 sor\u00e1n az egykori kezel\u0151orvosok ism\u00e9t tal\u00e1lkozhattak Bor\u00f3k\u00e1val, aki j\u00f3l van. A sz\u00fcl\u0151k el\u00e1rult\u00e1k, hogy kort\u00e1rsaihoz k\u00e9pest a nagymozg\u00e1sokban m\u00e9g kisfok\u00fa lemarad\u00e1s tapasztalhat\u00f3, de a szakemberek megl\u00e1t\u00e1sa szerint nagyon j\u00f3l reag\u00e1l a kezel\u00e9sekre, a mozg\u00e1skoordin\u00e1ci\u00f3 fejleszthet\u0151.<\/p>\n<p><img loading=\"lazy\" decoding=\"async\" class=\"aligncenter wp-image-6779 size-large\" src=\"https:\/\/semmelweis.hu\/bokayklinika\/files\/2025\/02\/6-1024x683.jpg\" alt=\"\" width=\"753\" height=\"502\" srcset=\"https:\/\/semmelweis.hu\/bokayklinika\/files\/2025\/02\/6-1024x683.jpg 1024w, https:\/\/semmelweis.hu\/bokayklinika\/files\/2025\/02\/6-400x267.jpg 400w, https:\/\/semmelweis.hu\/bokayklinika\/files\/2025\/02\/6-768x512.jpg 768w, https:\/\/semmelweis.hu\/bokayklinika\/files\/2025\/02\/6-753x502.jpg 753w, https:\/\/semmelweis.hu\/bokayklinika\/files\/2025\/02\/6-203x135.jpg 203w, https:\/\/semmelweis.hu\/bokayklinika\/files\/2025\/02\/6.jpg 1200w\" sizes=\"auto, (max-width: 753px) 100vw, 753px\" \/><\/p>\n<p style=\"text-align: justify\">H\u00e1l\u00e1san k\u00f6sz\u00f6nj\u00fck Emes\u00e9nek \u00e9s \u00c1d\u00e1mnak, hogy szem\u00e9lyes t\u00f6rt\u00e9net\u00fcket egy nemes \u00fcgy szolg\u00e1lat\u00e1ba \u00e1ll\u00edtott\u00e1k. Az \u0151 elk\u00f6telezetts\u00e9g\u00fck \u00e9s seg\u00edteni akar\u00e1suk nemcsak Bor\u00f3k\u00e1nak, hanem a j\u00f6v\u0151ben hozz\u00e1nk \u00e9rkez\u0151 sok-sok \u00fajsz\u00fcl\u00f6ttnek is es\u00e9lyt ad egy eg\u00e9szs\u00e9gesebb \u00e9letre.<\/p>\n<p style=\"text-align: justify\">K\u00f6sz\u00f6nj\u00fck a Telexnek, a F\u00f3kusznak \u00e9s az OTP Bank adom\u00e1nyoz\u00e1si programj\u00e1nak, hogy felkarolt\u00e1k a t\u00f6rt\u00e9netet, \u00e9s seg\u00edtettek eljuttatni az \u00fczenetet a sz\u00e9lesebb k\u00f6z\u00f6ns\u00e9ghez. A nyilv\u00e1noss\u00e1g t\u00e1mogat\u00e1sa kulcsfontoss\u00e1g\u00fa abban, hogy min\u00e9l t\u00f6bb emberhez eljusson a seg\u00edts\u00e9gny\u00fajt\u00e1s lehet\u0151s\u00e9ge, \u00e9s egy\u00fctt m\u00e9g t\u00f6bbet tehess\u00fcnk a legkisebbek\u00e9rt.<\/p>\n<p style=\"text-align: justify\">\u00a0<\/p>\n<p style=\"text-align: justify\">\u00a0<\/p>\n","protected":false},"excerpt":{"rendered":"<p>Bor\u00f3k\u00e1t, Emese \u00e9s \u00c1d\u00e1m kisl\u00e1ny\u00e1t, a sz\u00fclet\u00e9se k\u00f6zben fell\u00e9p\u0151 v\u00e1ratlan komplik\u00e1ci\u00f3k miatt a B\u00f3kay utcai r\u00e9szleg \u00dajsz\u00fcl\u00f6tt Intenz\u00edv Oszt\u00e1ly\u00e1ra sz\u00e1ll\u00edtott\u00e1k. Kezel\u0151orvosai, Dr. Szab\u00f3 Mikl\u00f3s \u00e9s Dr. M\u00e9der \u00dcn\u0151ke, az oxig\u00e9nhi\u00e1nyos \u00e1llapot okozta s\u00falyos idegrendszeri k\u00e1rosod\u00e1sok m\u00e9rs\u00e9kl\u00e9se v\u00e9gett azonnal h\u0171t\u00e9ster\u00e1pi\u00e1t rendeltek el. A kezel\u00e9s sikere megind\u00edtotta a sz\u00fcl\u0151p\u00e1rt: gy\u0171jt\u00e9st kezdem\u00e9nyeztek, amely olyan sikeres lett, hogy a &hellip;<\/p>\n","protected":false},"author":101602,"featured_media":6783,"comment_status":"closed","ping_status":"closed","sticky":false,"template":"","format":"standard","meta":{"_acf_changed":false,"footnotes":""},"categories":[1],"tags":[],"class_list":["post-6773","post","type-post","status-publish","format-standard","has-post-thumbnail","hentry","category-hirek"],"acf":[],"_links":{"self":[{"href":"https:\/\/semmelweis.hu\/bokayklinika\/wp-json\/wp\/v2\/posts\/6773","targetHints":{"allow":["GET"]}}],"collection":[{"href":"https:\/\/semmelweis.hu\/bokayklinika\/wp-json\/wp\/v2\/posts"}],"about":[{"href":"https:\/\/semmelweis.hu\/bokayklinika\/wp-json\/wp\/v2\/types\/post"}],"author":[{"embeddable":true,"href":"https:\/\/semmelweis.hu\/bokayklinika\/wp-json\/wp\/v2\/users\/101602"}],"replies":[{"embeddable":true,"href":"https:\/\/semmelweis.hu\/bokayklinika\/wp-json\/wp\/v2\/comments?post=6773"}],"version-history":[{"count":5,"href":"https:\/\/semmelweis.hu\/bokayklinika\/wp-json\/wp\/v2\/posts\/6773\/revisions"}],"predecessor-version":[{"id":6784,"href":"https:\/\/semmelweis.hu\/bokayklinika\/wp-json\/wp\/v2\/posts\/6773\/revisions\/6784"}],"wp:featuredmedia":[{"embeddable":true,"href":"https:\/\/semmelweis.hu\/bokayklinika\/wp-json\/wp\/v2\/media\/6783"}],"wp:attachment":[{"href":"https:\/\/semmelweis.hu\/bokayklinika\/wp-json\/wp\/v2\/media?parent=6773"}],"wp:term":[{"taxonomy":"category","embeddable":true,"href":"https:\/\/semmelweis.hu\/bokayklinika\/wp-json\/wp\/v2\/categories?post=6773"},{"taxonomy":"post_tag","embeddable":true,"href":"https:\/\/semmelweis.hu\/bokayklinika\/wp-json\/wp\/v2\/tags?post=6773"}],"curies":[{"name":"wp","href":"https:\/\/api.w.org\/{rel}","templated":true}]}}