{"id":4478,"date":"2023-05-30T07:19:14","date_gmt":"2023-05-30T05:19:14","guid":{"rendered":"https:\/\/semmelweis.hu\/bokayklinika\/?p=4478"},"modified":"2023-05-30T07:19:14","modified_gmt":"2023-05-30T05:19:14","slug":"8-tour-de-bokay-2023-junius-11","status":"publish","type":"post","link":"https:\/\/semmelweis.hu\/bokayklinika\/2023\/05\/30\/8-tour-de-bokay-2023-junius-11\/","title":{"rendered":"8. Tour de B\u00f3kay &#8211; 2023. j\u00fanius 11."},"content":{"rendered":"<div class=\"xdj266r x11i5rnm xat24cr x1mh8g0r x1vvkbs x126k92a\">\n<div dir=\"auto\" style=\"text-align: justify\">Kedves Sz\u00fcl\u0151k \u00e9s Gyerekek!<\/div>\n<div dir=\"auto\" style=\"text-align: justify\">\u00a0<\/div>\n<\/div>\n<div class=\"x11i5rnm xat24cr x1mh8g0r x1vvkbs xtlvy1s x126k92a\" style=\"text-align: justify\">\n<div dir=\"auto\">Mi m\u00e1r nagyon v\u00e1rjuk a legkedvesebb rendezv\u00e9ny\u00fcnket, a 8. Tour de B\u00f3kayt, rem\u00e9lj\u00fck, hogy j\u00fanius 11-\u00e9n min\u00e9l t\u00f6bbetekkel tal\u00e1lkozhatunk!\u00a0<\/div>\n<\/div>\n<div class=\"x11i5rnm xat24cr x1mh8g0r x1vvkbs xtlvy1s x126k92a\" style=\"text-align: justify\">\n<div dir=\"auto\">Sok-sok sz\u00ednes programmal k\u00e9sz\u00fcl\u00fcnk ism\u00e9t, itt megtal\u00e1ltok minden inform\u00e1ci\u00f3t:<\/div>\n<div dir=\"auto\"><a class=\"x1i10hfl xjbqb8w x6umtig x1b1mbwd xaqea5y xav7gou x9f619 x1ypdohk xt0psk2 xe8uvvx xdj266r x11i5rnm xat24cr x1mh8g0r xexx8yu x4uap5 x18d9i69 xkhd6sd x16tdsg8 x1hl2dhg xggy1nq x1a2a7pz xt0b8zv x1qq9wsj xo1l8bm\" href=\"https:\/\/www.facebook.com\/events\/555415083422238\/?__cft__[0]=AZWoYu2wOlHZrt9WVeDDtvF7ytcxj9TWy83OT0SvhMsw5wFf14jEobXegzxQcbXc3KTXxgDEWcAkC7Prw4ORMYx5r8IT3DcliZvvB5rW6kDyr7_Aj21Uf0iu2XdX7zLcjaex1N9hh0jKH7OTjb5A2fUDmr2gqS60_qszvwDKd2RgIykvDoPijr8K2s5w5U1Oxms&amp;__tn__=-UK-R\"><span class=\"xt0psk2\">https:\/\/www.facebook.com\/events\/555415083422238<\/span><\/a><\/div>\n<\/div>\n<div class=\"x11i5rnm xat24cr x1mh8g0r x1vvkbs xtlvy1s x126k92a\" style=\"text-align: justify\">\n<div dir=\"auto\">A QR k\u00f3d seg\u00edts\u00e9g\u00e9vel, pedig felvehetitek a napt\u00e1rotokba az esem\u00e9nyt!\u00a0<\/div>\n<div dir=\"auto\">\u00a0<\/div>\n<\/div>\n<div class=\"x11i5rnm xat24cr x1mh8g0r x1vvkbs xtlvy1s x126k92a\" style=\"text-align: justify\">\n<div dir=\"auto\">Gyertek el, k\u00f6ss\u00fck \u00f6ssze a sportot \u00e9s a j\u00f3t\u00e9konys\u00e1got: kicsik \u00e9s nagyok bicikliz\u00fcnk egy\u00fctt az eg\u00e9szs\u00e9g\u00fcnk\u00e9rt \u00e9s a Gyermekklinik\u00e1n gy\u00f3gyul\u00f3 gyermekek\u00e9rt!\u00a0<\/div>\n<\/div>\n<div class=\"x11i5rnm xat24cr x1mh8g0r x1vvkbs xtlvy1s x126k92a\" style=\"text-align: justify\">\n<div dir=\"auto\">\u00a0<\/div>\n<\/div>\n<div class=\"x11i5rnm xat24cr x1mh8g0r x1vvkbs xtlvy1s x126k92a\">\n<div dir=\"auto\" style=\"text-align: justify\">&#8212;&#8212;&#8212;&#8212;&#8212;&#8212;&#8212;&#8212;&#8212;&#8212;&#8212;&#8212;&#8212;&#8212;-<\/div>\n<div dir=\"auto\" style=\"text-align: justify\">Ha nem tudsz r\u00e9szt venni a rendezv\u00e9nyen, k\u00e9rj\u00fck t\u00e1mogasd c\u00e9lunkat Alap\u00edtv\u00e1nyunkon kereszt\u00fcl!<\/div>\n<div dir=\"auto\" style=\"text-align: justify\">\u201eEgy kicsit a Kicsiknek\u201d<\/div>\n<div dir=\"auto\" style=\"text-align: justify\">B\u00f3kay Gyermekklinik\u00e1\u00e9rt K\u00f6zhaszn\u00fa Alap\u00edtv\u00e1ny<\/div>\n<div dir=\"auto\" style=\"text-align: justify\"><a class=\"x1i10hfl xjbqb8w x6umtig x1b1mbwd xaqea5y xav7gou x9f619 x1ypdohk xt0psk2 xe8uvvx xdj266r x11i5rnm xat24cr x1mh8g0r xexx8yu x4uap5 x18d9i69 xkhd6sd x16tdsg8 x1hl2dhg xggy1nq x1a2a7pz xt0b8zv x1fey0fg\" href=\"https:\/\/l.facebook.com\/l.php?u=http%3A%2F%2Fbokaygyermekklinika.hu%2F%3Ffbclid%3DIwAR102PL47CKQWT3NZKYpH0mq_pui0y5VVS6vMCNn19vHzIxW-TgIl_RDp-Y&amp;h=AT0NQVRdns_NlacPOF5ZH-2cJUzTN-B0T9RIG5wW5CZN6FANLrzzUh_y3ZoydXADYGMdc2G-lSucElAXsGXJB45FC5e6P3yw8p9EChNeiwYK9I5UKptszY0kuHXYPf-bIxOv&amp;__tn__=-UK-R&amp;c[0]=AT3gj4Hm8W1zyasbrGsSLRirRUijn6pf05b7TMeqXwcXc4jsP_Vyn5MGCMKesl-4JvTbubngiKa3Xf8cxXchsVZXoIljtUbjJ8iAQcXjd8uo7-apOJ3T1QwfwrJU5GpYKCofYHJj_uP1_-ybBIuHgBxTewNVMpBhlXG6CqsIjRQGBugjpBFSJx7SujEEuGKIrRsTX3a1e29R\" target=\"_blank\" rel=\"nofollow noopener noreferrer\">http:\/\/bokaygyermekklinika.hu\/<\/a><\/div>\n<div dir=\"auto\" style=\"text-align: justify\">Banksz\u00e1mlasz\u00e1m: 10403387-00031000-00000008<\/div>\n<div dir=\"auto\" style=\"text-align: justify\">Ad\u00f3sz\u00e1m: 18222432-1-42<\/div>\n<\/div>\n<div dir=\"auto\">\u00a0<\/div>\n<div dir=\"auto\"><img loading=\"lazy\" decoding=\"async\" class=\"size-medium wp-image-4479 aligncenter\" src=\"https:\/\/semmelweis.hu\/bokayklinika\/files\/2023\/05\/348941019_914247629813476_5795809286494760690_n-400x400.jpg\" alt=\"\" width=\"400\" height=\"400\" srcset=\"https:\/\/semmelweis.hu\/bokayklinika\/files\/2023\/05\/348941019_914247629813476_5795809286494760690_n-400x400.jpg 400w, https:\/\/semmelweis.hu\/bokayklinika\/files\/2023\/05\/348941019_914247629813476_5795809286494760690_n-150x150.jpg 150w, https:\/\/semmelweis.hu\/bokayklinika\/files\/2023\/05\/348941019_914247629813476_5795809286494760690_n.jpg 526w\" sizes=\"auto, (max-width: 400px) 100vw, 400px\" \/><\/div>\n","protected":false},"excerpt":{"rendered":"<p>Kedves Sz\u00fcl\u0151k \u00e9s Gyerekek! \u00a0 Mi m\u00e1r nagyon v\u00e1rjuk a legkedvesebb rendezv\u00e9ny\u00fcnket, a 8. Tour de B\u00f3kayt, rem\u00e9lj\u00fck, hogy j\u00fanius 11-\u00e9n min\u00e9l t\u00f6bbetekkel tal\u00e1lkozhatunk!\u00a0 Sok-sok sz\u00ednes programmal k\u00e9sz\u00fcl\u00fcnk ism\u00e9t, itt megtal\u00e1ltok minden inform\u00e1ci\u00f3t: <a class=\"x1i10hfl xjbqb8w x6umtig x1b1mbwd xaqea5y xav7gou x9f619 x1ypdohk xt0psk2 xe8uvvx xdj266r x11i5rnm xat24cr x1mh8g0r xexx8yu x4uap5 x18d9i69 xkhd6sd x16tdsg8 x1hl2dhg xggy1nq x1a2a7pz xt0b8zv x1qq9wsj xo1l8bm\" href=\"https:\/\/www.facebook.com\/events\/555415083422238\/?__cft__[0]=AZWoYu2wOlHZrt9WVeDDtvF7ytcxj9TWy83OT0SvhMsw5wFf14jEobXegzxQcbXc3KTXxgDEWcAkC7Prw4ORMYx5r8IT3DcliZvvB5rW6kDyr7_Aj21Uf0iu2XdX7zLcjaex1N9hh0jKH7OTjb5A2fUDmr2gqS60_qszvwDKd2RgIykvDoPijr8K2s5w5U1Oxms&amp;__tn__=-UK-R\">https:\/\/www.facebook.com\/events\/555415083422238<\/a> A QR k\u00f3d seg\u00edts\u00e9g\u00e9vel, pedig felvehetitek a napt\u00e1rotokba az esem\u00e9nyt!\u00a0 \u00a0 Gyertek el, k\u00f6ss\u00fck \u00f6ssze a sportot \u00e9s a j\u00f3t\u00e9konys\u00e1got: kicsik \u00e9s &hellip;<\/p>\n","protected":false},"author":101853,"featured_media":4479,"comment_status":"closed","ping_status":"closed","sticky":false,"template":"","format":"standard","meta":{"_acf_changed":false,"footnotes":""},"categories":[1],"tags":[],"class_list":["post-4478","post","type-post","status-publish","format-standard","has-post-thumbnail","hentry","category-hirek"],"acf":[],"_links":{"self":[{"href":"https:\/\/semmelweis.hu\/bokayklinika\/wp-json\/wp\/v2\/posts\/4478","targetHints":{"allow":["GET"]}}],"collection":[{"href":"https:\/\/semmelweis.hu\/bokayklinika\/wp-json\/wp\/v2\/posts"}],"about":[{"href":"https:\/\/semmelweis.hu\/bokayklinika\/wp-json\/wp\/v2\/types\/post"}],"author":[{"embeddable":true,"href":"https:\/\/semmelweis.hu\/bokayklinika\/wp-json\/wp\/v2\/users\/101853"}],"replies":[{"embeddable":true,"href":"https:\/\/semmelweis.hu\/bokayklinika\/wp-json\/wp\/v2\/comments?post=4478"}],"version-history":[{"count":1,"href":"https:\/\/semmelweis.hu\/bokayklinika\/wp-json\/wp\/v2\/posts\/4478\/revisions"}],"predecessor-version":[{"id":4480,"href":"https:\/\/semmelweis.hu\/bokayklinika\/wp-json\/wp\/v2\/posts\/4478\/revisions\/4480"}],"wp:featuredmedia":[{"embeddable":true,"href":"https:\/\/semmelweis.hu\/bokayklinika\/wp-json\/wp\/v2\/media\/4479"}],"wp:attachment":[{"href":"https:\/\/semmelweis.hu\/bokayklinika\/wp-json\/wp\/v2\/media?parent=4478"}],"wp:term":[{"taxonomy":"category","embeddable":true,"href":"https:\/\/semmelweis.hu\/bokayklinika\/wp-json\/wp\/v2\/categories?post=4478"},{"taxonomy":"post_tag","embeddable":true,"href":"https:\/\/semmelweis.hu\/bokayklinika\/wp-json\/wp\/v2\/tags?post=4478"}],"curies":[{"name":"wp","href":"https:\/\/api.w.org\/{rel}","templated":true}]}}