{"id":4475,"date":"2023-05-30T07:15:05","date_gmt":"2023-05-30T05:15:05","guid":{"rendered":"https:\/\/semmelweis.hu\/bokayklinika\/?p=4475"},"modified":"2023-05-30T07:15:05","modified_gmt":"2023-05-30T05:15:05","slug":"korultekintes-a-steg-epuleteben","status":"publish","type":"post","link":"https:\/\/semmelweis.hu\/bokayklinika\/2023\/05\/30\/korultekintes-a-steg-epuleteben\/","title":{"rendered":"K\u00f6r\u00fcltekint\u00e9s a St\u00e9G \u00e9p\u00fclet\u00e9ben"},"content":{"rendered":"<div class=\"xdj266r x11i5rnm xat24cr x1mh8g0r x1vvkbs x126k92a\">\n<div dir=\"auto\" style=\"text-align: justify\">A Semmelweis Egyetem Gyermekklinik\u00e1j\u00e1nak B\u00f3kay utcai r\u00e9szlege \u00e9s a Seb\u00e9szeti Transzplant\u00e1ci\u00f3s \u00e9s Gasztroenterol\u00f3giai Klinik\u00e1ja (St\u00e9G) \u00e9vek \u00f3ta k\u00f6z\u00f6sen ut\u00f3gondozza a szerv\u00e1t\u00fcltetett betegeket. M\u00e1jus 13-\u00e1n a transzplant\u00e1ltak \u00e9s sz\u00fcleik bej\u00e1rhatt\u00e1k a St\u00e9G \u00e9p\u00fclet\u00e9t \u00e9s betegell\u00e1t\u00f3 helyis\u00e9geit is.<\/div>\n<\/div>\n<div class=\"x11i5rnm xat24cr x1mh8g0r x1vvkbs xtlvy1s x126k92a\">\n<div dir=\"auto\" style=\"text-align: justify\">Szab\u00f3 Attila klinikai rektorhelyettes, a Gyermekgy\u00f3gy\u00e1szati Klinika igazgat\u00f3ja megnyit\u00f3 besz\u00e9d\u00e9ben eml\u00e9keztetett r\u00e1, hogy a Gyermekklinik\u00e1n 184 \u00e9ve l\u00e1tnak el beteg gyermekeket, t\u00f6bb mint 30 \u00e9ve pedig transzplant\u00e1lt gyerekek gondoz\u00e1s\u00e1val is foglalkoznak. Napjaink szerv\u00e1t\u00fcltet\u00e9si tev\u00e9kenys\u00e9g\u00e9nek \u00e9s sikeres ut\u00f3gondoz\u00e1s\u00e1nak k\u00f6sz\u00f6nhet\u0151en sz\u00e1mos gyermek \u00e9s fiatal kor\u00fa \u00e9lhet teljes \u00e9letet \u2013 fogalmazott. Kiemelte azt a prec\u00edz, \u00f6sszehangolt csapatmunk\u00e1t, ami n\u00e9lk\u00fcl\u00f6zhetetlen a sikeres transzplant\u00e1ci\u00f3hoz.<\/div>\n<\/div>\n<div class=\"x11i5rnm xat24cr x1mh8g0r x1vvkbs xtlvy1s x126k92a\">\n<div dir=\"auto\"><a class=\"x1i10hfl xjbqb8w x6umtig x1b1mbwd xaqea5y xav7gou x9f619 x1ypdohk xt0psk2 xe8uvvx xdj266r x11i5rnm xat24cr x1mh8g0r xexx8yu x4uap5 x18d9i69 xkhd6sd x16tdsg8 x1hl2dhg xggy1nq x1a2a7pz xt0b8zv x1fey0fg\" href=\"https:\/\/l.facebook.com\/l.php?u=http%3A%2F%2Fmedicalonline.hu%2Fgyogyitas%2Fcikk%2Ftranszplantacios_tranzicios_nap_a_semmelweis_egyetemen%3Ffbclid%3DIwAR0s3y84cnrF-HGteL0MPLmB6R4TZ_utFmndEQ9cvzf23ZpeX9_0Ruc7Uro&amp;h=AT0xx2LEk4ZCjIPjLcp6AwNNgtEBfbbRk-5f7H_Thl52uAZ39ixjxvCM6tnucYiOkXsWu36NvBCxdWWU3fVWAM_HdSC1QrMCKxUtJzSCQqfR6kAfMMilwds4OAqk0UNKE9Fq&amp;__tn__=-UK-R&amp;c[0]=AT3SvxZHhoSOZOWZ_dA88y6EH5IGjnIAnGTfrml7G4yfLKB7yg9dBspTcRczA1HFq-MLFSdclzZIMDPJuJIXNipoPuC0PpRA52cnkCRrbmKME91H5dIgZ1-coisaKMTFz2DJiXrq6ZdomxOTIuReZvpt2azgjydcDU5c_GHx5Dx2099RwpQ47fqfcq9RCQHpTmy_HJPPeTN6\" target=\"_blank\" rel=\"nofollow noopener noreferrer\">http:\/\/medicalonline.hu\/&#8230;\/transzplantacios_tranzicios&#8230;<\/a><\/div>\n<\/div>\n","protected":false},"excerpt":{"rendered":"<p>A Semmelweis Egyetem Gyermekklinik\u00e1j\u00e1nak B\u00f3kay utcai r\u00e9szlege \u00e9s a Seb\u00e9szeti Transzplant\u00e1ci\u00f3s \u00e9s Gasztroenterol\u00f3giai Klinik\u00e1ja (St\u00e9G) \u00e9vek \u00f3ta k\u00f6z\u00f6sen ut\u00f3gondozza a szerv\u00e1t\u00fcltetett betegeket. M\u00e1jus 13-\u00e1n a transzplant\u00e1ltak \u00e9s sz\u00fcleik bej\u00e1rhatt\u00e1k a St\u00e9G \u00e9p\u00fclet\u00e9t \u00e9s betegell\u00e1t\u00f3 helyis\u00e9geit is. Szab\u00f3 Attila klinikai rektorhelyettes, a Gyermekgy\u00f3gy\u00e1szati Klinika igazgat\u00f3ja megnyit\u00f3 besz\u00e9d\u00e9ben eml\u00e9keztetett r\u00e1, hogy a Gyermekklinik\u00e1n 184 \u00e9ve l\u00e1tnak el &hellip;<\/p>\n","protected":false},"author":101853,"featured_media":4476,"comment_status":"closed","ping_status":"closed","sticky":false,"template":"","format":"standard","meta":{"_acf_changed":false,"footnotes":""},"categories":[1],"tags":[],"class_list":["post-4475","post","type-post","status-publish","format-standard","has-post-thumbnail","hentry","category-hirek"],"acf":[],"_links":{"self":[{"href":"https:\/\/semmelweis.hu\/bokayklinika\/wp-json\/wp\/v2\/posts\/4475","targetHints":{"allow":["GET"]}}],"collection":[{"href":"https:\/\/semmelweis.hu\/bokayklinika\/wp-json\/wp\/v2\/posts"}],"about":[{"href":"https:\/\/semmelweis.hu\/bokayklinika\/wp-json\/wp\/v2\/types\/post"}],"author":[{"embeddable":true,"href":"https:\/\/semmelweis.hu\/bokayklinika\/wp-json\/wp\/v2\/users\/101853"}],"replies":[{"embeddable":true,"href":"https:\/\/semmelweis.hu\/bokayklinika\/wp-json\/wp\/v2\/comments?post=4475"}],"version-history":[{"count":1,"href":"https:\/\/semmelweis.hu\/bokayklinika\/wp-json\/wp\/v2\/posts\/4475\/revisions"}],"predecessor-version":[{"id":4477,"href":"https:\/\/semmelweis.hu\/bokayklinika\/wp-json\/wp\/v2\/posts\/4475\/revisions\/4477"}],"wp:featuredmedia":[{"embeddable":true,"href":"https:\/\/semmelweis.hu\/bokayklinika\/wp-json\/wp\/v2\/media\/4476"}],"wp:attachment":[{"href":"https:\/\/semmelweis.hu\/bokayklinika\/wp-json\/wp\/v2\/media?parent=4475"}],"wp:term":[{"taxonomy":"category","embeddable":true,"href":"https:\/\/semmelweis.hu\/bokayklinika\/wp-json\/wp\/v2\/categories?post=4475"},{"taxonomy":"post_tag","embeddable":true,"href":"https:\/\/semmelweis.hu\/bokayklinika\/wp-json\/wp\/v2\/tags?post=4475"}],"curies":[{"name":"wp","href":"https:\/\/api.w.org\/{rel}","templated":true}]}}