{"id":4431,"date":"2023-05-22T12:51:09","date_gmt":"2023-05-22T10:51:09","guid":{"rendered":"https:\/\/semmelweis.hu\/bokayklinika\/?p=4431"},"modified":"2023-05-22T12:51:09","modified_gmt":"2023-05-22T10:51:09","slug":"ultrabalaton-futoverseny","status":"publish","type":"post","link":"https:\/\/semmelweis.hu\/bokayklinika\/2023\/05\/22\/ultrabalaton-futoverseny\/","title":{"rendered":"Ultrabalaton Fut\u00f3verseny"},"content":{"rendered":"<div class=\"xdj266r x11i5rnm xat24cr x1mh8g0r x1vvkbs x126k92a\">\n<div dir=\"auto\" style=\"text-align: justify\">A Balatonr\u00f3l mindekinek a f\u00fcrd\u00e9s, nyaral\u00e1s, l\u00e1ngos \u00e9s fagyi jut el\u0151sz\u00f6r esz\u00e9be. De a Balaton nem csak err\u0151l sz\u00f3l. Minden \u00e9vben megrendezik az Ultrabalaton fut\u00f3versenyt, ami sor\u00e1n csapatok \u00e9s egy\u00e9ni versenyz\u0151k is k\u00f6rbefutj\u00e1k Magyarorsz\u00e1g legnagyobb tav\u00e1t. Ez az els\u0151re k\u00e9ptelennek t\u0171n\u0151 kih\u00edv\u00e1s nagyszer\u0171 k\u00f6z\u00f6ss\u00e9gi \u00e9s sport\u00e9lm\u00e9ny.<\/div>\n<\/div>\n<div class=\"x11i5rnm xat24cr x1mh8g0r x1vvkbs xtlvy1s x126k92a\" style=\"text-align: justify\">\n<div dir=\"auto\">A <a class=\"x1i10hfl xjbqb8w x6umtig x1b1mbwd xaqea5y xav7gou x9f619 x1ypdohk xt0psk2 xe8uvvx xdj266r x11i5rnm xat24cr x1mh8g0r xexx8yu x4uap5 x18d9i69 xkhd6sd x16tdsg8 x1hl2dhg xggy1nq x1a2a7pz xt0b8zv x1qq9wsj xo1l8bm\" href=\"https:\/\/www.facebook.com\/gyermekklinika?__cft__[0]=AZVdYVcbyv_LWgvocdwuvqALtMavrEA64OhFJnSI5Vv55EX1548PB_U_FaYEUAhGUp3kGzQK4T9TE4_1U6ldCcAHgHkkcjUsg_xXkRGlbC71BiHIdlkvprgHrSMWQLA0OZcda-EcwINplK_B2O-OzZpJsAB35CIrBVwnNxM96qFEZM7Ihs4VLns5QieW20kHJSU&amp;__tn__=-]K-R\"><span class=\"xt0psk2\">B\u00f3kay Gyermekklinika<\/span><\/a>-r\u00f3l id\u00e9n is k\u00e9t csapat teljes\u00edtette a 211 km-es t\u00e1vot, \u00e9jjel-nappal, hajnalban \u00e9s alkonyatkor, folyamatos mozg\u00e1sban.<\/div>\n<\/div>\n<div class=\"x11i5rnm xat24cr x1mh8g0r x1vvkbs xtlvy1s x126k92a\" style=\"text-align: justify\">\n<div dir=\"auto\">Mi a B\u00f3kay Gyerekek, \u00e9s az UB\u00f3kay csapat\u00e1nak tagjai ezzel a teljes\u00edtm\u00e9nnyel is az eg\u00e9szs\u00e9g, a mozg\u00e1s \u00e9rt\u00e9keinek fontoss\u00e1g\u00e1t \u00fczenj\u00fck.<\/div>\n<div dir=\"auto\">\u00a0<\/div>\n<\/div>\n<div class=\"x11i5rnm xat24cr x1mh8g0r x1vvkbs xtlvy1s x126k92a\" style=\"text-align: justify\">\n<div dir=\"auto\">Gratul\u00e1lunk mindk\u00e9t csapatnak!<\/div>\n<\/div>\n<div class=\"x11i5rnm xat24cr x1mh8g0r x1vvkbs xtlvy1s x126k92a\">\n<div dir=\"auto\" style=\"text-align: justify\"><a class=\"x1i10hfl xjbqb8w x6umtig x1b1mbwd xaqea5y xav7gou x9f619 x1ypdohk xt0psk2 xe8uvvx xdj266r x11i5rnm xat24cr x1mh8g0r xexx8yu x4uap5 x18d9i69 xkhd6sd x16tdsg8 x1hl2dhg xggy1nq x1a2a7pz xt0b8zv x1fey0fg\" href=\"https:\/\/semmelweis.hu\/hirek\/2023\/05\/19\/iden-is-tucatnyi-egyetemi-kotodesu-csapat-futotta-korbe-a-balatont\/?fbclid=IwAR3eM1dFTjmCDmCIOSKu8YiNviCkBtZ8EKjcBs87q4uCgviOewoLnvG_axk\" target=\"_blank\" rel=\"nofollow noopener noreferrer\">https:\/\/semmelweis.hu\/&#8230;\/iden-is-tucatnyi-egyetemi&#8230;\/<\/a><\/div>\n<\/div>\n<div dir=\"auto\">\u00a0<\/div>\n<div dir=\"auto\"><img loading=\"lazy\" decoding=\"async\" class=\"alignnone size-medium wp-image-4432\" src=\"https:\/\/semmelweis.hu\/bokayklinika\/files\/2023\/05\/347808751_643496023773701_1838441268196272710_n-400x267.jpg\" alt=\"\" width=\"400\" height=\"267\" srcset=\"https:\/\/semmelweis.hu\/bokayklinika\/files\/2023\/05\/347808751_643496023773701_1838441268196272710_n-400x267.jpg 400w, https:\/\/semmelweis.hu\/bokayklinika\/files\/2023\/05\/347808751_643496023773701_1838441268196272710_n-1024x683.jpg 1024w, https:\/\/semmelweis.hu\/bokayklinika\/files\/2023\/05\/347808751_643496023773701_1838441268196272710_n-768x512.jpg 768w, https:\/\/semmelweis.hu\/bokayklinika\/files\/2023\/05\/347808751_643496023773701_1838441268196272710_n-1536x1024.jpg 1536w, https:\/\/semmelweis.hu\/bokayklinika\/files\/2023\/05\/347808751_643496023773701_1838441268196272710_n-753x502.jpg 753w, https:\/\/semmelweis.hu\/bokayklinika\/files\/2023\/05\/347808751_643496023773701_1838441268196272710_n-203x135.jpg 203w, https:\/\/semmelweis.hu\/bokayklinika\/files\/2023\/05\/347808751_643496023773701_1838441268196272710_n.jpg 2048w\" sizes=\"auto, (max-width: 400px) 100vw, 400px\" \/> <img loading=\"lazy\" decoding=\"async\" class=\"alignnone size-medium wp-image-4433\" src=\"https:\/\/semmelweis.hu\/bokayklinika\/files\/2023\/05\/347823895_928419921545122_5415398999610957158_n-400x300.jpg\" alt=\"\" width=\"400\" height=\"300\" srcset=\"https:\/\/semmelweis.hu\/bokayklinika\/files\/2023\/05\/347823895_928419921545122_5415398999610957158_n-400x300.jpg 400w, https:\/\/semmelweis.hu\/bokayklinika\/files\/2023\/05\/347823895_928419921545122_5415398999610957158_n-1024x768.jpg 1024w, https:\/\/semmelweis.hu\/bokayklinika\/files\/2023\/05\/347823895_928419921545122_5415398999610957158_n-768x576.jpg 768w, https:\/\/semmelweis.hu\/bokayklinika\/files\/2023\/05\/347823895_928419921545122_5415398999610957158_n-1536x1152.jpg 1536w, https:\/\/semmelweis.hu\/bokayklinika\/files\/2023\/05\/347823895_928419921545122_5415398999610957158_n-753x565.jpg 753w, https:\/\/semmelweis.hu\/bokayklinika\/files\/2023\/05\/347823895_928419921545122_5415398999610957158_n.jpg 2048w\" sizes=\"auto, (max-width: 400px) 100vw, 400px\" \/> <img loading=\"lazy\" decoding=\"async\" class=\"alignnone size-medium wp-image-4434\" src=\"https:\/\/semmelweis.hu\/bokayklinika\/files\/2023\/05\/348426884_755472289385962_4987946874946177469_n-400x267.jpg\" alt=\"\" width=\"400\" height=\"267\" srcset=\"https:\/\/semmelweis.hu\/bokayklinika\/files\/2023\/05\/348426884_755472289385962_4987946874946177469_n-400x267.jpg 400w, https:\/\/semmelweis.hu\/bokayklinika\/files\/2023\/05\/348426884_755472289385962_4987946874946177469_n-1024x683.jpg 1024w, https:\/\/semmelweis.hu\/bokayklinika\/files\/2023\/05\/348426884_755472289385962_4987946874946177469_n-768x512.jpg 768w, https:\/\/semmelweis.hu\/bokayklinika\/files\/2023\/05\/348426884_755472289385962_4987946874946177469_n-1536x1024.jpg 1536w, https:\/\/semmelweis.hu\/bokayklinika\/files\/2023\/05\/348426884_755472289385962_4987946874946177469_n-753x502.jpg 753w, https:\/\/semmelweis.hu\/bokayklinika\/files\/2023\/05\/348426884_755472289385962_4987946874946177469_n-203x135.jpg 203w, https:\/\/semmelweis.hu\/bokayklinika\/files\/2023\/05\/348426884_755472289385962_4987946874946177469_n.jpg 2048w\" sizes=\"auto, (max-width: 400px) 100vw, 400px\" \/> <img loading=\"lazy\" decoding=\"async\" class=\"alignnone size-medium wp-image-4435\" src=\"https:\/\/semmelweis.hu\/bokayklinika\/files\/2023\/05\/348427694_1462905907578300_5007536734101590548_n-400x300.jpg\" alt=\"\" width=\"400\" height=\"300\" srcset=\"https:\/\/semmelweis.hu\/bokayklinika\/files\/2023\/05\/348427694_1462905907578300_5007536734101590548_n-400x300.jpg 400w, https:\/\/semmelweis.hu\/bokayklinika\/files\/2023\/05\/348427694_1462905907578300_5007536734101590548_n-1024x768.jpg 1024w, https:\/\/semmelweis.hu\/bokayklinika\/files\/2023\/05\/348427694_1462905907578300_5007536734101590548_n-768x576.jpg 768w, https:\/\/semmelweis.hu\/bokayklinika\/files\/2023\/05\/348427694_1462905907578300_5007536734101590548_n-1536x1152.jpg 1536w, https:\/\/semmelweis.hu\/bokayklinika\/files\/2023\/05\/348427694_1462905907578300_5007536734101590548_n-753x565.jpg 753w, https:\/\/semmelweis.hu\/bokayklinika\/files\/2023\/05\/348427694_1462905907578300_5007536734101590548_n.jpg 2048w\" sizes=\"auto, (max-width: 400px) 100vw, 400px\" \/><\/div>\n","protected":false},"excerpt":{"rendered":"<p>A Balatonr\u00f3l mindekinek a f\u00fcrd\u00e9s, nyaral\u00e1s, l\u00e1ngos \u00e9s fagyi jut el\u0151sz\u00f6r esz\u00e9be. De a Balaton nem csak err\u0151l sz\u00f3l. Minden \u00e9vben megrendezik az Ultrabalaton fut\u00f3versenyt, ami sor\u00e1n csapatok \u00e9s egy\u00e9ni versenyz\u0151k is k\u00f6rbefutj\u00e1k Magyarorsz\u00e1g legnagyobb tav\u00e1t. Ez az els\u0151re k\u00e9ptelennek t\u0171n\u0151 kih\u00edv\u00e1s nagyszer\u0171 k\u00f6z\u00f6ss\u00e9gi \u00e9s sport\u00e9lm\u00e9ny. A <a class=\"x1i10hfl xjbqb8w x6umtig x1b1mbwd xaqea5y xav7gou x9f619 x1ypdohk xt0psk2 xe8uvvx xdj266r x11i5rnm xat24cr x1mh8g0r xexx8yu x4uap5 x18d9i69 xkhd6sd x16tdsg8 x1hl2dhg xggy1nq x1a2a7pz xt0b8zv x1qq9wsj xo1l8bm\" href=\"https:\/\/www.facebook.com\/gyermekklinika?__cft__[0]=AZVdYVcbyv_LWgvocdwuvqALtMavrEA64OhFJnSI5Vv55EX1548PB_U_FaYEUAhGUp3kGzQK4T9TE4_1U6ldCcAHgHkkcjUsg_xXkRGlbC71BiHIdlkvprgHrSMWQLA0OZcda-EcwINplK_B2O-OzZpJsAB35CIrBVwnNxM96qFEZM7Ihs4VLns5QieW20kHJSU&amp;__tn__=-]K-R\">B\u00f3kay Gyermekklinika<\/a> -r\u00f3l id\u00e9n is k\u00e9t csapat teljes\u00edtette a 211 &hellip;<\/p>\n","protected":false},"author":101853,"featured_media":4433,"comment_status":"closed","ping_status":"closed","sticky":false,"template":"","format":"standard","meta":{"_acf_changed":false,"footnotes":""},"categories":[1],"tags":[],"class_list":["post-4431","post","type-post","status-publish","format-standard","has-post-thumbnail","hentry","category-hirek"],"acf":[],"_links":{"self":[{"href":"https:\/\/semmelweis.hu\/bokayklinika\/wp-json\/wp\/v2\/posts\/4431","targetHints":{"allow":["GET"]}}],"collection":[{"href":"https:\/\/semmelweis.hu\/bokayklinika\/wp-json\/wp\/v2\/posts"}],"about":[{"href":"https:\/\/semmelweis.hu\/bokayklinika\/wp-json\/wp\/v2\/types\/post"}],"author":[{"embeddable":true,"href":"https:\/\/semmelweis.hu\/bokayklinika\/wp-json\/wp\/v2\/users\/101853"}],"replies":[{"embeddable":true,"href":"https:\/\/semmelweis.hu\/bokayklinika\/wp-json\/wp\/v2\/comments?post=4431"}],"version-history":[{"count":1,"href":"https:\/\/semmelweis.hu\/bokayklinika\/wp-json\/wp\/v2\/posts\/4431\/revisions"}],"predecessor-version":[{"id":4436,"href":"https:\/\/semmelweis.hu\/bokayklinika\/wp-json\/wp\/v2\/posts\/4431\/revisions\/4436"}],"wp:featuredmedia":[{"embeddable":true,"href":"https:\/\/semmelweis.hu\/bokayklinika\/wp-json\/wp\/v2\/media\/4433"}],"wp:attachment":[{"href":"https:\/\/semmelweis.hu\/bokayklinika\/wp-json\/wp\/v2\/media?parent=4431"}],"wp:term":[{"taxonomy":"category","embeddable":true,"href":"https:\/\/semmelweis.hu\/bokayklinika\/wp-json\/wp\/v2\/categories?post=4431"},{"taxonomy":"post_tag","embeddable":true,"href":"https:\/\/semmelweis.hu\/bokayklinika\/wp-json\/wp\/v2\/tags?post=4431"}],"curies":[{"name":"wp","href":"https:\/\/api.w.org\/{rel}","templated":true}]}}