{"id":4419,"date":"2023-05-09T10:03:51","date_gmt":"2023-05-09T08:03:51","guid":{"rendered":"https:\/\/semmelweis.hu\/bokayklinika\/?p=4419"},"modified":"2023-05-09T10:03:51","modified_gmt":"2023-05-09T08:03:51","slug":"bokay-akademia-xviii-resz-a-zene","status":"publish","type":"post","link":"https:\/\/semmelweis.hu\/bokayklinika\/2023\/05\/09\/bokay-akademia-xviii-resz-a-zene\/","title":{"rendered":"B\u00f3kay Akad\u00e9mia XVIII. r\u00e9sz &#8211; A Zene"},"content":{"rendered":"<div class=\"xdj266r x11i5rnm xat24cr x1mh8g0r x1vvkbs x126k92a\">\n<div dir=\"auto\">Szeretettel megh\u00edvunk minden \u00e9rdekl\u0151d\u0151t a r\u00e9gi hagyom\u00e1nyokat \u00faj technikai eszk\u00f6z\u00f6kkel feleleven\u00edt\u0151, nagy siker\u0171 B\u00f3kay Akad\u00e9mia rendezv\u00e9nysorozat k\u00f6vetkez\u0151 alkalm\u00e1ra.<\/div>\n<div dir=\"auto\">\u00a0<\/div>\n<\/div>\n<div class=\"x11i5rnm xat24cr x1mh8g0r x1vvkbs xtlvy1s x126k92a\">\n<div dir=\"auto\">A sorozat 18. r\u00e9sz\u00e9nek t\u00e9m\u00e1ja: A ZENE<\/div>\n<\/div>\n<div class=\"x11i5rnm xat24cr x1mh8g0r x1vvkbs xtlvy1s x126k92a\">\n<div dir=\"auto\">Id\u0151pont: 2023. m\u00e1jus 11-\u00e9n 16 \u00e9s 18 \u00f3ra k\u00f6z\u00f6tt<\/div>\n<\/div>\n<div class=\"x11i5rnm xat24cr x1mh8g0r x1vvkbs xtlvy1s x126k92a\">\n<div dir=\"auto\">Helysz\u00edn: 1083 Budapest, B\u00f3kay J\u00e1nos utca 54., I. em. tanterem<\/div>\n<div dir=\"auto\">Az el\u0151ad\u00e1sokat online is lehet k\u00f6vetni.<\/div>\n<\/div>\n<div class=\"x11i5rnm xat24cr x1mh8g0r x1vvkbs xtlvy1s x126k92a\">\n<div dir=\"auto\">A B\u00f3kay Akad\u00e9mia a Semmelweis Egyetem B\u00f3kay Gyermekklinik\u00e1j\u00e1nak a tov\u00e1bbk\u00e9pz\u00e9se, mely a B\u00f3kay D\u00e9lut\u00e1n \u00e9s Rezidens Szalon hagyom\u00e1nyait k\u00f6vetve az orvostudom\u00e1ny \u00e9s egy\u00e9b tudom\u00e1nyter\u00fcleti \u00e1gakat kapcsolja \u00f6ssze.<\/div>\n<\/div>\n<div class=\"x11i5rnm xat24cr x1mh8g0r x1vvkbs xtlvy1s x126k92a\">\n<div dir=\"auto\">Tov\u00e1bbi inform\u00e1ci\u00f3k: <a class=\"x1i10hfl xjbqb8w x6umtig x1b1mbwd xaqea5y xav7gou x9f619 x1ypdohk xt0psk2 xe8uvvx xdj266r x11i5rnm xat24cr x1mh8g0r xexx8yu x4uap5 x18d9i69 xkhd6sd x16tdsg8 x1hl2dhg xggy1nq x1a2a7pz xt0b8zv x1fey0fg\" href=\"https:\/\/semmelweis.hu\/bokayklinika\/oktatas\/bokay-akademia\/bokay-akademia-xviii-resz-a-zene\/?fbclid=IwAR2S78ZDAdfmLTyBEpo4VIaQJpL52kVbdTrz6CdH0h4IT_okenaN88CAhhQ\" target=\"_blank\" rel=\"nofollow noopener\">https:\/\/semmelweis.hu\/&#8230;\/bokay-akademia-xviii-resz-a-zene\/<\/a><\/div>\n<\/div>\n<div class=\"x11i5rnm xat24cr x1mh8g0r x1vvkbs xtlvy1s x126k92a\">\n<div dir=\"auto\">\u00a0<\/div>\n<\/div>\n<div class=\"x11i5rnm xat24cr x1mh8g0r x1vvkbs xtlvy1s x126k92a\">\n<div dir=\"auto\">&#8212;&#8212;&#8212;&#8212;&#8212;&#8212;&#8212;&#8212;&#8212;&#8212;&#8212;<\/div>\n<div dir=\"auto\">A B\u00f3kay Gyermekklinika Alap\u00edtv\u00e1ny az\u00e9rt dolgozik, hogy min\u00e9l biztons\u00e1gosabb k\u00f6r\u00fclm\u00e9nyeket biztos\u00edthassunk a Gyermekklinik\u00e1n gy\u00f3gyul\u00f3 kis betegeinknek.<\/div>\n<div dir=\"auto\">A te 1%-od is sokat tesz hozz\u00e1, hogy el\u00e9rj\u00fck a 100%-ot \u00e9s n\u00e9lk\u00fcl\u00f6zhetetlen, \u00e9letment\u0151 g\u00e9peket v\u00e1s\u00e1rolhassunk a B\u00f3kay Gyermekklinika sz\u00e1m\u00e1ra!<\/div>\n<div dir=\"auto\">Ha seg\u00edten\u00e9l, akkor nincs m\u00e1s dolgod, csak aj\u00e1nld fel az 1%-od, hogy a sok 1%-b\u00f3l, val\u00f3ban 100% legyen!\u00a0<\/div>\n<div dir=\"auto\">Egy kicsit a kicsiknek!\u00a0<\/div>\n<div dir=\"auto\">A B\u00f3kay Gyermekklinik\u00e1\u00e9rt K\u00f6zhaszn\u00fa Alap\u00edtv\u00e1ny ad\u00f3sz\u00e1ma: 18222432-1-42<\/div>\n<\/div>\n<div dir=\"auto\">\u00a0<\/div>\n<div dir=\"auto\"><img loading=\"lazy\" decoding=\"async\" class=\"size-medium wp-image-4410 aligncenter\" src=\"https:\/\/semmelweis.hu\/bokayklinika\/files\/2023\/05\/Bokay-Akademia-18-1_page-0001-283x400.jpg\" alt=\"\" width=\"283\" height=\"400\" srcset=\"https:\/\/semmelweis.hu\/bokayklinika\/files\/2023\/05\/Bokay-Akademia-18-1_page-0001-283x400.jpg 283w, https:\/\/semmelweis.hu\/bokayklinika\/files\/2023\/05\/Bokay-Akademia-18-1_page-0001-724x1024.jpg 724w, https:\/\/semmelweis.hu\/bokayklinika\/files\/2023\/05\/Bokay-Akademia-18-1_page-0001-768x1086.jpg 768w, https:\/\/semmelweis.hu\/bokayklinika\/files\/2023\/05\/Bokay-Akademia-18-1_page-0001-1086x1536.jpg 1086w, https:\/\/semmelweis.hu\/bokayklinika\/files\/2023\/05\/Bokay-Akademia-18-1_page-0001-753x1065.jpg 753w, https:\/\/semmelweis.hu\/bokayklinika\/files\/2023\/05\/Bokay-Akademia-18-1_page-0001.jpg 1241w\" sizes=\"auto, (max-width: 283px) 100vw, 283px\" \/><\/div>\n","protected":false},"excerpt":{"rendered":"<p>Szeretettel megh\u00edvunk minden \u00e9rdekl\u0151d\u0151t a r\u00e9gi hagyom\u00e1nyokat \u00faj technikai eszk\u00f6z\u00f6kkel feleleven\u00edt\u0151, nagy siker\u0171 B\u00f3kay Akad\u00e9mia rendezv\u00e9nysorozat k\u00f6vetkez\u0151 alkalm\u00e1ra. \u00a0 A sorozat 18. r\u00e9sz\u00e9nek t\u00e9m\u00e1ja: A ZENE Id\u0151pont: 2023. m\u00e1jus 11-\u00e9n 16 \u00e9s 18 \u00f3ra k\u00f6z\u00f6tt Helysz\u00edn: 1083 Budapest, B\u00f3kay J\u00e1nos utca 54., I. em. tanterem Az el\u0151ad\u00e1sokat online is lehet k\u00f6vetni. A B\u00f3kay Akad\u00e9mia a &hellip;<\/p>\n","protected":false},"author":101853,"featured_media":4410,"comment_status":"closed","ping_status":"closed","sticky":false,"template":"","format":"standard","meta":{"_acf_changed":false,"footnotes":""},"categories":[1],"tags":[],"class_list":["post-4419","post","type-post","status-publish","format-standard","has-post-thumbnail","hentry","category-hirek"],"acf":[],"_links":{"self":[{"href":"https:\/\/semmelweis.hu\/bokayklinika\/wp-json\/wp\/v2\/posts\/4419","targetHints":{"allow":["GET"]}}],"collection":[{"href":"https:\/\/semmelweis.hu\/bokayklinika\/wp-json\/wp\/v2\/posts"}],"about":[{"href":"https:\/\/semmelweis.hu\/bokayklinika\/wp-json\/wp\/v2\/types\/post"}],"author":[{"embeddable":true,"href":"https:\/\/semmelweis.hu\/bokayklinika\/wp-json\/wp\/v2\/users\/101853"}],"replies":[{"embeddable":true,"href":"https:\/\/semmelweis.hu\/bokayklinika\/wp-json\/wp\/v2\/comments?post=4419"}],"version-history":[{"count":1,"href":"https:\/\/semmelweis.hu\/bokayklinika\/wp-json\/wp\/v2\/posts\/4419\/revisions"}],"predecessor-version":[{"id":4420,"href":"https:\/\/semmelweis.hu\/bokayklinika\/wp-json\/wp\/v2\/posts\/4419\/revisions\/4420"}],"wp:featuredmedia":[{"embeddable":true,"href":"https:\/\/semmelweis.hu\/bokayklinika\/wp-json\/wp\/v2\/media\/4410"}],"wp:attachment":[{"href":"https:\/\/semmelweis.hu\/bokayklinika\/wp-json\/wp\/v2\/media?parent=4419"}],"wp:term":[{"taxonomy":"category","embeddable":true,"href":"https:\/\/semmelweis.hu\/bokayklinika\/wp-json\/wp\/v2\/categories?post=4419"},{"taxonomy":"post_tag","embeddable":true,"href":"https:\/\/semmelweis.hu\/bokayklinika\/wp-json\/wp\/v2\/tags?post=4419"}],"curies":[{"name":"wp","href":"https:\/\/api.w.org\/{rel}","templated":true}]}}