{"id":4414,"date":"2023-05-09T10:01:33","date_gmt":"2023-05-09T08:01:33","guid":{"rendered":"https:\/\/semmelweis.hu\/bokayklinika\/?p=4414"},"modified":"2023-05-09T10:01:33","modified_gmt":"2023-05-09T08:01:33","slug":"megujult-a-klinika-nagy-noveroltozoje","status":"publish","type":"post","link":"https:\/\/semmelweis.hu\/bokayklinika\/2023\/05\/09\/megujult-a-klinika-nagy-noveroltozoje\/","title":{"rendered":"Meg\u00fajult a Klinika nagy n\u0151v\u00e9r\u00f6lt\u00f6z\u0151je"},"content":{"rendered":"<div class=\"\" dir=\"auto\">\n<div id=\":r6:\" class=\"x1iorvi4 x1pi30zi x1l90r2v x1swvt13\" data-ad-comet-preview=\"message\" data-ad-preview=\"message\">\n<div class=\"x78zum5 xdt5ytf xz62fqu x16ldp7u\">\n<div class=\"xu06os2 x1ok221b\">\n<div class=\"xdj266r x11i5rnm xat24cr x1mh8g0r x1vvkbs x126k92a\">\n<div dir=\"auto\" style=\"text-align: justify\">\u00dajabb fejleszt\u00e9sr\u0151l sz\u00e1molhatunk be!<\/div>\n<div dir=\"auto\" style=\"text-align: justify\">\u00a0<\/div>\n<\/div>\n<div class=\"x11i5rnm xat24cr x1mh8g0r x1vvkbs xtlvy1s x126k92a\" style=\"text-align: justify\">\n<div dir=\"auto\">A B\u00f3kay Gyermekklinika Alap\u00edtv\u00e1ny k\u00f6zrem\u0171k\u00f6d\u00e9s\u00e9vel a Klinika nagy n\u0151v\u00e9r\u00f6lt\u00f6z\u0151j\u00e9nek PVC padl\u00f3zat\u00e1nak cser\u00e9je val\u00f3sult meg, valamint \u00f6sszesen 29 darab \u00faj, f\u00e9m \u00f6lt\u00f6z\u0151szekr\u00e9ny ker\u00fclt beszerz\u00e9sre, ez\u00e1ltal t\u00f6bb dolgoz\u00f3 sz\u00e1m\u00e1ra biztos\u00edtva \u00f6lt\u00f6z\u00e9si lehet\u0151s\u00e9get.\u00a0<\/div>\n<div dir=\"auto\">\u00a0<\/div>\n<\/div>\n<div class=\"x11i5rnm xat24cr x1mh8g0r x1vvkbs xtlvy1s x126k92a\" style=\"text-align: justify\">\n<div dir=\"auto\">A Gyermekklinik\u00e1n k\u00f6zel 200 csecsem\u0151- \u00e9s gyermek szak\u00e1pol\u00f3, \u00e1pol\u00f3 \u00e9s seg\u00e9d\u00e1pol\u00f3 dolgozik. Nagyon fontos szerepet t\u00f6ltenek be a betegell\u00e1t\u00e1sban, a Klinika mindennapi m\u0171k\u00f6d\u00e9s\u00e9ben. H\u00e1l\u00e1san k\u00f6sz\u00f6nj\u00fck \u00e1ldozatos munk\u00e1jukat!\u00a0<\/div>\n<div dir=\"auto\">Az \u0151 munk\u00e1jukat seg\u00edtette az Alap\u00edtv\u00e1ny a beruh\u00e1z\u00e1ssal.<\/div>\n<\/div>\n<div class=\"x11i5rnm xat24cr x1mh8g0r x1vvkbs xtlvy1s x126k92a\" style=\"text-align: justify\">\n<div dir=\"auto\">A k\u00f6zel 6,5 milli\u00f3 forint \u00f6sszeg\u0171 fel\u00faj\u00edt\u00e1s a MVM Energetikai Zrt. t\u00e1mogat\u00e1s\u00e1b\u00f3l tudott megval\u00f3sulni, amit ez\u00faton is sz\u00edvb\u0151l k\u00f6sz\u00f6n\u00fcnk dolgoz\u00f3ink nev\u00e9ben is!<\/div>\n<\/div>\n<div class=\"x11i5rnm xat24cr x1mh8g0r x1vvkbs xtlvy1s x126k92a\" style=\"text-align: justify\">\n<div dir=\"auto\">&#8212;&#8212;&#8212;&#8212;&#8212;&#8212;&#8212;&#8212;&#8212;&#8212;&#8212;<\/div>\n<div dir=\"auto\">A B\u00f3kay Gyermekklinika Alap\u00edtv\u00e1ny az\u00e9rt dolgozik, hogy min\u00e9l biztons\u00e1gosabb k\u00f6r\u00fclm\u00e9nyeket biztos\u00edthassunk a Gyermekklinik\u00e1n gy\u00f3gyul\u00f3 kis betegeinknek.<\/div>\n<\/div>\n<div class=\"x11i5rnm xat24cr x1mh8g0r x1vvkbs xtlvy1s x126k92a\" style=\"text-align: justify\">\n<div dir=\"auto\"><span class=\"x3nfvp2 x1j61x8r x1fcty0u xdj266r xhhsvwb xat24cr xgzva0m xxymvpz xlup9mm x1kky2od\"><img loading=\"lazy\" decoding=\"async\" src=\"https:\/\/static.xx.fbcdn.net\/images\/emoji.php\/v9\/tfe\/1.5\/16\/203c.png\" alt=\"\u203c\ufe0f\" width=\"16\" height=\"16\" \/><\/span> A te 1%-od is sokat tesz hozz\u00e1, hogy el\u00e9rj\u00fck a 100%-ot \u00e9s n\u00e9lk\u00fcl\u00f6zhetetlen, \u00e9letment\u0151 g\u00e9peket v\u00e1s\u00e1rolhassunk a B\u00f3kay Gyermekklinika sz\u00e1m\u00e1ra!<\/div>\n<\/div>\n<div class=\"x11i5rnm xat24cr x1mh8g0r x1vvkbs xtlvy1s x126k92a\" style=\"text-align: justify\">\n<div dir=\"auto\">Ha seg\u00edten\u00e9l, akkor nincs m\u00e1s dolgod, csak aj\u00e1nld fel az 1%-od, hogy a sok 1%-b\u00f3l, val\u00f3ban 100% legyen!\u00a0<\/div>\n<\/div>\n<div class=\"x11i5rnm xat24cr x1mh8g0r x1vvkbs xtlvy1s x126k92a\" style=\"text-align: justify\">\n<div dir=\"auto\">Egy kicsit a kicsiknek!\u00a0<\/div>\n<\/div>\n<div class=\"x11i5rnm xat24cr x1mh8g0r x1vvkbs xtlvy1s x126k92a\">\n<div dir=\"auto\" style=\"text-align: justify\">A B\u00f3kay Gyermekklinik\u00e1\u00e9rt K\u00f6zhaszn\u00fa Alap\u00edtv\u00e1ny ad\u00f3sz\u00e1ma: 18222432-1-42<\/div>\n<div dir=\"auto\">\u00a0<\/div>\n<\/div>\n<\/div>\n<\/div>\n<div dir=\"auto\"><img loading=\"lazy\" decoding=\"async\" class=\"alignnone size-medium wp-image-4415\" src=\"https:\/\/semmelweis.hu\/bokayklinika\/files\/2023\/05\/344920658_254776890255710_5485954061797507716_n-300x400.jpg\" alt=\"\" width=\"300\" height=\"400\" srcset=\"https:\/\/semmelweis.hu\/bokayklinika\/files\/2023\/05\/344920658_254776890255710_5485954061797507716_n-300x400.jpg 300w, https:\/\/semmelweis.hu\/bokayklinika\/files\/2023\/05\/344920658_254776890255710_5485954061797507716_n-768x1024.jpg 768w, https:\/\/semmelweis.hu\/bokayklinika\/files\/2023\/05\/344920658_254776890255710_5485954061797507716_n-1152x1536.jpg 1152w, https:\/\/semmelweis.hu\/bokayklinika\/files\/2023\/05\/344920658_254776890255710_5485954061797507716_n-753x1004.jpg 753w, https:\/\/semmelweis.hu\/bokayklinika\/files\/2023\/05\/344920658_254776890255710_5485954061797507716_n.jpg 1536w\" sizes=\"auto, (max-width: 300px) 100vw, 300px\" \/> <img loading=\"lazy\" decoding=\"async\" class=\"alignnone size-medium wp-image-4416\" src=\"https:\/\/semmelweis.hu\/bokayklinika\/files\/2023\/05\/344886563_3069628783182517_2796616816850453703_n-300x400.jpg\" alt=\"\" width=\"300\" height=\"400\" \/> <img loading=\"lazy\" decoding=\"async\" class=\"alignnone size-medium wp-image-4417\" src=\"https:\/\/semmelweis.hu\/bokayklinika\/files\/2023\/05\/345053340_192636233652414_1630167980628315528_n-300x400.jpg\" alt=\"\" width=\"300\" height=\"400\" srcset=\"https:\/\/semmelweis.hu\/bokayklinika\/files\/2023\/05\/345053340_192636233652414_1630167980628315528_n-300x400.jpg 300w, https:\/\/semmelweis.hu\/bokayklinika\/files\/2023\/05\/345053340_192636233652414_1630167980628315528_n-768x1024.jpg 768w, https:\/\/semmelweis.hu\/bokayklinika\/files\/2023\/05\/345053340_192636233652414_1630167980628315528_n-1152x1536.jpg 1152w, https:\/\/semmelweis.hu\/bokayklinika\/files\/2023\/05\/345053340_192636233652414_1630167980628315528_n-753x1004.jpg 753w, https:\/\/semmelweis.hu\/bokayklinika\/files\/2023\/05\/345053340_192636233652414_1630167980628315528_n.jpg 1536w\" sizes=\"auto, (max-width: 300px) 100vw, 300px\" \/><\/div>\n<\/div>\n<\/div>\n","protected":false},"excerpt":{"rendered":"<p>\u00dajabb fejleszt\u00e9sr\u0151l sz\u00e1molhatunk be! \u00a0 A B\u00f3kay Gyermekklinika Alap\u00edtv\u00e1ny k\u00f6zrem\u0171k\u00f6d\u00e9s\u00e9vel a Klinika nagy n\u0151v\u00e9r\u00f6lt\u00f6z\u0151j\u00e9nek PVC padl\u00f3zat\u00e1nak cser\u00e9je val\u00f3sult meg, valamint \u00f6sszesen 29 darab \u00faj, f\u00e9m \u00f6lt\u00f6z\u0151szekr\u00e9ny ker\u00fclt beszerz\u00e9sre, ez\u00e1ltal t\u00f6bb dolgoz\u00f3 sz\u00e1m\u00e1ra biztos\u00edtva \u00f6lt\u00f6z\u00e9si lehet\u0151s\u00e9get.\u00a0 \u00a0 A Gyermekklinik\u00e1n k\u00f6zel 200 csecsem\u0151- \u00e9s gyermek szak\u00e1pol\u00f3, \u00e1pol\u00f3 \u00e9s seg\u00e9d\u00e1pol\u00f3 dolgozik. Nagyon fontos szerepet t\u00f6ltenek be a betegell\u00e1t\u00e1sban, &hellip;<\/p>\n","protected":false},"author":101853,"featured_media":4415,"comment_status":"closed","ping_status":"closed","sticky":false,"template":"","format":"standard","meta":{"_acf_changed":false,"footnotes":""},"categories":[1],"tags":[],"class_list":["post-4414","post","type-post","status-publish","format-standard","has-post-thumbnail","hentry","category-hirek"],"acf":[],"_links":{"self":[{"href":"https:\/\/semmelweis.hu\/bokayklinika\/wp-json\/wp\/v2\/posts\/4414","targetHints":{"allow":["GET"]}}],"collection":[{"href":"https:\/\/semmelweis.hu\/bokayklinika\/wp-json\/wp\/v2\/posts"}],"about":[{"href":"https:\/\/semmelweis.hu\/bokayklinika\/wp-json\/wp\/v2\/types\/post"}],"author":[{"embeddable":true,"href":"https:\/\/semmelweis.hu\/bokayklinika\/wp-json\/wp\/v2\/users\/101853"}],"replies":[{"embeddable":true,"href":"https:\/\/semmelweis.hu\/bokayklinika\/wp-json\/wp\/v2\/comments?post=4414"}],"version-history":[{"count":1,"href":"https:\/\/semmelweis.hu\/bokayklinika\/wp-json\/wp\/v2\/posts\/4414\/revisions"}],"predecessor-version":[{"id":4418,"href":"https:\/\/semmelweis.hu\/bokayklinika\/wp-json\/wp\/v2\/posts\/4414\/revisions\/4418"}],"wp:featuredmedia":[{"embeddable":true,"href":"https:\/\/semmelweis.hu\/bokayklinika\/wp-json\/wp\/v2\/media\/4415"}],"wp:attachment":[{"href":"https:\/\/semmelweis.hu\/bokayklinika\/wp-json\/wp\/v2\/media?parent=4414"}],"wp:term":[{"taxonomy":"category","embeddable":true,"href":"https:\/\/semmelweis.hu\/bokayklinika\/wp-json\/wp\/v2\/categories?post=4414"},{"taxonomy":"post_tag","embeddable":true,"href":"https:\/\/semmelweis.hu\/bokayklinika\/wp-json\/wp\/v2\/tags?post=4414"}],"curies":[{"name":"wp","href":"https:\/\/api.w.org\/{rel}","templated":true}]}}