{"id":4293,"date":"2023-03-14T07:34:12","date_gmt":"2023-03-14T06:34:12","guid":{"rendered":"https:\/\/semmelweis.hu\/bokayklinika\/?p=4293"},"modified":"2023-03-14T07:34:12","modified_gmt":"2023-03-14T06:34:12","slug":"gyermekgyogyaszati-klinika-neven-egyesult-a-semmelweis-egyetem-ket-gyermekklinikaja","status":"publish","type":"post","link":"https:\/\/semmelweis.hu\/bokayklinika\/2023\/03\/14\/gyermekgyogyaszati-klinika-neven-egyesult-a-semmelweis-egyetem-ket-gyermekklinikaja\/","title":{"rendered":"\u201eGyermekgy\u00f3gy\u00e1szati Klinika\u201d n\u00e9ven egyes\u00fclt a Semmelweis Egyetem k\u00e9t gyermekklinik\u00e1ja"},"content":{"rendered":"<div class=\"x11i5rnm xat24cr x1mh8g0r x1vvkbs xdj266r x126k92a\">\n<div dir=\"auto\" style=\"text-align: justify\">&#8222;2023. janu\u00e1r 1-t\u0151l a Szen\u00e1tus d\u00f6nt\u00e9se \u00e9rtelm\u00e9ben az egyetem gyermekgy\u00f3gy\u00e1szati klinik\u00e1i \u201eGyermekgy\u00f3gy\u00e1szati Klinika\u201d n\u00e9ven egyes\u00fclve egy vezet\u00e9s alatt k\u00e9t r\u00e9szlegen, a B\u00f3kay utc\u00e1ban \u00e9s a T\u0171zolt\u00f3 utc\u00e1ban m\u0171k\u00f6dnek tov\u00e1bb. A T\u0171zolt\u00f3 utcai klinika beolvad\u00e1s\u00e1val l\u00e9trej\u00f6v\u0151 \u00faj int\u00e9zm\u00e9ny vezet\u0151je dr. Szab\u00f3 Attila, a kor\u00e1bbi B\u00f3kay utcai gyermekklinika vezet\u0151je, az egyetem klinikai rektorhelyettese, a Klinikai K\u00f6zpont eln\u00f6ke. Az integr\u00e1ci\u00f3 a szakmai profil tiszt\u00edt\u00e1sa mellett az er\u0151forr\u00e1sok kihaszn\u00e1l\u00e1s\u00e1nak optimaliz\u00e1l\u00e1s\u00e1t, tov\u00e1bb\u00e1 egys\u00e9ges gyermekgy\u00f3gy\u00e1szati gyakorlat kialak\u00edt\u00e1s\u00e1t c\u00e9lozza, \u00e9s a megl\u00e9v\u0151 oktat\u00e1si strukt\u00far\u00e1t nem \u00e9rinti.&#8221;<\/div>\n<div dir=\"auto\">\u00a0<\/div>\n<\/div>\n<div class=\"x11i5rnm xat24cr x1mh8g0r x1vvkbs xtlvy1s x126k92a\" style=\"text-align: justify\">\n<div dir=\"auto\"><a class=\"x1i10hfl xjbqb8w x6umtig x1b1mbwd xaqea5y xav7gou x9f619 x1ypdohk xt0psk2 xe8uvvx xdj266r x11i5rnm xat24cr x1mh8g0r xexx8yu x4uap5 x18d9i69 xkhd6sd x16tdsg8 x1hl2dhg xggy1nq x1a2a7pz xt0b8zv x1fey0fg\" href=\"https:\/\/semmelweis.hu\/hirek\/2023\/03\/13\/europa-vezeto-gyermekgyogyaszati-centrumava-valhat-az-integracioval-letrejovo-gyermekgyogyaszati-klinika\/?fbclid=IwAR1MYLstLVkil7pa8RdLDRPhmPO545ppb9u0XyCIydSR0mDvqIvd0LiPr2E\" target=\"_blank\" rel=\"nofollow noopener\">https:\/\/semmelweis.hu\/&#8230;\/europa-vezeto&#8230;\/<\/a><\/div>\n<\/div>\n<div class=\"x11i5rnm xat24cr x1mh8g0r x1vvkbs xtlvy1s x126k92a\">\n<div dir=\"auto\" style=\"text-align: justify\">\u2014\u2014\u2014\u2014\u2014\u2014\u2014\u2014\u2014\u2014<\/div>\n<div dir=\"auto\" style=\"text-align: justify\">\u201eEgy kicsit a Kicsiknek\u201d<\/div>\n<div dir=\"auto\" style=\"text-align: justify\">B\u00f3kay Gyermekklinik\u00e1\u00e9rt K\u00f6zhaszn\u00fa Alap\u00edtv\u00e1ny<\/div>\n<div dir=\"auto\" style=\"text-align: justify\"><a class=\"x1i10hfl xjbqb8w x6umtig x1b1mbwd xaqea5y xav7gou x9f619 x1ypdohk xt0psk2 xe8uvvx xdj266r x11i5rnm xat24cr x1mh8g0r xexx8yu x4uap5 x18d9i69 xkhd6sd x16tdsg8 x1hl2dhg xggy1nq x1a2a7pz xt0b8zv x1fey0fg\" href=\"https:\/\/l.facebook.com\/l.php?u=http%3A%2F%2Fbokaygyermekklinika.hu%2F%3Ffbclid%3DIwAR0Q3788HZI-QmpEbp1CqkIr025yT8HJFsZUDAsQ01qp87zOGzqjlLLqEBE&amp;h=AT0dYS2L3oVNwSTFVymZA9r-arem9VDDR5putnLGtWxRnWN_65iAgJMJ4CZQhXXbLiZFpQcB83ajtufl06Hxj-g6v8cZpDBq9O--kE8B6QoSjoZHUF_h0mRD8GMwYCCa49Uj&amp;__tn__=-UK-R&amp;c[0]=AT33ryWNPUkD_BgYcDq2IkP5MX3Cru738GCEAe3v-D1ZaLJuyF6_oIw7sHNDZlSuBVMwDykGZYmeitaOa7NNUBHpPH23meTpW15hW7bB4ct0FVwhs-UuTCyte8jdPuecvKNVqTZaJwAZ05OsZjFr8bxYVO6m4LO7ydlu7_TrUO8eIDNnOFJGynC9aaGuGjhsOQfMOou1gTaS\" target=\"_blank\" rel=\"nofollow noopener\">http:\/\/bokaygyermekklinika.hu\/<\/a><\/div>\n<div dir=\"auto\" style=\"text-align: justify\">Banksz\u00e1mlasz\u00e1m: 10403387-00031000-00000008<\/div>\n<div dir=\"auto\" style=\"text-align: justify\">Ad\u00f3sz\u00e1m: 18222432-1-42.<\/div>\n<\/div>\n<div dir=\"auto\">\u00a0<\/div>\n<div dir=\"auto\"><img loading=\"lazy\" decoding=\"async\" class=\"size-medium wp-image-4294 aligncenter\" src=\"https:\/\/semmelweis.hu\/bokayklinika\/files\/2023\/03\/4148031654593041436-400x209.jpg\" alt=\"\" width=\"400\" height=\"209\" srcset=\"https:\/\/semmelweis.hu\/bokayklinika\/files\/2023\/03\/4148031654593041436-400x209.jpg 400w, https:\/\/semmelweis.hu\/bokayklinika\/files\/2023\/03\/4148031654593041436.jpg 500w\" sizes=\"auto, (max-width: 400px) 100vw, 400px\" \/><\/div>\n","protected":false},"excerpt":{"rendered":"<p>&#8222;2023. janu\u00e1r 1-t\u0151l a Szen\u00e1tus d\u00f6nt\u00e9se \u00e9rtelm\u00e9ben az egyetem gyermekgy\u00f3gy\u00e1szati klinik\u00e1i \u201eGyermekgy\u00f3gy\u00e1szati Klinika\u201d n\u00e9ven egyes\u00fclve egy vezet\u00e9s alatt k\u00e9t r\u00e9szlegen, a B\u00f3kay utc\u00e1ban \u00e9s a T\u0171zolt\u00f3 utc\u00e1ban m\u0171k\u00f6dnek tov\u00e1bb. A T\u0171zolt\u00f3 utcai klinika beolvad\u00e1s\u00e1val l\u00e9trej\u00f6v\u0151 \u00faj int\u00e9zm\u00e9ny vezet\u0151je dr. Szab\u00f3 Attila, a kor\u00e1bbi B\u00f3kay utcai gyermekklinika vezet\u0151je, az egyetem klinikai rektorhelyettese, a Klinikai K\u00f6zpont eln\u00f6ke. &hellip;<\/p>\n","protected":false},"author":101853,"featured_media":4294,"comment_status":"closed","ping_status":"closed","sticky":false,"template":"","format":"standard","meta":{"_acf_changed":false,"footnotes":""},"categories":[1],"tags":[],"class_list":["post-4293","post","type-post","status-publish","format-standard","has-post-thumbnail","hentry","category-hirek"],"acf":[],"_links":{"self":[{"href":"https:\/\/semmelweis.hu\/bokayklinika\/wp-json\/wp\/v2\/posts\/4293","targetHints":{"allow":["GET"]}}],"collection":[{"href":"https:\/\/semmelweis.hu\/bokayklinika\/wp-json\/wp\/v2\/posts"}],"about":[{"href":"https:\/\/semmelweis.hu\/bokayklinika\/wp-json\/wp\/v2\/types\/post"}],"author":[{"embeddable":true,"href":"https:\/\/semmelweis.hu\/bokayklinika\/wp-json\/wp\/v2\/users\/101853"}],"replies":[{"embeddable":true,"href":"https:\/\/semmelweis.hu\/bokayklinika\/wp-json\/wp\/v2\/comments?post=4293"}],"version-history":[{"count":1,"href":"https:\/\/semmelweis.hu\/bokayklinika\/wp-json\/wp\/v2\/posts\/4293\/revisions"}],"predecessor-version":[{"id":4295,"href":"https:\/\/semmelweis.hu\/bokayklinika\/wp-json\/wp\/v2\/posts\/4293\/revisions\/4295"}],"wp:featuredmedia":[{"embeddable":true,"href":"https:\/\/semmelweis.hu\/bokayklinika\/wp-json\/wp\/v2\/media\/4294"}],"wp:attachment":[{"href":"https:\/\/semmelweis.hu\/bokayklinika\/wp-json\/wp\/v2\/media?parent=4293"}],"wp:term":[{"taxonomy":"category","embeddable":true,"href":"https:\/\/semmelweis.hu\/bokayklinika\/wp-json\/wp\/v2\/categories?post=4293"},{"taxonomy":"post_tag","embeddable":true,"href":"https:\/\/semmelweis.hu\/bokayklinika\/wp-json\/wp\/v2\/tags?post=4293"}],"curies":[{"name":"wp","href":"https:\/\/api.w.org\/{rel}","templated":true}]}}