{"id":4277,"date":"2023-03-08T08:29:45","date_gmt":"2023-03-08T07:29:45","guid":{"rendered":"https:\/\/semmelweis.hu\/bokayklinika\/?p=4277"},"modified":"2023-03-08T08:29:45","modified_gmt":"2023-03-08T07:29:45","slug":"elkeszult-a-bokay-gyermekklinika-okoskonyhaja","status":"publish","type":"post","link":"https:\/\/semmelweis.hu\/bokayklinika\/2023\/03\/08\/elkeszult-a-bokay-gyermekklinika-okoskonyhaja\/","title":{"rendered":"Elk\u00e9sz\u00fclt a B\u00f3kay Gyermekklinika okoskonyh\u00e1ja"},"content":{"rendered":"<div class=\"x11i5rnm xat24cr x1mh8g0r x1vvkbs xdj266r x126k92a\">\n<div dir=\"auto\" style=\"text-align: justify\">\u201eF\u0151 c\u00e9lunk, hogy a ritka velesz\u00fcletett anyagcsere-betegeknek \u00e9s csal\u00e1djaiknak seg\u00edts\u00fcnk. Ma m\u00e1r 28 f\u00e9le betegs\u00e9get sz\u0171r\u00fcnk, \u00e9s \u00e9vente t\u00f6bb mint ezer Magyarorsz\u00e1gon sz\u00fcletett, \u00e9s ezen betegs\u00e9gek valamelyik\u00e9ben \u00e9rintett feln\u0151ttet \u00e9s gyereket gondozunk a klinik\u00e1n. Az \u0151 eduk\u00e1l\u00e1sukban lesz nagyon nagy seg\u00edts\u00e9g az Okoskonyha. Itt ezent\u00fal nem csak elm\u00e9letben, hanem az otthonihoz nagyon hasonl\u00f3 k\u00f6rnyezetben, a gyakorlatban tudjuk \u0151ket oktatni, hogy min\u00e9l eg\u00e9szs\u00e9gesebben \u00e9s \u00e1llapotuknak megfelel\u0151en t\u00e1pl\u00e1lkozzanak.\u201d \u2013 eleven\u00edtette fel a gy\u0151ztes projekt legf\u0151bb c\u00e9lj\u00e1t Kiss Erika.<\/div>\n<div dir=\"auto\">\u00a0<\/div>\n<\/div>\n<div class=\"x11i5rnm xat24cr x1mh8g0r x1vvkbs xtlvy1s x126k92a\" style=\"text-align: justify\">\n<div dir=\"auto\">A <a class=\"x1i10hfl xjbqb8w x6umtig x1b1mbwd xaqea5y xav7gou x9f619 x1ypdohk xt0psk2 xe8uvvx xdj266r x11i5rnm xat24cr x1mh8g0r xexx8yu x4uap5 x18d9i69 xkhd6sd x16tdsg8 x1hl2dhg xggy1nq x1a2a7pz xt0b8zv x1qq9wsj xo1l8bm\" href=\"https:\/\/www.facebook.com\/gyermekklinika?__cft__[0]=AZUIe91Ptglf-ss4lQdIWVL1PZ9sar0Pvqk0ylKx_bzDLImPvcjv4EG2EMKwNsmBcg4LLyV3VwkO7jm1egtzzK6LpyA59h_uLH8hRRSWmjBUY1pnQM9vSaTLfTz_usX5rOf-rMwsMaJ3mqaC-v1NagKyOyOJDZdAPd9Z_LrNKCY4J68K11j6QwYqBskZkdJ6sdM&amp;__tn__=-]K-R\"><span class=\"xt0psk2\">B\u00f3kay Gyermekklinika<\/span><\/a> Okoskonyh\u00e1ja a Richter Anna D\u00edj t\u00e1mogat\u00e1s\u00e1val, \u00e9s a B\u00f3kay Gyermekklinika Alap\u00edtv\u00e1ny k\u00f6zrem\u0171k\u00f6d\u00e9s\u00e9vel tudott megval\u00f3sulni.<\/div>\n<\/div>\n<div class=\"x11i5rnm xat24cr x1mh8g0r x1vvkbs xtlvy1s x126k92a\" style=\"text-align: justify\">\n<div dir=\"auto\">\u2014\u2014\u2014\u2014\u2014\u2014\u2014\u2014\u2014\u2014<\/div>\n<div dir=\"auto\">\u201eEgy kicsit a Kicsiknek\u201d<\/div>\n<div dir=\"auto\">B\u00f3kay Gyermekklinik\u00e1\u00e9rt K\u00f6zhaszn\u00fa Alap\u00edtv\u00e1ny<\/div>\n<div dir=\"auto\"><a class=\"x1i10hfl xjbqb8w x6umtig x1b1mbwd xaqea5y xav7gou x9f619 x1ypdohk xt0psk2 xe8uvvx xdj266r x11i5rnm xat24cr x1mh8g0r xexx8yu x4uap5 x18d9i69 xkhd6sd x16tdsg8 x1hl2dhg xggy1nq x1a2a7pz xt0b8zv x1fey0fg\" href=\"https:\/\/l.facebook.com\/l.php?u=http%3A%2F%2Fbokaygyermekklinika.hu%2F%3Ffbclid%3DIwAR3zAIZ9YzqBCO8ydrw02aanplZ3I8W2y_ikZSJdxhqJO-_VdkKhGlS938g&amp;h=AT1vgFPIgUlaHHIeUdLZZr0wMwoDow1rcJmpFLdpc9rF85n0sdvA03wRj3p_53HK6wkXIC3Ut9xQRB9qfFMyFhWs2WsvSn2qlVsi8cFqC-ZT98ZkmluIkBxTIRati8R8u13y&amp;__tn__=-UK-R&amp;c[0]=AT05qyXsEujKjRWJePQ03gJQP62UTPobnGdV4Sr0MrpxnAMedUOtjPa69c1rwH47RZJq56jucxOnQjzMLCBC4xETkV_wz5mDSbmBWazarFOnMFkYjgRxfTBnK5eMnmbZBGOQvRqt0vQ_qNi1fRpwC9KjbQZUacaX-sMo3WDgK7kdiYoB11RQa0bxmrg2YeYwE19XtW6zvqEd\" target=\"_blank\" rel=\"nofollow noopener\">http:\/\/bokaygyermekklinika.hu\/<\/a><\/div>\n<div dir=\"auto\">Banksz\u00e1mlasz\u00e1m: 10403387-00031000-00000008<\/div>\n<div dir=\"auto\">Ad\u00f3sz\u00e1m: 18222432-1-42.<\/div>\n<div dir=\"auto\">\u00a0<\/div>\n<\/div>\n<div class=\"x11i5rnm xat24cr x1mh8g0r x1vvkbs xtlvy1s x126k92a\">\n<div dir=\"auto\" style=\"text-align: justify\"><a class=\"x1i10hfl xjbqb8w x6umtig x1b1mbwd xaqea5y xav7gou x9f619 x1ypdohk xt0psk2 xe8uvvx xdj266r x11i5rnm xat24cr x1mh8g0r xexx8yu x4uap5 x18d9i69 xkhd6sd x16tdsg8 x1hl2dhg xggy1nq x1a2a7pz xt0b8zv x1fey0fg\" href=\"https:\/\/semmelweis.hu\/hirek\/2023\/02\/22\/rajtra-kesz-allapotban-a-richter-anna-dijas-okoskonyha\/?fbclid=IwAR25AHLJGAxEzNNecnCu1wnQbsjyrp8S1niIJgRFVEnId8PMiB4YiFyZYgw\" target=\"_blank\" rel=\"nofollow noopener\">https:\/\/semmelweis.hu\/&#8230;\/rajtra-kesz-allapotban-a&#8230;\/<\/a><\/div>\n<\/div>\n","protected":false},"excerpt":{"rendered":"<p>\u201eF\u0151 c\u00e9lunk, hogy a ritka velesz\u00fcletett anyagcsere-betegeknek \u00e9s csal\u00e1djaiknak seg\u00edts\u00fcnk. Ma m\u00e1r 28 f\u00e9le betegs\u00e9get sz\u0171r\u00fcnk, \u00e9s \u00e9vente t\u00f6bb mint ezer Magyarorsz\u00e1gon sz\u00fcletett, \u00e9s ezen betegs\u00e9gek valamelyik\u00e9ben \u00e9rintett feln\u0151ttet \u00e9s gyereket gondozunk a klinik\u00e1n. Az \u0151 eduk\u00e1l\u00e1sukban lesz nagyon nagy seg\u00edts\u00e9g az Okoskonyha. Itt ezent\u00fal nem csak elm\u00e9letben, hanem az otthonihoz nagyon hasonl\u00f3 k\u00f6rnyezetben, a &hellip;<\/p>\n","protected":false},"author":101853,"featured_media":4278,"comment_status":"closed","ping_status":"closed","sticky":false,"template":"","format":"standard","meta":{"_acf_changed":false,"footnotes":""},"categories":[1],"tags":[],"class_list":["post-4277","post","type-post","status-publish","format-standard","has-post-thumbnail","hentry","category-hirek"],"acf":[],"_links":{"self":[{"href":"https:\/\/semmelweis.hu\/bokayklinika\/wp-json\/wp\/v2\/posts\/4277","targetHints":{"allow":["GET"]}}],"collection":[{"href":"https:\/\/semmelweis.hu\/bokayklinika\/wp-json\/wp\/v2\/posts"}],"about":[{"href":"https:\/\/semmelweis.hu\/bokayklinika\/wp-json\/wp\/v2\/types\/post"}],"author":[{"embeddable":true,"href":"https:\/\/semmelweis.hu\/bokayklinika\/wp-json\/wp\/v2\/users\/101853"}],"replies":[{"embeddable":true,"href":"https:\/\/semmelweis.hu\/bokayklinika\/wp-json\/wp\/v2\/comments?post=4277"}],"version-history":[{"count":1,"href":"https:\/\/semmelweis.hu\/bokayklinika\/wp-json\/wp\/v2\/posts\/4277\/revisions"}],"predecessor-version":[{"id":4279,"href":"https:\/\/semmelweis.hu\/bokayklinika\/wp-json\/wp\/v2\/posts\/4277\/revisions\/4279"}],"wp:featuredmedia":[{"embeddable":true,"href":"https:\/\/semmelweis.hu\/bokayklinika\/wp-json\/wp\/v2\/media\/4278"}],"wp:attachment":[{"href":"https:\/\/semmelweis.hu\/bokayklinika\/wp-json\/wp\/v2\/media?parent=4277"}],"wp:term":[{"taxonomy":"category","embeddable":true,"href":"https:\/\/semmelweis.hu\/bokayklinika\/wp-json\/wp\/v2\/categories?post=4277"},{"taxonomy":"post_tag","embeddable":true,"href":"https:\/\/semmelweis.hu\/bokayklinika\/wp-json\/wp\/v2\/tags?post=4277"}],"curies":[{"name":"wp","href":"https:\/\/api.w.org\/{rel}","templated":true}]}}