{"id":2007,"date":"2020-11-04T17:17:40","date_gmt":"2020-11-04T16:17:40","guid":{"rendered":"https:\/\/semmelweis.hu\/gyermekklinika1\/?p=2007"},"modified":"2020-11-25T09:45:59","modified_gmt":"2020-11-25T08:45:59","slug":"bokay-akademia-ii-resz-a-levego","status":"publish","type":"post","link":"https:\/\/semmelweis.hu\/bokayklinika\/2020\/11\/04\/bokay-akademia-ii-resz-a-levego\/","title":{"rendered":"B\u00f3kay Akad\u00e9mia II. r\u00e9sz &#8211; a Leveg\u0151 (2020.11.05.)"},"content":{"rendered":"<div class=\"kvgmc6g5 cxmmr5t8 oygrvhab hcukyx3x c1et5uql ii04i59q\">\n<div dir=\"auto\"><span style=\"font-size: 1rem\">Szeretettel megh\u00edvunk minden \u00e9rdekl\u0151d\u0151t a r\u00e9gi hagyom\u00e1nyokat \u00faj technikai eszk\u00f6z\u00f6kkel feleleven\u00edt\u0151, nagy siker\u0171 rendezv\u00e9nysorozat k\u00f6vetkez\u0151 alkalm\u00e1ra. A B\u00f3kay Akad\u00e9mia az I. sz. B\u00f3kay Gyermekklinika a tov\u00e1bbk\u00e9pz\u00e9se, mely a B\u00f3kay D\u00e9lut\u00e1n \u00e9s Rezidens Szalon hagyom\u00e1nyait k\u00f6vetve az orvostudom\u00e1ny \u00e9s egy\u00e9b tudom\u00e1nyter\u00fcleti \u00e1gakat kapcsolja \u00f6ssze.<\/span><\/div>\n<\/div>\n<div class=\"o9v6fnle cxmmr5t8 oygrvhab hcukyx3x c1et5uql ii04i59q\">\n<div dir=\"auto\"><strong>Id\u0151pont:<\/strong> 2020. november 5-\u00e9n 16 \u00e9s 18 \u00f3ra k\u00f6z\u00f6tt online form\u00e1ban.<\/div>\n<div dir=\"auto\">El\u00e9rhet\u0151s\u00e9g: <a class=\"oajrlxb2 g5ia77u1 qu0x051f esr5mh6w e9989ue4 r7d6kgcz rq0escxv nhd2j8a9 nc684nl6 p7hjln8o kvgmc6g5 cxmmr5t8 oygrvhab hcukyx3x jb3vyjys rz4wbd8a qt6c0cv9 a8nywdso i1ao9s8h esuyzwwr f1sip0of lzcic4wl py34i1dx gpro0wi8\" href=\"https:\/\/semmelweis.zoom.us\/j\/92289711414?fbclid=IwAR1vEaCKpH1yQLvBqgN0uqu23ZZ2Z2jqK4vsLaeMuSPsnfl3lecXQGEMJmo\" target=\"_blank\" rel=\"nofollow noopener noreferrer\">https:\/\/semmelweis.zoom.us\/j\/92289711414<\/a><\/div>\n<div dir=\"auto\">(Meeting ID: 922 8971 1414)<\/div>\n<\/div>\n<div class=\"o9v6fnle cxmmr5t8 oygrvhab hcukyx3x c1et5uql ii04i59q\">\n<div dir=\"auto\">\u00a0<\/div>\n<div dir=\"auto\"><strong>Program:<\/strong><\/div>\n<div dir=\"auto\">16:00-16:30 Prof. Szarka L\u00e1szl\u00f3 akad\u00e9mikus<\/div>\n<div dir=\"auto\">M\u00e9lyebben megismerni a term\u00e9szetet<\/div>\n<div dir=\"auto\">16:30-16:50 Dr. Benke P\u00e9ter adjunktus (D\u00e9l-pesti Centrumk\u00f3rh\u00e1z)<\/div>\n<div dir=\"auto\">L\u00e9legeztet\u00e9s a m\u00faltban. A vast\u00fcd\u0151t\u0151l \u00e9s a hintarespir\u00e1tort\u00f3l a nem invaz\u00edv l\u00e9legeztet\u00e9sig<\/div>\n<div dir=\"auto\">16:50-17:10 Dr. L\u00f3di Csaba egyetemi adjunktus<\/div>\n<div dir=\"auto\">Modern l\u00e9legeztet\u00e9si lehet\u0151s\u00e9gek napjainkban, j\u00f6v\u0151beli kil\u00e1t\u00e1sok<\/div>\n<div dir=\"auto\">17:10-17:30 Dr. Cz\u00f6vek Dorottya szakorvosjel\u00f6lt<\/div>\n<div dir=\"auto\">Otthonl\u00e9legeztet\u00e9s gyermekkorban<\/div>\n<div dir=\"auto\">17.30-18:00 Online vizsga<\/div>\n<\/div>\n<div dir=\"auto\">\u00a0<\/div>\n<div dir=\"auto\"><img loading=\"lazy\" decoding=\"async\" class=\"aligncenter wp-image-2008 size-full\" src=\"https:\/\/semmelweis.hu\/bokayklinika\/files\/2020\/11\/123140831_3795074377177472_2373318211084615294_o.jpg\" alt=\"\" width=\"526\" height=\"682\" srcset=\"https:\/\/semmelweis.hu\/bokayklinika\/files\/2020\/11\/123140831_3795074377177472_2373318211084615294_o.jpg 526w, https:\/\/semmelweis.hu\/bokayklinika\/files\/2020\/11\/123140831_3795074377177472_2373318211084615294_o-309x400.jpg 309w\" sizes=\"auto, (max-width: 526px) 100vw, 526px\" \/><\/div>\n","protected":false},"excerpt":{"rendered":"<p>Szeretettel megh\u00edvunk minden \u00e9rdekl\u0151d\u0151t a r\u00e9gi hagyom\u00e1nyokat \u00faj technikai eszk\u00f6z\u00f6kkel feleleven\u00edt\u0151, nagy siker\u0171 rendezv\u00e9nysorozat k\u00f6vetkez\u0151 alkalm\u00e1ra. A B\u00f3kay Akad\u00e9mia az I. sz. B\u00f3kay Gyermekklinika a tov\u00e1bbk\u00e9pz\u00e9se, mely a B\u00f3kay D\u00e9lut\u00e1n \u00e9s Rezidens Szalon hagyom\u00e1nyait k\u00f6vetve az orvostudom\u00e1ny \u00e9s egy\u00e9b tudom\u00e1nyter\u00fcleti \u00e1gakat kapcsolja \u00f6ssze. Id\u0151pont: 2020. november 5-\u00e9n 16 \u00e9s 18 \u00f3ra k\u00f6z\u00f6tt online form\u00e1ban. El\u00e9rhet\u0151s\u00e9g: &hellip;<\/p>\n","protected":false},"author":101739,"featured_media":2008,"comment_status":"closed","ping_status":"closed","sticky":false,"template":"","format":"standard","meta":{"_acf_changed":false,"footnotes":""},"categories":[1],"tags":[],"class_list":["post-2007","post","type-post","status-publish","format-standard","has-post-thumbnail","hentry","category-hirek"],"acf":[],"_links":{"self":[{"href":"https:\/\/semmelweis.hu\/bokayklinika\/wp-json\/wp\/v2\/posts\/2007","targetHints":{"allow":["GET"]}}],"collection":[{"href":"https:\/\/semmelweis.hu\/bokayklinika\/wp-json\/wp\/v2\/posts"}],"about":[{"href":"https:\/\/semmelweis.hu\/bokayklinika\/wp-json\/wp\/v2\/types\/post"}],"author":[{"embeddable":true,"href":"https:\/\/semmelweis.hu\/bokayklinika\/wp-json\/wp\/v2\/users\/101739"}],"replies":[{"embeddable":true,"href":"https:\/\/semmelweis.hu\/bokayklinika\/wp-json\/wp\/v2\/comments?post=2007"}],"version-history":[{"count":2,"href":"https:\/\/semmelweis.hu\/bokayklinika\/wp-json\/wp\/v2\/posts\/2007\/revisions"}],"predecessor-version":[{"id":2061,"href":"https:\/\/semmelweis.hu\/bokayklinika\/wp-json\/wp\/v2\/posts\/2007\/revisions\/2061"}],"wp:featuredmedia":[{"embeddable":true,"href":"https:\/\/semmelweis.hu\/bokayklinika\/wp-json\/wp\/v2\/media\/2008"}],"wp:attachment":[{"href":"https:\/\/semmelweis.hu\/bokayklinika\/wp-json\/wp\/v2\/media?parent=2007"}],"wp:term":[{"taxonomy":"category","embeddable":true,"href":"https:\/\/semmelweis.hu\/bokayklinika\/wp-json\/wp\/v2\/categories?post=2007"},{"taxonomy":"post_tag","embeddable":true,"href":"https:\/\/semmelweis.hu\/bokayklinika\/wp-json\/wp\/v2\/tags?post=2007"}],"curies":[{"name":"wp","href":"https:\/\/api.w.org\/{rel}","templated":true}]}}