{"id":1481,"date":"2020-08-26T13:28:10","date_gmt":"2020-08-26T11:28:10","guid":{"rendered":"https:\/\/semmelweis.hu\/gyermekklinika1\/?p=1481"},"modified":"2020-08-26T13:29:47","modified_gmt":"2020-08-26T11:29:47","slug":"bokay-egeszsegpercek-dr-szabo-miklossal","status":"publish","type":"post","link":"https:\/\/semmelweis.hu\/bokayklinika\/2020\/08\/26\/bokay-egeszsegpercek-dr-szabo-miklossal\/","title":{"rendered":"B\u00f3kay Eg\u00e9szs\u00e9gpercek podcast Dr. Szab\u00f3 Mikl\u00f3ssal"},"content":{"rendered":"<div class=\"kvgmc6g5 cxmmr5t8 oygrvhab hcukyx3x c1et5uql ii04i59q\">\n<div dir=\"auto\" style=\"text-align: justify\">A mai \u201eB\u00f3kay Eg\u00e9szs\u00e9gpercek\u201d podcast ad\u00e1s Dr. Szab\u00f3 Mikl\u00f3ssal, habilit\u00e1lt egyetemi docenssel, a Neonatol\u00f3giai Tansz\u00e9ki Csoport \u00e9s az \u00dajsz\u00fcl\u00f6tt Intenz\u00edv Oszt\u00e1ly vezet\u0151j\u00e9vel k\u00e9sz\u00fclt.<\/div>\n<\/div>\n<div class=\"o9v6fnle cxmmr5t8 oygrvhab hcukyx3x c1et5uql ii04i59q\" style=\"text-align: justify\">\n<div dir=\"auto\">Az \u00dajsz\u00fcl\u00f6tt Intenz\u00edv Oszt\u00e1ly (NIC) a K\u00f6z\u00e9p-Magyarorsz\u00e1gi R\u00e9gi\u00f3, valamint N\u00f3gr\u00e1d \u00e9s Heves megye legs\u00falyosabb beteg kora- \u00e9s \u00fajsz\u00fcl\u00f6ttjeinek \u00e9letment\u00e9s\u00e9t v\u00e9gzi.<\/div>\n<\/div>\n<div class=\"o9v6fnle cxmmr5t8 oygrvhab hcukyx3x c1et5uql ii04i59q\" style=\"text-align: justify\">\n<div dir=\"auto\">A vil\u00e1gsz\u00ednvonal\u00fa diagnosztikus eszk\u00f6z\u00f6k \u00e9s a k\u00f6zelm\u00faltban teljesen meg\u00fajult m\u0171szerpark mellett Magyarorsz\u00e1gon a legsz\u00e9lesebb konz\u00edli\u00e1riusi szakorvosi h\u00e1tt\u00e9r seg\u00edti a legs\u00falyosabb betegs\u00e9gben szenved\u0151 \u00fajsz\u00fcl\u00f6ttek gy\u00f3gy\u00edt\u00e1s\u00e1t. A NIC oszt\u00e1lyon olyan speci\u00e1lis ter\u00e1pi\u00e1k ker\u00fclnek alkalmaz\u00e1sra, mint p\u00e9ld\u00e1ul a nitrog\u00e9nmonoxid bel\u00e9legeztet\u00e9s, vagy a hypotremi\u00e1s kezel\u00e9s.<\/div>\n<\/div>\n<div class=\"o9v6fnle cxmmr5t8 oygrvhab hcukyx3x c1et5uql ii04i59q\" style=\"text-align: justify\">\n<div dir=\"auto\">Az oszt\u00e1ly magasan k\u00e9pzett neonatol\u00f3gus \u00e9s gyermekgy\u00f3gy\u00e1sz szakorvosai, valamint gyermek-intenz\u00edv ter\u00e1pi\u00e1s szakasszisztensei k\u00fcl\u00f6n\u00f6s emp\u00e1ti\u00e1val seg\u00edtik a sz\u00fcl\u0151ket, gyermek\u00fck n\u00e9ha k\u00e9nyszer\u0171en hosszas gy\u00f3gy\u00edt\u00e1sa sor\u00e1n.\u00a0<\/div>\n<\/div>\n<div class=\"o9v6fnle cxmmr5t8 oygrvhab hcukyx3x c1et5uql ii04i59q\">\n<div dir=\"auto\" style=\"text-align: justify\">A podcast el\u00e9rhet\u0151 a B\u00f3kay Gyermekklinik\u00e1\u00e9rt Alap\u00edtv\u00e1ny alap\u00edtv\u00e1ny honlapj\u00e1n, a Spotify-on, Google Podcasten, Apple podcasten \u00e9s az \u00f6sszes podcast applik\u00e1ci\u00f3n is!\u00a0<\/div>\n<div dir=\"auto\" style=\"text-align: justify\"><a class=\"oajrlxb2 g5ia77u1 qu0x051f esr5mh6w e9989ue4 r7d6kgcz rq0escxv nhd2j8a9 nc684nl6 p7hjln8o kvgmc6g5 cxmmr5t8 oygrvhab hcukyx3x jb3vyjys rz4wbd8a qt6c0cv9 a8nywdso i1ao9s8h esuyzwwr f1sip0of lzcic4wl py34i1dx gpro0wi8\" href=\"https:\/\/bokaygyermekklinika.hu\/podcast\/\" target=\"_blank\" rel=\"nofollow noopener noreferrer\">https:\/\/bokaygyermekklinika.hu\/podcast\/<\/a><\/div>\n<\/div>\n<div dir=\"auto\">\u00a0<\/div>\n<div dir=\"auto\"><img loading=\"lazy\" decoding=\"async\" class=\"aligncenter size-full wp-image-1482\" src=\"https:\/\/semmelweis.hu\/bokayklinika\/files\/2020\/08\/118339926_3572854399399472_9135233354339646347_o.png\" alt=\"\" width=\"526\" height=\"526\" srcset=\"https:\/\/semmelweis.hu\/bokayklinika\/files\/2020\/08\/118339926_3572854399399472_9135233354339646347_o.png 526w, https:\/\/semmelweis.hu\/bokayklinika\/files\/2020\/08\/118339926_3572854399399472_9135233354339646347_o-400x400.png 400w, https:\/\/semmelweis.hu\/bokayklinika\/files\/2020\/08\/118339926_3572854399399472_9135233354339646347_o-150x150.png 150w\" sizes=\"auto, (max-width: 526px) 100vw, 526px\" \/><\/div>\n","protected":false},"excerpt":{"rendered":"<p>A mai \u201eB\u00f3kay Eg\u00e9szs\u00e9gpercek\u201d podcast ad\u00e1s Dr. Szab\u00f3 Mikl\u00f3ssal, habilit\u00e1lt egyetemi docenssel, a Neonatol\u00f3giai Tansz\u00e9ki Csoport \u00e9s az \u00dajsz\u00fcl\u00f6tt Intenz\u00edv Oszt\u00e1ly vezet\u0151j\u00e9vel k\u00e9sz\u00fclt. Az \u00dajsz\u00fcl\u00f6tt Intenz\u00edv Oszt\u00e1ly (NIC) a K\u00f6z\u00e9p-Magyarorsz\u00e1gi R\u00e9gi\u00f3, valamint N\u00f3gr\u00e1d \u00e9s Heves megye legs\u00falyosabb beteg kora- \u00e9s \u00fajsz\u00fcl\u00f6ttjeinek \u00e9letment\u00e9s\u00e9t v\u00e9gzi. A vil\u00e1gsz\u00ednvonal\u00fa diagnosztikus eszk\u00f6z\u00f6k \u00e9s a k\u00f6zelm\u00faltban teljesen meg\u00fajult m\u0171szerpark mellett Magyarorsz\u00e1gon &hellip;<\/p>\n","protected":false},"author":101739,"featured_media":1482,"comment_status":"closed","ping_status":"closed","sticky":false,"template":"","format":"standard","meta":{"_acf_changed":false,"footnotes":""},"categories":[1],"tags":[],"class_list":["post-1481","post","type-post","status-publish","format-standard","has-post-thumbnail","hentry","category-hirek"],"acf":[],"_links":{"self":[{"href":"https:\/\/semmelweis.hu\/bokayklinika\/wp-json\/wp\/v2\/posts\/1481","targetHints":{"allow":["GET"]}}],"collection":[{"href":"https:\/\/semmelweis.hu\/bokayklinika\/wp-json\/wp\/v2\/posts"}],"about":[{"href":"https:\/\/semmelweis.hu\/bokayklinika\/wp-json\/wp\/v2\/types\/post"}],"author":[{"embeddable":true,"href":"https:\/\/semmelweis.hu\/bokayklinika\/wp-json\/wp\/v2\/users\/101739"}],"replies":[{"embeddable":true,"href":"https:\/\/semmelweis.hu\/bokayklinika\/wp-json\/wp\/v2\/comments?post=1481"}],"version-history":[{"count":2,"href":"https:\/\/semmelweis.hu\/bokayklinika\/wp-json\/wp\/v2\/posts\/1481\/revisions"}],"predecessor-version":[{"id":1487,"href":"https:\/\/semmelweis.hu\/bokayklinika\/wp-json\/wp\/v2\/posts\/1481\/revisions\/1487"}],"wp:featuredmedia":[{"embeddable":true,"href":"https:\/\/semmelweis.hu\/bokayklinika\/wp-json\/wp\/v2\/media\/1482"}],"wp:attachment":[{"href":"https:\/\/semmelweis.hu\/bokayklinika\/wp-json\/wp\/v2\/media?parent=1481"}],"wp:term":[{"taxonomy":"category","embeddable":true,"href":"https:\/\/semmelweis.hu\/bokayklinika\/wp-json\/wp\/v2\/categories?post=1481"},{"taxonomy":"post_tag","embeddable":true,"href":"https:\/\/semmelweis.hu\/bokayklinika\/wp-json\/wp\/v2\/tags?post=1481"}],"curies":[{"name":"wp","href":"https:\/\/api.w.org\/{rel}","templated":true}]}}