{"id":1442,"date":"2020-07-27T13:59:21","date_gmt":"2020-07-27T11:59:21","guid":{"rendered":"https:\/\/semmelweis.hu\/gyermekklinika1\/?p=1442"},"modified":"2020-07-27T14:22:57","modified_gmt":"2020-07-27T12:22:57","slug":"januar-1-jetol-a-kozgyogyellatas-reszekent-jelentos-kedvezmenyekkel-juthatnak-hozza-az-egyes-tipusu-cukorbetegek-a-szoveti-cukormeresre-szolgalo-szenzorhoz-a-gyerekek-ingyen","status":"publish","type":"post","link":"https:\/\/semmelweis.hu\/bokayklinika\/2020\/07\/27\/januar-1-jetol-a-kozgyogyellatas-reszekent-jelentos-kedvezmenyekkel-juthatnak-hozza-az-egyes-tipusu-cukorbetegek-a-szoveti-cukormeresre-szolgalo-szenzorhoz-a-gyerekek-ingyen\/","title":{"rendered":"Janu\u00e1r 1-j\u00e9t\u0151l a k\u00f6zgy\u00f3gyell\u00e1t\u00e1s r\u00e9szek\u00e9nt jelent\u0151s kedvezm\u00e9nyekkel juthatnak hozz\u00e1 az egyes t\u00edpus\u00fa cukorbetegek a sz\u00f6veti cukorm\u00e9r\u00e9sre szolg\u00e1l\u00f3 szenzorhoz, a gyerekek ingyen."},"content":{"rendered":"<div class=\"kvgmc6g5 cxmmr5t8 oygrvhab hcukyx3x c1et5uql ii04i59q\">\n<div dir=\"auto\" style=\"text-align: justify\">Janu\u00e1r 1-j\u00e9t\u0151l a k\u00f6zgy\u00f3gyell\u00e1t\u00e1s r\u00e9szek\u00e9nt jelent\u0151s kedvezm\u00e9nyekkel juthatnak hozz\u00e1 az egyes t\u00edpus\u00fa cukorbetegek a sz\u00f6veti cukorm\u00e9r\u00e9sre szolg\u00e1l\u00f3 szenzorhoz, a gyerekek ingyen; nagy is az \u00e9rdekl\u0151d\u00e9s az \u00e9letmin\u0151s\u00e9get \u00e9s az anyagcsere-folyamatokat jav\u00edt\u00f3 eszk\u00f6z ir\u00e1nt \u2013 mondta az InfoR\u00e1di\u00f3nak dr. Luczay Andrea, a <span style=\"font-size: 1rem\">I. Sz. B\u00f3kay Gyermekklinika <\/span>oszt\u00e1lyvezet\u0151 f\u0151orvosa.<\/div>\n<\/div>\n<div class=\"o9v6fnle cxmmr5t8 oygrvhab hcukyx3x c1et5uql ii04i59q\">\n<div dir=\"auto\" style=\"text-align: justify\">&#8222;A folyamatos cukormonitoroz\u00e1s l\u00e9nyege, hogy egy sz\u00f6vet k\u00f6z\u00f6tti t\u00e9rben, egy b\u0151r al\u00e1 \u00fcltetett kan\u00fcl seg\u00edts\u00e9g\u00e9vel \u00f6tpercente m\u00e9ri a beteg sz\u00f6veti cukorszintj\u00e9t. 285 m\u00e9r\u00e9st v\u00e9gez az eszk\u00f6z naponta, \u00e9s az ebb\u0151l kialakul\u00f3 \u00e9rt\u00e9ket az inzulinpumpa kijelz\u0151j\u00e9re vagy okostelefonra k\u00f6zvet\u00edti\u201d \u2013 \u00edrta le az orvos. Teh\u00e1t a beteg \u00f6tpercenk\u00e9nt \u00e9rtes\u00fclhet az \u00e1llapot\u00e1r\u00f3l.&#8221;<\/div>\n<\/div>\n<div class=\"o9v6fnle cxmmr5t8 oygrvhab hcukyx3x c1et5uql ii04i59q\">\n<div dir=\"auto\"><a class=\"oajrlxb2 g5ia77u1 qu0x051f esr5mh6w e9989ue4 r7d6kgcz rq0escxv nhd2j8a9 nc684nl6 p7hjln8o kvgmc6g5 cxmmr5t8 oygrvhab hcukyx3x jb3vyjys rz4wbd8a qt6c0cv9 a8nywdso i1ao9s8h esuyzwwr f1sip0of lzcic4wl py34i1dx gpro0wi8\" href=\"https:\/\/l.facebook.com\/l.php?u=https%3A%2F%2Finfostart.hu%2Ftudomany%2F2020%2F07%2F25%2Fvege-az-ujjbegyszurkalasnak-megvaltas-koszont-be-a-cukorbetegek-mindennapjaiban%3Ffbclid%3DIwAR0O3Zv5Hyhql58rPzd0B8CObA5yGvwNdml_GTDNdVJtNkWeVW9b7Wolg7w&amp;h=AT1REbn1ZVRnof2Mkl9Q9D8Mb_POrXY2UsdR1XWmq6KmPzCwd4aG6OWrzsB2w5JiMSabkfldfE4cDLO-fi0XNc3r8wxmknZrGr-ghA_yHrNWEZ1VxQceZrUuHBjuvXz8gNVg&amp;__tn__=-UK-R&amp;c[0]=AT1jRUJ_5I12PJZ6Pp-09mWhuNszn-l7mAHaQS4-fdnhte3olLdXEaKZrvwZdL8W-ctEnjStxct7lyA0D9Vt-kD61GZZYXthILGHm_RXH93Sf9lOOiNYN1Dd2Q5fW0PmxRjwbYYxDo1z7GYaCS8-ys2-VFR73wAHkfikvmtGlyNpUE7rDMckJAIazLPl8lI\" target=\"_blank\" rel=\"nofollow noopener noreferrer\">https:\/\/infostart.hu\/tudomany\/2020\/07\/25\/vege-az-ujjbegyszurkalasnak-megvaltas-koszont-be-a-cukorbetegek-mindennapjaiban<\/a><\/div>\n<div dir=\"auto\"><a class=\"oajrlxb2 g5ia77u1 qu0x051f esr5mh6w e9989ue4 r7d6kgcz rq0escxv nhd2j8a9 nc684nl6 p7hjln8o kvgmc6g5 cxmmr5t8 oygrvhab hcukyx3x jb3vyjys rz4wbd8a qt6c0cv9 a8nywdso i1ao9s8h esuyzwwr f1sip0of lzcic4wl py34i1dx gpro0wi8\" href=\"https:\/\/l.facebook.com\/l.php?u=https%3A%2F%2Finfostart.hu%2Ftudomany%2F2020%2F07%2F25%2Fvege-az-ujjbegyszurkalasnak-megvaltas-koszont-be-a-cukorbetegek-mindennapjaiban%3Ffbclid%3DIwAR0O3Zv5Hyhql58rPzd0B8CObA5yGvwNdml_GTDNdVJtNkWeVW9b7Wolg7w&amp;h=AT1REbn1ZVRnof2Mkl9Q9D8Mb_POrXY2UsdR1XWmq6KmPzCwd4aG6OWrzsB2w5JiMSabkfldfE4cDLO-fi0XNc3r8wxmknZrGr-ghA_yHrNWEZ1VxQceZrUuHBjuvXz8gNVg&amp;__tn__=-UK-R&amp;c[0]=AT1jRUJ_5I12PJZ6Pp-09mWhuNszn-l7mAHaQS4-fdnhte3olLdXEaKZrvwZdL8W-ctEnjStxct7lyA0D9Vt-kD61GZZYXthILGHm_RXH93Sf9lOOiNYN1Dd2Q5fW0PmxRjwbYYxDo1z7GYaCS8-ys2-VFR73wAHkfikvmtGlyNpUE7rDMckJAIazLPl8lI\" target=\"_blank\" rel=\"nofollow noopener noreferrer\"><img loading=\"lazy\" decoding=\"async\" class=\"aligncenter wp-image-1443 size-large\" src=\"https:\/\/semmelweis.hu\/bokayklinika\/files\/2020\/07\/1580757746-xbZMfFyzZ_md-1024x576.jpg\" alt=\"\" width=\"753\" height=\"424\" srcset=\"https:\/\/semmelweis.hu\/bokayklinika\/files\/2020\/07\/1580757746-xbZMfFyzZ_md-1024x576.jpg 1024w, https:\/\/semmelweis.hu\/bokayklinika\/files\/2020\/07\/1580757746-xbZMfFyzZ_md-400x225.jpg 400w, https:\/\/semmelweis.hu\/bokayklinika\/files\/2020\/07\/1580757746-xbZMfFyzZ_md-768x432.jpg 768w, https:\/\/semmelweis.hu\/bokayklinika\/files\/2020\/07\/1580757746-xbZMfFyzZ_md-753x424.jpg 753w, https:\/\/semmelweis.hu\/bokayklinika\/files\/2020\/07\/1580757746-xbZMfFyzZ_md.jpg 1200w\" sizes=\"auto, (max-width: 753px) 100vw, 753px\" \/><\/a><\/div>\n<\/div>\n","protected":false},"excerpt":{"rendered":"<p>Janu\u00e1r 1-j\u00e9t\u0151l a k\u00f6zgy\u00f3gyell\u00e1t\u00e1s r\u00e9szek\u00e9nt jelent\u0151s kedvezm\u00e9nyekkel juthatnak hozz\u00e1 az egyes t\u00edpus\u00fa cukorbetegek a sz\u00f6veti cukorm\u00e9r\u00e9sre szolg\u00e1l\u00f3 szenzorhoz, a gyerekek ingyen; nagy is az \u00e9rdekl\u0151d\u00e9s az \u00e9letmin\u0151s\u00e9get \u00e9s az anyagcsere-folyamatokat jav\u00edt\u00f3 eszk\u00f6z ir\u00e1nt \u2013 mondta az InfoR\u00e1di\u00f3nak dr. Luczay Andrea, a I. Sz. B\u00f3kay Gyermekklinika oszt\u00e1lyvezet\u0151 f\u0151orvosa. &#8222;A folyamatos cukormonitoroz\u00e1s l\u00e9nyege, hogy egy sz\u00f6vet k\u00f6z\u00f6tti &hellip;<\/p>\n","protected":false},"author":101739,"featured_media":1443,"comment_status":"closed","ping_status":"closed","sticky":false,"template":"","format":"standard","meta":{"_acf_changed":false,"footnotes":""},"categories":[1],"tags":[],"class_list":["post-1442","post","type-post","status-publish","format-standard","has-post-thumbnail","hentry","category-hirek"],"acf":[],"_links":{"self":[{"href":"https:\/\/semmelweis.hu\/bokayklinika\/wp-json\/wp\/v2\/posts\/1442","targetHints":{"allow":["GET"]}}],"collection":[{"href":"https:\/\/semmelweis.hu\/bokayklinika\/wp-json\/wp\/v2\/posts"}],"about":[{"href":"https:\/\/semmelweis.hu\/bokayklinika\/wp-json\/wp\/v2\/types\/post"}],"author":[{"embeddable":true,"href":"https:\/\/semmelweis.hu\/bokayklinika\/wp-json\/wp\/v2\/users\/101739"}],"replies":[{"embeddable":true,"href":"https:\/\/semmelweis.hu\/bokayklinika\/wp-json\/wp\/v2\/comments?post=1442"}],"version-history":[{"count":2,"href":"https:\/\/semmelweis.hu\/bokayklinika\/wp-json\/wp\/v2\/posts\/1442\/revisions"}],"predecessor-version":[{"id":1445,"href":"https:\/\/semmelweis.hu\/bokayklinika\/wp-json\/wp\/v2\/posts\/1442\/revisions\/1445"}],"wp:featuredmedia":[{"embeddable":true,"href":"https:\/\/semmelweis.hu\/bokayklinika\/wp-json\/wp\/v2\/media\/1443"}],"wp:attachment":[{"href":"https:\/\/semmelweis.hu\/bokayklinika\/wp-json\/wp\/v2\/media?parent=1442"}],"wp:term":[{"taxonomy":"category","embeddable":true,"href":"https:\/\/semmelweis.hu\/bokayklinika\/wp-json\/wp\/v2\/categories?post=1442"},{"taxonomy":"post_tag","embeddable":true,"href":"https:\/\/semmelweis.hu\/bokayklinika\/wp-json\/wp\/v2\/tags?post=1442"}],"curies":[{"name":"wp","href":"https:\/\/api.w.org\/{rel}","templated":true}]}}