{"id":8523,"date":"2026-08-25T09:43:24","date_gmt":"2026-08-25T07:43:24","guid":{"rendered":"https:\/\/semmelweis.hu\/bokay\/?p=8523"},"modified":"2026-08-25T09:43:24","modified_gmt":"2026-08-25T07:43:24","slug":"tartalmas-szakmai-gyakorlaton-vettek-reszt-egeszsegugyi-tanuloink","status":"publish","type":"post","link":"https:\/\/semmelweis.hu\/bokay\/2026\/08\/25\/tartalmas-szakmai-gyakorlaton-vettek-reszt-egeszsegugyi-tanuloink\/","title":{"rendered":"Tartalmas szakmai gyakorlaton vettek r\u00e9szt eg\u00e9szs\u00e9g\u00fcgyi tanul\u00f3ink"},"content":{"rendered":"<p class=\"western\" align=\"left\"><span style=\"font-size: medium\">2026. j\u00fanius 16. \u00e9s j\u00fanius 29. k\u00f6z\u00f6tt zajlott a 10.A, 10.C \u00e9s 10.F eg\u00e9szs\u00e9g\u00fcgyi oszt\u00e1lyok egybef\u00fcgg\u0151 szakmai gyakorlata, amelynek sor\u00e1n tanul\u00f3ink sz\u00e1mos eg\u00e9szs\u00e9g\u00fcgyi int\u00e9zm\u00e9nyben, szakmai programon \u00e9s interakt\u00edv foglalkoz\u00e1son b\u0151v\u00edthett\u00e9k ismereteiket.<\/span><\/p>\n<h3 class=\"western\"><span style=\"font-family: Calibri, sans-serif\"><span style=\"font-size: medium\">Helysz\u00edneink<\/span><\/span><\/h3>\n<p class=\"western\"><span style=\"font-size: medium\">A k\u00e9thetes szakmai program sor\u00e1n di\u00e1kjaink az al\u00e1bbi eg\u00e9szs\u00e9g\u00fcgyi \u00e9s szoci\u00e1lis int\u00e9zm\u00e9nyekbe l\u00e1togattak el:<\/span><\/p>\n<ul>\n<li>\n<p class=\"western\"><strong><span style=\"font-size: medium\">MESZK Orient\u00e1ci\u00f3s Nap<\/span><\/strong><\/p>\n<\/li>\n<li>\n<p class=\"western\"><strong><span style=\"font-size: medium\">Semmelweis Egyetem Traumatol\u00f3giai Klinik\u00e1ja<\/span><\/strong><\/p>\n<\/li>\n<li>\n<p class=\"western\"><strong><span style=\"font-size: medium\">\u00dajbudai Id\u0151sek H\u00e1za<\/span><\/strong><\/p>\n<\/li>\n<li>\n<p class=\"western\"><strong><span style=\"font-size: medium\">Orsz\u00e1gos Kor\u00e1nyi Pulmonol\u00f3giai Int\u00e9zet<\/span><\/strong><\/p>\n<\/li>\n<li>\n<p class=\"western\"><strong><span style=\"font-size: medium\">Ment\u0151m\u00fazeum<\/span><\/strong><\/p>\n<\/li>\n<\/ul>\n<p class=\"western\" style=\"text-align: center\" align=\"left\"><span style=\"font-size: medium\"><strong><span style=\"color: #bf0041\"><i><u>A gyakorlat di\u00e1kjaink szem\u00e9vel:<\/u><\/i><\/span><\/strong><\/span><\/p>\n<h2 class=\"western\"><span style=\"font-size: medium\"><span style=\"font-family: Calibri, sans-serif\">\u201eItt szeretn\u00e9k a j\u00f6v\u0151ben elhelyezkedni\u201d<\/span><\/span><\/h2>\n<p class=\"western\"><span style=\"font-size: medium\">\u201eA traumatol\u00f3gia volt sz\u00e1momra a legjobb napunk. K\u00fcl\u00f6n\u00f6sen nagy \u00e9lm\u00e9nyt jelentett, hogy egy cs\u00edp\u0151prot\u00e9zis-be\u00fcltet\u00e9st is megfigyelhett\u00fcnk, valamint a beteg\u00e1gy mellett is jelen lehett\u00fcnk. Ez az \u00e9lm\u00e9ny m\u00e9g ink\u00e1bb meger\u0151s\u00edtett abban, hogy a j\u00f6v\u0151ben ezen a ter\u00fcleten szeretn\u00e9k elhelyezkedni.<\/span><\/p>\n<h2 class=\"western\"><span style=\"font-size: medium\"><span style=\"font-family: Calibri, sans-serif\">\u201eAhhoz k\u00e9pest, hogy nem \u00e9rdekel<\/span><span style=\"font-family: Calibri, sans-serif\">t eddig <\/span><span style=\"font-family: Calibri, sans-serif\">ez a ter\u00fclet, leny\u0171g\u00f6z\u0151 volt\u201d<\/span><\/span><\/h2>\n<p class=\"western\"><span style=\"font-size: medium\">\u201eA traumatol\u00f3gia alapvet\u0151en nem az a ter\u00fclet, amely k\u00fcl\u00f6n\u00f6sebben \u00e9rdekel, m\u00e9gis leny\u0171g\u00f6z\u0151 volt, amit l\u00e1thattunk. Az elm\u00falt k\u00e9t h\u00e9t alatt nagyon sokat tanultam, rengeteg \u00fajdons\u00e1ggal tal\u00e1lkoztam. A m\u0171t\u00e9t megfigyel\u00e9se csod\u00e1latos betekint\u00e9st ny\u00fajtott a szakm\u00e1ba. A rengeteg k\u00e9rd\u00e9semre mindig k\u00e9szs\u00e9ges \u00e9s \u00f6r\u00f6mteli v\u00e1laszokat kaptam.<\/span><\/p>\n<h2 class=\"western\"><span style=\"font-size: medium\"><span style=\"font-family: Calibri, sans-serif\">\u201e\u00c9letre sz\u00f3l\u00f3 szakmai \u00e9lm\u00e9nyeket szereztem\u201d<\/span><\/span><\/h2>\n<p class=\"western\"><span style=\"font-size: medium\">\u201e\u00d6sszess\u00e9g\u00e9ben nagyon eml\u00e9kezetes \u00e9s izgalmas k\u00e9t h\u00e9t volt. \u00c9letre sz\u00f3l\u00f3 szakmai \u00e9lm\u00e9nyekkel \u00e9s rengeteg \u00faj tud\u00e1ssal gazdagodtam.\u201d<\/span><\/p>\n<h2 class=\"western\"><span style=\"font-family: Calibri, sans-serif\"><span style=\"font-size: medium\">Fog\u00e1szati el\u0151ad\u00e1s \u2013 egy kis \u00f6szt\u00f6nz\u00e9s a mindennapokra<\/span><\/span><\/h2>\n<p class=\"western\"><span style=\"font-size: medium\">\u201eCs\u00fct\u00f6rt\u00f6k\u00f6n fog\u00e1szati el\u0151ad\u00e1son vett\u00fcnk r\u00e9szt az iskol\u00e1ban. Az el\u0151ad\u00e1s sor\u00e1n sok hasznos inform\u00e1ci\u00f3t kaptunk a megfelel\u0151 sz\u00e1j\u00e1pol\u00e1sr\u00f3l, t\u00f6bbek k\u00f6z\u00f6tt arr\u00f3l is, hogy az elektromos fogkefe milyen el\u0151ny\u00f6kkel rendelkezik a manu\u00e1lis fogkef\u00e9hez k\u00e9pest.<\/span><\/p>\n<p class=\"western\"><span style=\"font-size: medium\">Az el\u0151ad\u00e1s olyan meggy\u0151z\u0151 volt sz\u00e1momra, hogy m\u00e9g aznap d\u00e9lut\u00e1n meg is rendeltem egy elektromos fogkef\u00e9t.\u201d<\/span><\/p>\n<p class=\"western\" style=\"text-align: center\"><span style=\"font-size: medium;color: #ff00ff\"><i><b>\u201eSz\u00e1munkra az eg\u00e9szs\u00e9g\u00fcgy a mi p\u00e1ly\u00e1nk. \u00cdgy vagy \u00fagy, de itt a hely\u00fcnk!&#8221;<\/p>\n<p><img loading=\"lazy\" decoding=\"async\" class=\"alignnone size-medium wp-image-8524\" src=\"https:\/\/semmelweis.hu\/bokay\/files\/2026\/08\/Gyakorlat-2026-junius-266x400.jpg\" alt=\"\" width=\"266\" height=\"400\" srcset=\"https:\/\/semmelweis.hu\/bokay\/files\/2026\/08\/Gyakorlat-2026-junius-266x400.jpg 266w, https:\/\/semmelweis.hu\/bokay\/files\/2026\/08\/Gyakorlat-2026-junius.jpg 333w\" sizes=\"auto, (max-width: 266px) 100vw, 266px\" \/><br \/>\n<\/b><\/i><\/span><\/p>\n<p class=\"western\">\n","protected":false},"excerpt":{"rendered":"<p>2026. j\u00fanius 16. \u00e9s j\u00fanius 29. k\u00f6z\u00f6tt zajlott a 10.A, 10.C \u00e9s 10.F eg\u00e9szs\u00e9g\u00fcgyi oszt\u00e1lyok egybef\u00fcgg\u0151 szakmai gyakorlata, amelynek sor\u00e1n tanul\u00f3ink sz\u00e1mos eg\u00e9szs\u00e9g\u00fcgyi int\u00e9zm\u00e9nyben, szakmai programon \u00e9s interakt\u00edv foglalkoz\u00e1son b\u0151v\u00edthett\u00e9k ismereteiket. Helysz\u00edneink A k\u00e9thetes szakmai program sor\u00e1n di\u00e1kjaink az al\u00e1bbi eg\u00e9szs\u00e9g\u00fcgyi \u00e9s szoci\u00e1lis int\u00e9zm\u00e9nyekbe l\u00e1togattak el: MESZK Orient\u00e1ci\u00f3s Nap Semmelweis Egyetem Traumatol\u00f3giai Klinik\u00e1ja \u00dajbudai Id\u0151sek &hellip;<\/p>\n","protected":false},"author":102430,"featured_media":8524,"comment_status":"closed","ping_status":"closed","sticky":false,"template":"","format":"standard","meta":{"_acf_changed":false,"footnotes":""},"categories":[1],"tags":[],"class_list":["post-8523","post","type-post","status-publish","format-standard","has-post-thumbnail","hentry","category-hirek"],"acf":[],"_links":{"self":[{"href":"https:\/\/semmelweis.hu\/bokay\/wp-json\/wp\/v2\/posts\/8523","targetHints":{"allow":["GET"]}}],"collection":[{"href":"https:\/\/semmelweis.hu\/bokay\/wp-json\/wp\/v2\/posts"}],"about":[{"href":"https:\/\/semmelweis.hu\/bokay\/wp-json\/wp\/v2\/types\/post"}],"author":[{"embeddable":true,"href":"https:\/\/semmelweis.hu\/bokay\/wp-json\/wp\/v2\/users\/102430"}],"replies":[{"embeddable":true,"href":"https:\/\/semmelweis.hu\/bokay\/wp-json\/wp\/v2\/comments?post=8523"}],"version-history":[{"count":1,"href":"https:\/\/semmelweis.hu\/bokay\/wp-json\/wp\/v2\/posts\/8523\/revisions"}],"predecessor-version":[{"id":8525,"href":"https:\/\/semmelweis.hu\/bokay\/wp-json\/wp\/v2\/posts\/8523\/revisions\/8525"}],"wp:featuredmedia":[{"embeddable":true,"href":"https:\/\/semmelweis.hu\/bokay\/wp-json\/wp\/v2\/media\/8524"}],"wp:attachment":[{"href":"https:\/\/semmelweis.hu\/bokay\/wp-json\/wp\/v2\/media?parent=8523"}],"wp:term":[{"taxonomy":"category","embeddable":true,"href":"https:\/\/semmelweis.hu\/bokay\/wp-json\/wp\/v2\/categories?post=8523"},{"taxonomy":"post_tag","embeddable":true,"href":"https:\/\/semmelweis.hu\/bokay\/wp-json\/wp\/v2\/tags?post=8523"}],"curies":[{"name":"wp","href":"https:\/\/api.w.org\/{rel}","templated":true}]}}