{"id":8448,"date":"2026-08-26T13:00:47","date_gmt":"2026-08-26T11:00:47","guid":{"rendered":"https:\/\/semmelweis.hu\/bokay\/?p=8448"},"modified":"2026-08-26T12:49:02","modified_gmt":"2026-08-26T10:49:02","slug":"csibenap","status":"publish","type":"post","link":"https:\/\/semmelweis.hu\/bokay\/2026\/08\/26\/csibenap\/","title":{"rendered":"Csibenap"},"content":{"rendered":"<p align=\"left\"><span style=\"color: #1e2326\"><span style=\"font-family: PT serif, serif\"><span style=\"font-size: large\">Kedves leend\u0151 9. \u00e9vfolyamos Di\u00e1kok, kedves Sz\u00fcl\u0151k!<br \/>\n<\/span><\/span><\/span><br \/>\n<span style=\"color: #1e2326\"><span style=\"font-family: PT serif, serif\"><span style=\"font-size: large\">202<\/span><\/span><\/span><span style=\"color: #1e2326\"><span style=\"font-family: PT serif, serif\"><span style=\"font-size: large\">6<\/span><\/span><\/span><span style=\"color: #1e2326\"><span style=\"font-family: PT serif, serif\"><span style=\"font-size: large\">. augusztus 2<\/span><\/span><\/span><span style=\"color: #1e2326\"><span style=\"font-family: PT serif, serif\"><span style=\"font-size: large\">8<\/span><\/span><\/span><span style=\"color: #1e2326\"><span style=\"font-family: PT serif, serif\"><span style=\"font-size: large\">&#8211;<\/span><\/span><\/span><span style=\"color: #1e2326\"><span style=\"font-family: PT serif, serif\"><span style=\"font-size: large\">\u00e1<\/span><\/span><\/span><span style=\"color: #1e2326\"><span style=\"font-family: PT serif, serif\"><span style=\"font-size: large\">n <\/span><\/span><\/span><span style=\"color: #1e2326\"><span style=\"font-family: PT serif, serif\"><span style=\"font-size: large\">10<\/span><\/span><\/span><span style=\"color: #1e2326\"><span style=\"font-family: PT serif, serif\"><span style=\"font-size: large\"> \u00f3r\u00e1t\u00f3l Csibenapot tartunk, ahol a bej\u00f6v\u0151 oszt\u00e1lyok di\u00e1kjai megismerkedhetnek az iskola \u00e9p\u00fclet\u00e9vel, oszt\u00e1lyt\u00e1rsaikkal \u00e9s az oszt\u00e1lyf\u0151n\u00f6k\u00f6kkel.<br \/>\n<\/span><\/span><\/span><br \/>\n<span style=\"color: #1e2326\"><span style=\"font-family: PT serif, serif\"><span style=\"font-size: large\">A programmal \u00e9s helysz\u00ednnel kapcsolatban hamarosan b\u0151vebb t\u00e1j\u00e9koztat\u00e1st k\u00fcldenek a leend\u0151 oszt\u00e1lyf\u0151n\u00f6k\u00f6k!<\/p>\n<p><\/span><\/span><\/span>A <strong>Csibenapon lehet\u0151s\u00e9getek lesz \u00e1tvenni a tank\u00f6nyveiteket<\/strong>, ez\u00e9rt k\u00e9r\u00fcnk Benneteket, hogy <strong>hozzatok magatokkal egy nagyobb t\u00e1sk\u00e1t<\/strong>, amiben k\u00e9nyelmesen haza tudj\u00e1tok vinni a k\u00f6nyveket. \ud83d\udcda\ud83c\udf92<\/p>\n<p>K\u00f6sz\u00f6nj\u00fck, \u00e9s v\u00e1runk Benneteket szeretettel a Csibenapon! \ud83d\ude0a<\/p>\n<p align=\"left\">\u00a0<\/p>\n<p><img loading=\"lazy\" decoding=\"async\" class=\"alignnone size-medium wp-image-8449\" src=\"https:\/\/semmelweis.hu\/bokay\/files\/2026\/06\/Csibenap-400x267.jpg\" alt=\"\" width=\"400\" height=\"267\" srcset=\"https:\/\/semmelweis.hu\/bokay\/files\/2026\/06\/Csibenap-400x267.jpg 400w, https:\/\/semmelweis.hu\/bokay\/files\/2026\/06\/Csibenap-203x135.jpg 203w, https:\/\/semmelweis.hu\/bokay\/files\/2026\/06\/Csibenap.jpg 750w\" sizes=\"auto, (max-width: 400px) 100vw, 400px\" \/><\/p>\n","protected":false},"excerpt":{"rendered":"<p>Kedves leend\u0151 9. \u00e9vfolyamos Di\u00e1kok, kedves Sz\u00fcl\u0151k! 2026. augusztus 28&#8211;\u00e1n 10 \u00f3r\u00e1t\u00f3l Csibenapot tartunk, ahol a bej\u00f6v\u0151 oszt\u00e1lyok di\u00e1kjai megismerkedhetnek az iskola \u00e9p\u00fclet\u00e9vel, oszt\u00e1lyt\u00e1rsaikkal \u00e9s az oszt\u00e1lyf\u0151n\u00f6k\u00f6kkel. A programmal \u00e9s helysz\u00ednnel kapcsolatban hamarosan b\u0151vebb t\u00e1j\u00e9koztat\u00e1st k\u00fcldenek a leend\u0151 oszt\u00e1lyf\u0151n\u00f6k\u00f6k! A Csibenapon lehet\u0151s\u00e9getek lesz \u00e1tvenni a tank\u00f6nyveiteket, ez\u00e9rt k\u00e9r\u00fcnk Benneteket, hogy hozzatok magatokkal egy nagyobb t\u00e1sk\u00e1t, &hellip;<\/p>\n","protected":false},"author":102430,"featured_media":8449,"comment_status":"closed","ping_status":"closed","sticky":false,"template":"","format":"standard","meta":{"_acf_changed":false,"footnotes":""},"categories":[1],"tags":[],"class_list":["post-8448","post","type-post","status-publish","format-standard","has-post-thumbnail","hentry","category-hirek"],"acf":[],"_links":{"self":[{"href":"https:\/\/semmelweis.hu\/bokay\/wp-json\/wp\/v2\/posts\/8448","targetHints":{"allow":["GET"]}}],"collection":[{"href":"https:\/\/semmelweis.hu\/bokay\/wp-json\/wp\/v2\/posts"}],"about":[{"href":"https:\/\/semmelweis.hu\/bokay\/wp-json\/wp\/v2\/types\/post"}],"author":[{"embeddable":true,"href":"https:\/\/semmelweis.hu\/bokay\/wp-json\/wp\/v2\/users\/102430"}],"replies":[{"embeddable":true,"href":"https:\/\/semmelweis.hu\/bokay\/wp-json\/wp\/v2\/comments?post=8448"}],"version-history":[{"count":4,"href":"https:\/\/semmelweis.hu\/bokay\/wp-json\/wp\/v2\/posts\/8448\/revisions"}],"predecessor-version":[{"id":8528,"href":"https:\/\/semmelweis.hu\/bokay\/wp-json\/wp\/v2\/posts\/8448\/revisions\/8528"}],"wp:featuredmedia":[{"embeddable":true,"href":"https:\/\/semmelweis.hu\/bokay\/wp-json\/wp\/v2\/media\/8449"}],"wp:attachment":[{"href":"https:\/\/semmelweis.hu\/bokay\/wp-json\/wp\/v2\/media?parent=8448"}],"wp:term":[{"taxonomy":"category","embeddable":true,"href":"https:\/\/semmelweis.hu\/bokay\/wp-json\/wp\/v2\/categories?post=8448"},{"taxonomy":"post_tag","embeddable":true,"href":"https:\/\/semmelweis.hu\/bokay\/wp-json\/wp\/v2\/tags?post=8448"}],"curies":[{"name":"wp","href":"https:\/\/api.w.org\/{rel}","templated":true}]}}