{"id":7946,"date":"2026-05-01T13:32:51","date_gmt":"2026-05-01T11:32:51","guid":{"rendered":"https:\/\/semmelweis.hu\/bokay\/?p=7946"},"modified":"2026-05-01T13:32:51","modified_gmt":"2026-05-01T11:32:51","slug":"ezusterem-a-ringben-suto-sara-orszagos-sikere","status":"publish","type":"post","link":"https:\/\/semmelweis.hu\/bokay\/2026\/05\/01\/ezusterem-a-ringben-suto-sara-orszagos-sikere\/","title":{"rendered":"Ez\u00fcst\u00e9rem a ringben: S\u00fct\u0151 S\u00e1ra orsz\u00e1gos sikere"},"content":{"rendered":"<p><span style=\"color: #1f1f1f\"><span style=\"font-family: Google Sans Text, sans-serif\">B\u00fcszkes\u00e9ggel t\u00f6lt el minket, hogy iskol\u00e1nk tanul\u00f3i nemcsak a padsorokban, hanem a sportp\u00e1ly\u00e1kon is kiemelked\u0151 teljes\u00edtm\u00e9nyt ny\u00fajtanak. Ez\u00fattal <b>S\u00fct\u0151 S\u00e1ra (9.A)<\/b> hozott haza egy csillog\u00f3 kup\u00e1t \u00e9s egy \u00e9rt\u00e9kes oklevelet!<\/span><\/span><\/p>\n<p><span style=\"color: #1f1f1f\"><span style=\"font-family: Google Sans Text, sans-serif\">S\u00e1ra az <b>International Combat Organisation (ICO)<\/b> \u00e1ltal szervezett <b>Kick-Box Ny\u00edlt Orsz\u00e1gos Bajnoks\u00e1gon<\/b> m\u00e9rettette meg mag\u00e1t a k\u00f6zelm\u00faltban. A versenyen a k\u00fczd\u0151sportok egyik legtechnik\u00e1sabb \u00e1g\u00e1ban, a <b>K-1 Light<\/b> szab\u00e1lyrendszerben \u00e1llt ki a megm\u00e9rettet\u00e9sre.<\/span><\/span><\/p>\n<p><span style=\"color: #1f1f1f\"><span style=\"font-family: Google Sans Text, sans-serif\"><br \/>\n<\/span><\/span><span style=\"color: #1f1f1f\"><span style=\"font-family: Google Sans Text, sans-serif\">A 16\u201318 \u00e9ves koroszt\u00e1ly -47 kg-os s\u00falycsoportj\u00e1ban S\u00e1ra a\u00a0 d\u00f6nt\u0151ben az el\u0151kel\u0151 <b>2. helyez\u00e9st<\/b> szerezte meg.<\/span><\/span><span style=\"color: #1f1f1f\"><span style=\"font-family: Google Sans Text, sans-serif\"><br \/>\n<\/span><\/span><\/p>\n<p><span style=\"color: #1f1f1f\"><span style=\"font-family: Google Sans Text, sans-serif\"><b>Sz\u00edvb\u0151l gratul\u00e1lunk S\u00e1r\u00e1nak az eredm\u00e9nyhez, \u00e9s tov\u00e1bbi sportsikereket k\u00edv\u00e1nunk neki!<\/p>\n<p><img loading=\"lazy\" decoding=\"async\" class=\"alignnone size-medium wp-image-7947\" src=\"https:\/\/semmelweis.hu\/bokay\/files\/2026\/05\/Suto-Sara-Hanna-400x229.jpg\" alt=\"\" width=\"400\" height=\"229\" srcset=\"https:\/\/semmelweis.hu\/bokay\/files\/2026\/05\/Suto-Sara-Hanna-400x229.jpg 400w, https:\/\/semmelweis.hu\/bokay\/files\/2026\/05\/Suto-Sara-Hanna-1024x585.jpg 1024w, https:\/\/semmelweis.hu\/bokay\/files\/2026\/05\/Suto-Sara-Hanna-768x439.jpg 768w, https:\/\/semmelweis.hu\/bokay\/files\/2026\/05\/Suto-Sara-Hanna-753x430.jpg 753w, https:\/\/semmelweis.hu\/bokay\/files\/2026\/05\/Suto-Sara-Hanna.jpg 1080w\" sizes=\"auto, (max-width: 400px) 100vw, 400px\" \/><br \/>\n<\/b><\/span><\/span><\/p>\n<p><span style=\"color: #1f1f1f\"><span style=\"font-family: Google Sans Text, sans-serif\">\u00a0<\/span><\/span><\/p>\n","protected":false},"excerpt":{"rendered":"<p>B\u00fcszkes\u00e9ggel t\u00f6lt el minket, hogy iskol\u00e1nk tanul\u00f3i nemcsak a padsorokban, hanem a sportp\u00e1ly\u00e1kon is kiemelked\u0151 teljes\u00edtm\u00e9nyt ny\u00fajtanak. Ez\u00fattal S\u00fct\u0151 S\u00e1ra (9.A) hozott haza egy csillog\u00f3 kup\u00e1t \u00e9s egy \u00e9rt\u00e9kes oklevelet! S\u00e1ra az International Combat Organisation (ICO) \u00e1ltal szervezett Kick-Box Ny\u00edlt Orsz\u00e1gos Bajnoks\u00e1gon m\u00e9rettette meg mag\u00e1t a k\u00f6zelm\u00faltban. A versenyen a k\u00fczd\u0151sportok egyik legtechnik\u00e1sabb \u00e1g\u00e1ban, a &hellip;<\/p>\n","protected":false},"author":102430,"featured_media":7947,"comment_status":"closed","ping_status":"closed","sticky":false,"template":"","format":"standard","meta":{"_acf_changed":false,"footnotes":""},"categories":[1],"tags":[],"class_list":["post-7946","post","type-post","status-publish","format-standard","has-post-thumbnail","hentry","category-hirek"],"acf":[],"_links":{"self":[{"href":"https:\/\/semmelweis.hu\/bokay\/wp-json\/wp\/v2\/posts\/7946","targetHints":{"allow":["GET"]}}],"collection":[{"href":"https:\/\/semmelweis.hu\/bokay\/wp-json\/wp\/v2\/posts"}],"about":[{"href":"https:\/\/semmelweis.hu\/bokay\/wp-json\/wp\/v2\/types\/post"}],"author":[{"embeddable":true,"href":"https:\/\/semmelweis.hu\/bokay\/wp-json\/wp\/v2\/users\/102430"}],"replies":[{"embeddable":true,"href":"https:\/\/semmelweis.hu\/bokay\/wp-json\/wp\/v2\/comments?post=7946"}],"version-history":[{"count":1,"href":"https:\/\/semmelweis.hu\/bokay\/wp-json\/wp\/v2\/posts\/7946\/revisions"}],"predecessor-version":[{"id":7948,"href":"https:\/\/semmelweis.hu\/bokay\/wp-json\/wp\/v2\/posts\/7946\/revisions\/7948"}],"wp:featuredmedia":[{"embeddable":true,"href":"https:\/\/semmelweis.hu\/bokay\/wp-json\/wp\/v2\/media\/7947"}],"wp:attachment":[{"href":"https:\/\/semmelweis.hu\/bokay\/wp-json\/wp\/v2\/media?parent=7946"}],"wp:term":[{"taxonomy":"category","embeddable":true,"href":"https:\/\/semmelweis.hu\/bokay\/wp-json\/wp\/v2\/categories?post=7946"},{"taxonomy":"post_tag","embeddable":true,"href":"https:\/\/semmelweis.hu\/bokay\/wp-json\/wp\/v2\/tags?post=7946"}],"curies":[{"name":"wp","href":"https:\/\/api.w.org\/{rel}","templated":true}]}}