{"id":8195,"date":"2024-02-12T15:55:00","date_gmt":"2024-02-12T14:55:00","guid":{"rendered":"https:\/\/semmelweis.hu\/boe\/?p=8195"},"modified":"2024-02-12T15:55:00","modified_gmt":"2024-02-12T14:55:00","slug":"ujraindult-112-hz-podcast-sorozatunk","status":"publish","type":"post","link":"https:\/\/semmelweis.hu\/boe\/2024\/02\/12\/ujraindult-112-hz-podcast-sorozatunk\/","title":{"rendered":"\u00dajraindult 112 Hz podcast sorozatunk!"},"content":{"rendered":"<p>&nbsp;<\/p>\n<p style=\"text-align: justify\"><span style=\"font-size: 12pt\">A 112 Hz n\u00e9ven fut\u00f3 podcast sorozatunk r\u00f6vid jellemz\u00e9se: Eg\u00e9szs\u00e9gr\u0151l. Hitelesen. <\/span><\/p>\n<p style=\"text-align: justify\"><span style=\"font-size: 12pt\">A Budapesti Orvostanhallgat\u00f3k Egyes\u00fclet\u00e9nek podcast m\u0171sora, mellyel szeretn\u00e9nk az orvostudom\u00e1nyt k\u00f6zelebb hozni az emberekhez. Olyan emberekkel besz\u00e9lget\u00fcnk, akik \u00e9rdekes k\u00e9rd\u00e9seken kereszt\u00fcl mutatj\u00e1k be szakter\u00fclet\u00fcket, ahhoz kapcsol\u00f3d\u00f3 esem\u00e9nyeket, \u00e9s oszlatj\u00e1k el a t\u00e9vhiteket. Elhozzuk a leginnovat\u00edvabb hazai kutat\u00e1sokat \u00e9s projekteket, amiket a hallgat\u00f3k \u00e9rdekl\u0151d\u00e9s\u00e9re szabva mutatunk be.<\/span><\/p>\n<p style=\"text-align: justify\"><span style=\"font-size: 12pt\">Most egy kis sz\u00fcnet ut\u00e1n \u00faj ad\u00e1ssal \u00e9rkezt\u00fcnk, ami m\u00e1r el\u00e9rhet\u0151 <a href=\"https:\/\/podcasters.spotify.com\/pod\/show\/budapestmedicalstudents\/episodes\/Semmelweis-Egszsgverseny-beszlgets-Csrg-Terkval-e2fit2v\/a-aauqhqq\">Spotifyon<\/a> \u00e9s <a href=\"https:\/\/www.youtube.com\/watch?feature=shared&amp;fbclid=IwAR3A3uXOXm4zo6-rcHHSEh3IG0unBr6hJbs94pNqZqPixdGoY9-Mi-GZ_6I&amp;v=l-_O-wGj6IQ\">YouTube-on<\/a> is!<\/span><\/p>\n<p style=\"text-align: justify\"><span style=\"font-size: 12pt\">A leg\u00fajabb ad\u00e1sban a Semmelweis Eg\u00e9szs\u00e9gversenyr\u0151l besz\u00e9lget\u00fcnk a IX. EV f\u0151szervez\u0151j\u00e9vel, Cs\u00f6rg\u0151 Terk\u00e1val.\u00a0<\/span><\/p>\n<p style=\"text-align: justify\"><span style=\"font-size: 12pt\">\u00c9s hogy mi az a Semmelweis Eg\u00e9szs\u00e9gverseny (EV), amib\u0151l az idei m\u00e1r a IX. verseny, s amin egy d\u00f6nt\u0151s helyez\u00e9s felv\u00e9teli pontot \u00e9r a Semmelweis Egyetemre? Hogyan \u00e9s kik szervezik ezt a versenyt? Mi(k)b\u0151l \u00e9p\u00fcl fel, miket kell teljes\u00edtenie az indul\u00f3knak? Ez mind kider\u00fcl a 112 Hz ad\u00e1s\u00e1b\u00f3l!<\/span><\/p>\n","protected":false},"excerpt":{"rendered":"<p>&nbsp; A 112 Hz n\u00e9ven fut\u00f3 podcast sorozatunk r\u00f6vid jellemz\u00e9se: Eg\u00e9szs\u00e9gr\u0151l. Hitelesen. A Budapesti Orvostanhallgat\u00f3k Egyes\u00fclet\u00e9nek podcast m\u0171sora, mellyel szeretn\u00e9nk az orvostudom\u00e1nyt k\u00f6zelebb hozni az emberekhez. Olyan emberekkel besz\u00e9lget\u00fcnk, akik \u00e9rdekes k\u00e9rd\u00e9seken kereszt\u00fcl mutatj\u00e1k be szakter\u00fclet\u00fcket, ahhoz kapcsol\u00f3d\u00f3 esem\u00e9nyeket, \u00e9s oszlatj\u00e1k el a t\u00e9vhiteket. Elhozzuk a leginnovat\u00edvabb hazai kutat\u00e1sokat \u00e9s projekteket, amiket a hallgat\u00f3k \u00e9rdekl\u0151d\u00e9s\u00e9re &hellip;<\/p>\n","protected":false},"author":102314,"featured_media":8196,"comment_status":"closed","ping_status":"closed","sticky":false,"template":"","format":"standard","meta":{"_acf_changed":false,"footnotes":""},"categories":[322,388,2],"tags":[],"class_list":["post-8195","post","type-post","status-publish","format-standard","has-post-thumbnail","hentry","category-egyeb-hu","category-blog","category-hirek"],"acf":[],"_links":{"self":[{"href":"https:\/\/semmelweis.hu\/boe\/wp-json\/wp\/v2\/posts\/8195","targetHints":{"allow":["GET"]}}],"collection":[{"href":"https:\/\/semmelweis.hu\/boe\/wp-json\/wp\/v2\/posts"}],"about":[{"href":"https:\/\/semmelweis.hu\/boe\/wp-json\/wp\/v2\/types\/post"}],"author":[{"embeddable":true,"href":"https:\/\/semmelweis.hu\/boe\/wp-json\/wp\/v2\/users\/102314"}],"replies":[{"embeddable":true,"href":"https:\/\/semmelweis.hu\/boe\/wp-json\/wp\/v2\/comments?post=8195"}],"version-history":[{"count":1,"href":"https:\/\/semmelweis.hu\/boe\/wp-json\/wp\/v2\/posts\/8195\/revisions"}],"predecessor-version":[{"id":8197,"href":"https:\/\/semmelweis.hu\/boe\/wp-json\/wp\/v2\/posts\/8195\/revisions\/8197"}],"wp:featuredmedia":[{"embeddable":true,"href":"https:\/\/semmelweis.hu\/boe\/wp-json\/wp\/v2\/media\/8196"}],"wp:attachment":[{"href":"https:\/\/semmelweis.hu\/boe\/wp-json\/wp\/v2\/media?parent=8195"}],"wp:term":[{"taxonomy":"category","embeddable":true,"href":"https:\/\/semmelweis.hu\/boe\/wp-json\/wp\/v2\/categories?post=8195"},{"taxonomy":"post_tag","embeddable":true,"href":"https:\/\/semmelweis.hu\/boe\/wp-json\/wp\/v2\/tags?post=8195"}],"curies":[{"name":"wp","href":"https:\/\/api.w.org\/{rel}","templated":true}]}}