{"id":9962,"date":"2023-12-11T08:09:17","date_gmt":"2023-12-11T07:09:17","guid":{"rendered":"https:\/\/semmelweis.hu\/bioinformatika\/?p=9962"},"modified":"2023-12-12T15:52:11","modified_gmt":"2023-12-12T14:52:11","slug":"megerkezett-az-1000-beteg-mintaja-tanszekunk-onkobank-laboratoriumaba","status":"publish","type":"post","link":"https:\/\/semmelweis.hu\/bioinformatika\/megerkezett-az-1000-beteg-mintaja-tanszekunk-onkobank-laboratoriumaba\/","title":{"rendered":"Meg\u00e9rkezett az 1000. beteg mint\u00e1ja Tansz\u00e9k\u00fcnk OnkoBank laborat\u00f3rium\u00e1ba"},"content":{"rendered":"<p><img loading=\"lazy\" decoding=\"async\" class=\"size-full wp-image-9964 alignleft\" src=\"https:\/\/semmelweis.hu\/bioinformatika\/files\/2023\/12\/Aida-az-Onkobankban_260_312.jpg\" alt=\"\" width=\"260\" height=\"312\" \/>Az ut\u00f3bbi \u00e9vtizedeket a biobankok aranykorak\u00e9nt emlegeti a t\u00e1rsadalom. Maga a \u201ebiobank\u201d kifejez\u00e9s az 1990-es \u00e9vek v\u00e9g\u00e9n megjelen\u0151 fogalom, amely els\u0151sorban\u00a0 az emberi biol\u00f3giai anyagok, valamint a hozz\u00e1juk kapcsol\u00f3d\u00f3 inform\u00e1ci\u00f3k szervezett gy\u0171jtem\u00e9ny\u00e9re utal, melyet egy vagy t\u00f6bb kutat\u00e1s c\u00e9lj\u00e1b\u00f3l hoznak l\u00e9tre.<\/p>\n<p>Az OnkoBank a Semmelweis Egyetem Bioinformatika Tansz\u00e9ke \u00e1ltal koordin\u00e1lt biobank, amely 15 magyar, valamint egy k\u00fclf\u00f6ldi int\u00e9zm\u00e9ny r\u00e9szv\u00e9tel\u00e9vel val\u00f3sul meg. C\u00e9lunk, hogy a rosszindulat\u00fa tumoros megbeteged\u00e9sben szenved\u0151 betegekt\u0151l levett sz\u00f6vet- \u00e9s v\u00e9rmint\u00e1kat felhaszn\u00e1lva \u00faj, az adott betegs\u00e9gekre jellemz\u0151 biomarkereket kutassunk. 2023. december 05-\u00e9n \u00fajabb m\u00e9rf\u00f6ldk\u0151h\u00f6z jutottunk el, meg\u00e9rkezett az 1000. beteg mint\u00e1ja az OnkoBank laborat\u00f3rium\u00e1ba, amellyel imm\u00e1ron t\u00f6bb, mint 7000 alminta tal\u00e1lhat\u00f3 meg az adatb\u00e1zisunkban<\/p>\n","protected":false},"excerpt":{"rendered":"<p>Az ut\u00f3bbi \u00e9vtizedeket a biobankok aranykorak\u00e9nt emlegeti a t\u00e1rsadalom. Maga a \u201ebiobank\u201d kifejez\u00e9s az 1990-es \u00e9vek v\u00e9g\u00e9n megjelen\u0151 fogalom, amely els\u0151sorban\u00a0 az emberi biol\u00f3giai anyagok, valamint a hozz\u00e1juk kapcsol\u00f3d\u00f3 inform\u00e1ci\u00f3k szervezett gy\u0171jtem\u00e9ny\u00e9re utal, melyet egy vagy t\u00f6bb kutat\u00e1s c\u00e9lj\u00e1b\u00f3l hoznak l\u00e9tre. Az OnkoBank a Semmelweis Egyetem Bioinformatika Tansz\u00e9ke \u00e1ltal koordin\u00e1lt biobank, amely 15 magyar, valamint &hellip;<\/p>\n","protected":false},"author":102018,"featured_media":9970,"comment_status":"closed","ping_status":"closed","sticky":false,"template":"","format":"standard","meta":{"_acf_changed":false,"footnotes":""},"categories":[2],"tags":[],"class_list":["post-9962","post","type-post","status-publish","format-standard","has-post-thumbnail","hentry","category-hirek"],"acf":[],"_links":{"self":[{"href":"https:\/\/semmelweis.hu\/bioinformatika\/wp-json\/wp\/v2\/posts\/9962","targetHints":{"allow":["GET"]}}],"collection":[{"href":"https:\/\/semmelweis.hu\/bioinformatika\/wp-json\/wp\/v2\/posts"}],"about":[{"href":"https:\/\/semmelweis.hu\/bioinformatika\/wp-json\/wp\/v2\/types\/post"}],"author":[{"embeddable":true,"href":"https:\/\/semmelweis.hu\/bioinformatika\/wp-json\/wp\/v2\/users\/102018"}],"replies":[{"embeddable":true,"href":"https:\/\/semmelweis.hu\/bioinformatika\/wp-json\/wp\/v2\/comments?post=9962"}],"version-history":[{"count":1,"href":"https:\/\/semmelweis.hu\/bioinformatika\/wp-json\/wp\/v2\/posts\/9962\/revisions"}],"predecessor-version":[{"id":9965,"href":"https:\/\/semmelweis.hu\/bioinformatika\/wp-json\/wp\/v2\/posts\/9962\/revisions\/9965"}],"wp:featuredmedia":[{"embeddable":true,"href":"https:\/\/semmelweis.hu\/bioinformatika\/wp-json\/wp\/v2\/media\/9970"}],"wp:attachment":[{"href":"https:\/\/semmelweis.hu\/bioinformatika\/wp-json\/wp\/v2\/media?parent=9962"}],"wp:term":[{"taxonomy":"category","embeddable":true,"href":"https:\/\/semmelweis.hu\/bioinformatika\/wp-json\/wp\/v2\/categories?post=9962"},{"taxonomy":"post_tag","embeddable":true,"href":"https:\/\/semmelweis.hu\/bioinformatika\/wp-json\/wp\/v2\/tags?post=9962"}],"curies":[{"name":"wp","href":"https:\/\/api.w.org\/{rel}","templated":true}]}}