{"id":9950,"date":"2023-12-04T08:01:56","date_gmt":"2023-12-04T07:01:56","guid":{"rendered":"https:\/\/semmelweis.hu\/bioinformatika\/?p=9950"},"modified":"2023-12-04T09:08:39","modified_gmt":"2023-12-04T08:08:39","slug":"dr-menyhart-otilia-tanszekunk-munkatarsa-vehette-at-iden-a-hugonnai-vilma-emlekermet-es-jutalomdijat","status":"publish","type":"post","link":"https:\/\/semmelweis.hu\/bioinformatika\/dr-menyhart-otilia-tanszekunk-munkatarsa-vehette-at-iden-a-hugonnai-vilma-emlekermet-es-jutalomdijat\/","title":{"rendered":"Dr. Menyh\u00e1rt Ot\u00edlia, tansz\u00e9k\u00fcnk munkat\u00e1rsa vehette \u00e1t id\u00e9n a Hugonnai Vilma eml\u00e9k\u00e9rmet \u00e9s jutalomd\u00edjat"},"content":{"rendered":"<div dir=\"ltr\">\n<div style=\"text-align: left\">\n<figure id=\"attachment_6535\" aria-describedby=\"caption-attachment-6535\" style=\"width: 261px\" class=\"wp-caption alignleft\"><img loading=\"lazy\" decoding=\"async\" class=\"size-full wp-image-6535\" src=\"https:\/\/semmelweis.hu\/bioinformatika\/files\/2020\/01\/oti-e1580824333921.jpg\" alt=\"\" width=\"261\" height=\"363\" \/><figcaption id=\"caption-attachment-6535\" class=\"wp-caption-text\">tudom\u00e1nyos munkat\u00e1rs<\/figcaption><\/figure><br \/>\n<span style=\"color: #1e2326;font-family: 'PT serif',serif;font-size: 20px\">Tudom\u00e1nyos elismer\u00e9sben r\u00e9szes\u00fclt tansz\u00e9k\u00fcnk munkat\u00e1rsa, dr. Menyh\u00e1rt Ot\u00edlia, aki november 23-\u00e1n vehette \u00e1t a <\/span><span style=\"color: #1e2326;font-family: 'PT serif',serif;font-size: 20px\">Hugonnai Vilma eml\u00e9k\u00e9rmet \u00e9s jutalomd\u00edjat, mellyel minden \u00e9vben egy fiatal orvos-vagy kutat\u00f3n\u0151 r\u00e9sz\u00e9re adom\u00e1nyoz a Semmelweis Egyetem szen\u00e1tusa. Menyhart Ot\u00edlia a rosszindulat\u00fa daganatos megbeteged\u00e9sek genetikai elv\u00e1ltoz\u00e1sainak bioinformatikai elemz\u00e9s\u00e9vel \u00e9s valid\u00e1ci\u00f3j\u00e1val foglalkozik. Munk\u00e1ja kiterjed a daganatos megbeteged\u00e9sek biol\u00f3gi\u00e1j\u00e1nak sz\u00e9les k\u00f6r\u00e9re, bele\u00e9rtve a progn\u00f3zissal, ter\u00e1pi\u00e1s c\u00e9lpontokkal \u00e9s rezisztenci\u00e1val kapcsolatos g\u00e9nexpresszi\u00f3s vizsg\u00e1latokat.<\/span><\/div>\n<\/div>\n","protected":false},"excerpt":{"rendered":"<p>Tudom\u00e1nyos elismer\u00e9sben r\u00e9szes\u00fclt tansz\u00e9k\u00fcnk munkat\u00e1rsa, dr. Menyh\u00e1rt Ot\u00edlia, aki november 23-\u00e1n vehette \u00e1t a Hugonnai Vilma eml\u00e9k\u00e9rmet \u00e9s jutalomd\u00edjat, mellyel minden \u00e9vben egy fiatal orvos-vagy kutat\u00f3n\u0151 r\u00e9sz\u00e9re adom\u00e1nyoz a Semmelweis Egyetem szen\u00e1tusa. Menyhart Ot\u00edlia a rosszindulat\u00fa daganatos megbeteged\u00e9sek genetikai elv\u00e1ltoz\u00e1sainak bioinformatikai elemz\u00e9s\u00e9vel \u00e9s valid\u00e1ci\u00f3j\u00e1val foglalkozik. Munk\u00e1ja kiterjed a daganatos megbeteged\u00e9sek biol\u00f3gi\u00e1j\u00e1nak sz\u00e9les k\u00f6r\u00e9re, bele\u00e9rtve a &hellip;<\/p>\n","protected":false},"author":102018,"featured_media":9952,"comment_status":"closed","ping_status":"closed","sticky":false,"template":"","format":"standard","meta":{"_acf_changed":false,"footnotes":""},"categories":[2],"tags":[],"class_list":["post-9950","post","type-post","status-publish","format-standard","has-post-thumbnail","hentry","category-hirek"],"acf":[],"_links":{"self":[{"href":"https:\/\/semmelweis.hu\/bioinformatika\/wp-json\/wp\/v2\/posts\/9950","targetHints":{"allow":["GET"]}}],"collection":[{"href":"https:\/\/semmelweis.hu\/bioinformatika\/wp-json\/wp\/v2\/posts"}],"about":[{"href":"https:\/\/semmelweis.hu\/bioinformatika\/wp-json\/wp\/v2\/types\/post"}],"author":[{"embeddable":true,"href":"https:\/\/semmelweis.hu\/bioinformatika\/wp-json\/wp\/v2\/users\/102018"}],"replies":[{"embeddable":true,"href":"https:\/\/semmelweis.hu\/bioinformatika\/wp-json\/wp\/v2\/comments?post=9950"}],"version-history":[{"count":3,"href":"https:\/\/semmelweis.hu\/bioinformatika\/wp-json\/wp\/v2\/posts\/9950\/revisions"}],"predecessor-version":[{"id":9954,"href":"https:\/\/semmelweis.hu\/bioinformatika\/wp-json\/wp\/v2\/posts\/9950\/revisions\/9954"}],"wp:featuredmedia":[{"embeddable":true,"href":"https:\/\/semmelweis.hu\/bioinformatika\/wp-json\/wp\/v2\/media\/9952"}],"wp:attachment":[{"href":"https:\/\/semmelweis.hu\/bioinformatika\/wp-json\/wp\/v2\/media?parent=9950"}],"wp:term":[{"taxonomy":"category","embeddable":true,"href":"https:\/\/semmelweis.hu\/bioinformatika\/wp-json\/wp\/v2\/categories?post=9950"},{"taxonomy":"post_tag","embeddable":true,"href":"https:\/\/semmelweis.hu\/bioinformatika\/wp-json\/wp\/v2\/tags?post=9950"}],"curies":[{"name":"wp","href":"https:\/\/api.w.org\/{rel}","templated":true}]}}